{"id":303092,"date":"2025-12-23T10:51:10","date_gmt":"2025-12-23T10:51:10","guid":{"rendered":"https:\/\/www.europesays.com\/es\/303092\/"},"modified":"2025-12-23T10:51:10","modified_gmt":"2025-12-23T10:51:10","slug":"el-centro-de-atencion-diurna-para-la-ela-de-la-comunidad-de-madrid-reconocido-por-su-compromiso-con-la-humanizacion","status":"publish","type":"post","link":"https:\/\/www.europesays.com\/es\/303092\/","title":{"rendered":"El Centro de Atenci\u00f3n Diurna para la ELA de la Comunidad de Madrid, reconocido por su compromiso con la humanizaci\u00f3n"},"content":{"rendered":"<p>El Centro de Atenci\u00f3n Diurna para Pacientes con Esclerosis Lateral Amiotr\u00f3fica (CEADELA) de la Comunidad de Madrid ha recibido hoy la Certificaci\u00f3n de la Fundaci\u00f3n Humans, en la que colaboran por profesionales sanitarios multidisciplinares, pacientes y organizaciones del \u00e1mbito sociosanitario. La directora general de Coordinaci\u00f3n Sociosanitaria, Carmen Gonz\u00e1lez, ha recogido esta semana el reconocimiento al Hospital p\u00fablico Enfermera Isabel Zendal por el compromiso del CEADELA con la humanizaci\u00f3n, tanto asistencial como en sus instalaciones<\/p>\n","protected":false},"excerpt":{"rendered":"El Centro de Atenci\u00f3n Diurna para Pacientes con Esclerosis Lateral Amiotr\u00f3fica (CEADELA) de la Comunidad de Madrid ha&hellip;\n","protected":false},"author":2,"featured_media":303093,"comment_status":"","ping_status":"","sticky":false,"template":"","format":"standard","meta":{"footnotes":""},"categories":[5],"tags":[17,18,25,24,13,14,11,19,20,9,10,15,16,23,12,21,22],"class_list":{"0":"post-303092","1":"post","2":"type-post","3":"status-publish","4":"format-standard","5":"has-post-thumbnail","7":"category-titulares","8":"tag-breaking-news","9":"tag-breakingnews","10":"tag-es","11":"tag-espana","12":"tag-featured-news","13":"tag-featurednews","14":"tag-headlines","15":"tag-latest-news","16":"tag-latestnews","17":"tag-news","18":"tag-noticias","19":"tag-noticias-destacadas","20":"tag-noticiasdestacadas","21":"tag-spain","22":"tag-titulares","23":"tag-ultimas-noticias","24":"tag-ultimasnoticias"},"share_on_mastodon":{"url":"https:\/\/pubeurope.com\/@es\/115768504047226048","error":""},"_links":{"self":[{"href":"https:\/\/www.europesays.com\/es\/wp-json\/wp\/v2\/posts\/303092","targetHints":{"allow":["GET"]}}],"collection":[{"href":"https:\/\/www.europesays.com\/es\/wp-json\/wp\/v2\/posts"}],"about":[{"href":"https:\/\/www.europesays.com\/es\/wp-json\/wp\/v2\/types\/post"}],"author":[{"embeddable":true,"href":"https:\/\/www.europesays.com\/es\/wp-json\/wp\/v2\/users\/2"}],"replies":[{"embeddable":true,"href":"https:\/\/www.europesays.com\/es\/wp-json\/wp\/v2\/comments?post=303092"}],"version-history":[{"count":0,"href":"https:\/\/www.europesays.com\/es\/wp-json\/wp\/v2\/posts\/303092\/revisions"}],"wp:featuredmedia":[{"embeddable":true,"href":"https:\/\/www.europesays.com\/es\/wp-json\/wp\/v2\/media\/303093"}],"wp:attachment":[{"href":"https:\/\/www.europesays.com\/es\/wp-json\/wp\/v2\/media?parent=303092"}],"wp:term":[{"taxonomy":"category","embeddable":true,"href":"https:\/\/www.europesays.com\/es\/wp-json\/wp\/v2\/categories?post=303092"},{"taxonomy":"post_tag","embeddable":true,"href":"https:\/\/www.europesays.com\/es\/wp-json\/wp\/v2\/tags?post=303092"}],"curies":[{"name":"wp","href":"https:\/\/api.w.org\/{rel}","templated":true}]}}