{"id":303100,"date":"2025-12-23T11:00:16","date_gmt":"2025-12-23T11:00:16","guid":{"rendered":"https:\/\/www.europesays.com\/es\/303100\/"},"modified":"2025-12-23T11:00:16","modified_gmt":"2025-12-23T11:00:16","slug":"espanyol-lo-mejor-y-lo-peor-del-partido","status":"publish","type":"post","link":"https:\/\/www.europesays.com\/es\/303100\/","title":{"rendered":"Espanyol | Lo mejor y lo peor del partido"},"content":{"rendered":"<p>\n        <strong>El Athletic encaden\u00f3 una<\/strong><a href=\"https:\/\/www.deia.eus\/athletic\/2025\/12\/22\/directo-athletic-espanyol-10505047.html\" title=\"segunda derrota consecutiva\" class=\"link copy\" rel=\"nofollow noopener\" target=\"_blank\"><strong> segunda derrota consecutiva<\/strong><\/a><strong> por tercera vez esta liga <\/strong>y lo hizo en un cierre de a\u00f1o frustrante a manos de un Espanyol que supo sacar tajada de sus contadas oportunidades de gol y sacar petr\u00f3leo de los errores del conjunto rojiblanco en las dos \u00e1reas y que retrata de nuevo la irregularidad del colectivo de Ernesto Valverde, al que no le funcionaron sus retoques en el sistema.\n<\/p>\n<p>  Lo mejor: El olfato de gol que recupera Berenguer y primeras se\u00f1ales de Sancet<\/p>\n<p class=\"article-body__text \">\n        <strong>Al Athletic le costar\u00e1 horrores digerir la derrota de anoche ante el Espanyol, <\/strong>que se distancia un mundo en la tabla de los leones, a los que saca nada m\u00e1s y nada menos que diez puntos y con un partido menos en su haber. Ver para creer. Lo cierto es que tambi\u00e9n <strong>cuesta sacar cosas positivas de una derrota que duele en el entorno athleticzale,<\/strong> que no sale de su despiste respecto a un equipo al que no se le acaba de coger la matr\u00edcula a causa de esa bipolaridad que muestra este curso y que le penaliza a la hora de creer en una fiabilidad, que asoma a cuenta gotas.\n<\/p>\n<blockquote class=\"twitter-tweet\" data-lang=\"es\" wp_automatic_readability=\"5.4626865671642\">\n<p lang=\"es\" dir=\"ltr\">\ud83d\udc3e Toca seguir hacia delante \u270a<\/p>\n<p>Gracias por vuestro apoyo. Elkarrekin, aurrera!<a href=\"https:\/\/twitter.com\/hashtag\/AthleticEspanyol?src=hash&amp;ref_src=twsrc%5Etfw\" rel=\"nofollow noopener\" target=\"_blank\">#AthleticEspanyol<\/a> <a href=\"https:\/\/twitter.com\/hashtag\/AthleticClub?src=hash&amp;ref_src=twsrc%5Etfw\" rel=\"nofollow noopener\" target=\"_blank\">#AthleticClub<\/a> \ud83e\udd81 <a href=\"https:\/\/t.co\/wjkn7a4svy\" rel=\"nofollow\">pic.twitter.com\/wjkn7a4svy<\/a><\/p>\n<p>\u2014 Athletic Club (@AthleticClub) <a href=\"https:\/\/twitter.com\/AthleticClub\/status\/2003236440952770587?ref_src=twsrc%5Etfw\" rel=\"nofollow noopener\" target=\"_blank\">22 de diciembre de 2025<\/a><\/p><\/blockquote>\n<p class=\"article-body__text \">\n        <strong>Y eso que el partido no pudo empezar mejor con un dominio del Athletic en todas las fases de juego,<\/strong> con una propuesta ofensiva que propici\u00f3 que los rojiblancos gozaran de buenas ocasiones para batir a un acertado Dmitrovic, <strong>aunque el gol tard\u00f3 en llegar<\/strong> hasta que Alex Berenguer acert\u00f3 a la segunda con un remate con la punta de la bota. Es el segundo tanto del navarro despu\u00e9s de que se estrenara esta campa\u00f1a ante el Atl\u00e9tico de Madrid, lo que se recibe como <strong>una buena noticia por la plusval\u00eda que aporta uno de los futbolistas de la plantilla con m\u00e1s recursos ofensivos. <\/strong>Recursos que tambi\u00e9n posee <a href=\"https:\/\/www.deia.eus\/tags\/oihan-sancet\/\" title=\"Oihan Sancet\" class=\"link copy\" rel=\"nofollow noopener\" target=\"_blank\">Oihan Sancet<\/a>, que ayer ase\u00f3 esa pobre imagen que est\u00e1 proyectando este curso, pero aun as\u00ed est\u00e1 muy lejos de la versi\u00f3n de sus mejores tiempos.\n<\/p>\n<p>  Lo peor: Los desaciertos que desolan y que vuelven a penalizar a un equipo discontinuo<\/p>\n<p class=\"article-body__text \">\n        <strong>El Athletic se empe\u00f1a en ser un equipo que en ocasiones juega al azar, <\/strong>nunca mejor dicho cuando as\u00ed lo hace un 22 de diciembre, d\u00eda de la loter\u00eda por antonomasia. Porque el equipo de Ernesto Valverde volvi\u00f3 a caer en errores evitables cuando ten\u00eda el partido de cara tras el gol de Berenguer, <strong>errores que se produjeron en las dos \u00e1reas,<\/strong> tanto a la hora de no sacar m\u00e1s producci\u00f3n de sus llegadas al \u00e1rea rival, un mal end\u00e9mico en esta campa\u00f1a (21 goles anotados en 25 partidos oficiales), como a la hora de cometer despistes fatales en defensa, como el protagonizado por Adama Boiro y que deriv\u00f3 en el 1-2.\n<\/p>\n<p>            <a href=\"https:\/\/www.deia.eus\/athletic\/2025\/12\/22\/williams-cara-cruz-athletic-espanyol-10506109.html\" title=\"I\u00f1aki Williams: &quot;El a\u00f1o pasado nos sal\u00eda todo de cara y ahora nos sale m\u00e1s cruz&quot;\" class=\"new__media\" rel=\"nofollow noopener\" target=\"_blank\"><\/p>\n<p>                <img alt=\"I\u00f1aki Williams: &quot;El a\u00f1o pasado nos sal\u00eda todo de cara y ahora nos sale m\u00e1s cruz&quot;\" data-src=\"https:\/\/www.europesays.com\/es\/wp-content\/uploads\/2025\/12\/0b364318-bf38-47b9-8b46-04cb08ccfadc_16-9-aspect-ratio_default_0.jpg\" class=\"lozad\"\/><\/p>\n<p>        <\/a><\/p>\n<p>        <a href=\"https:\/\/www.deia.eus\/athletic\/2025\/12\/22\/williams-cara-cruz-athletic-espanyol-10506109.html\" title=\"I\u00f1aki Williams: &quot;El a\u00f1o pasado nos sal\u00eda todo de cara y ahora nos sale m\u00e1s cruz&quot;\" class=\"new__headline\" rel=\"nofollow noopener\" target=\"_blank\"><br \/>\n            I\u00f1aki Williams: \u00abEl a\u00f1o pasado nos sal\u00eda todo de cara y ahora nos sale m\u00e1s cruz\u00bb<br \/>\n        <\/a><\/p>\n<p class=\"article-body__text \">\n        <strong>El navarro hab\u00eda cumplido hasta ese fat\u00eddico minuto 53, pero no se trata de se\u00f1alar a un jugador,<\/strong> <strong>porque Valverde tambi\u00e9n modific\u00f3 su idea <\/strong>de inicio al prescindir de un delantero nato como Guruzeta para probar con I\u00f1aki Williams, primero, y 15 minutos despu\u00e9s rectificar para dar ese rol a Berenguer. Por no hablar de s<strong>u insistencia en dejar a Lekue el marr\u00f3n de ejercer de central cuando no lo es <\/strong>pese a que cumpli\u00f3 ante el Ourense y que no sirve de referencia por la menor entidad del cuadro gallego. <strong>Muchos se preguntan, entonces, para qu\u00e9 cuenta en la convocatoria con un central espec\u00edfico como es Iker Monreal, <\/strong>salvo que lo explique como un plan conservador en detrimento de apostar por un chaval de la cantera cuando es la raz\u00f3n de ser de la entidad. Un asunto para debatir.\n<\/p>\n<p>            <script async src=\"https:\/\/platform.twitter.com\/widgets.js\" charset=\"utf-8\"><\/script><\/p>\n","protected":false},"excerpt":{"rendered":"El Athletic encaden\u00f3 una segunda derrota consecutiva por tercera vez esta liga y lo hizo en un cierre&hellip;\n","protected":false},"author":2,"featured_media":303101,"comment_status":"","ping_status":"","sticky":false,"template":"","format":"standard","meta":{"footnotes":""},"categories":[268],"tags":[2182,168,25,24,16789,280,282,1044,1684,946,281,23,167],"class_list":{"0":"post-303100","1":"post","2":"type-post","3":"status-publish","4":"format-standard","5":"has-post-thumbnail","7":"category-futbol","8":"tag-athletic","9":"tag-deportes","10":"tag-es","11":"tag-espana","12":"tag-espanyol","13":"tag-football","14":"tag-futbol","15":"tag-liga","16":"tag-mejor","17":"tag-peor","18":"tag-soccer","19":"tag-spain","20":"tag-sports"},"share_on_mastodon":{"url":"https:\/\/pubeurope.com\/@es\/115768539481250336","error":""},"_links":{"self":[{"href":"https:\/\/www.europesays.com\/es\/wp-json\/wp\/v2\/posts\/303100","targetHints":{"allow":["GET"]}}],"collection":[{"href":"https:\/\/www.europesays.com\/es\/wp-json\/wp\/v2\/posts"}],"about":[{"href":"https:\/\/www.europesays.com\/es\/wp-json\/wp\/v2\/types\/post"}],"author":[{"embeddable":true,"href":"https:\/\/www.europesays.com\/es\/wp-json\/wp\/v2\/users\/2"}],"replies":[{"embeddable":true,"href":"https:\/\/www.europesays.com\/es\/wp-json\/wp\/v2\/comments?post=303100"}],"version-history":[{"count":0,"href":"https:\/\/www.europesays.com\/es\/wp-json\/wp\/v2\/posts\/303100\/revisions"}],"wp:featuredmedia":[{"embeddable":true,"href":"https:\/\/www.europesays.com\/es\/wp-json\/wp\/v2\/media\/303101"}],"wp:attachment":[{"href":"https:\/\/www.europesays.com\/es\/wp-json\/wp\/v2\/media?parent=303100"}],"wp:term":[{"taxonomy":"category","embeddable":true,"href":"https:\/\/www.europesays.com\/es\/wp-json\/wp\/v2\/categories?post=303100"},{"taxonomy":"post_tag","embeddable":true,"href":"https:\/\/www.europesays.com\/es\/wp-json\/wp\/v2\/tags?post=303100"}],"curies":[{"name":"wp","href":"https:\/\/api.w.org\/{rel}","templated":true}]}}