{"id":303110,"date":"2025-12-23T11:07:15","date_gmt":"2025-12-23T11:07:15","guid":{"rendered":"https:\/\/www.europesays.com\/es\/303110\/"},"modified":"2025-12-23T11:07:15","modified_gmt":"2025-12-23T11:07:15","slug":"con-joan-garcia-bajo-palos-el-barca-recupera-la-tranquilidad-77-de-paradas-y-36-goles-evitados-futbol-deportes","status":"publish","type":"post","link":"https:\/\/www.europesays.com\/es\/303110\/","title":{"rendered":"Con Joan Garc\u00eda bajo palos, el Bar\u00e7a recupera la tranquilidad: 77% de paradas y 3,6 goles evitados | F\u00fatbol | Deportes"},"content":{"rendered":"<p class=\"\">\u201cEl jugador m\u00e1s destacado del Bar\u00e7a fue el portero\u201d, afirm\u00f3 Marcelino Garc\u00eda, t\u00e9cnico del Villarreal, tras la victoria azulgrana en la Cer\u00e1mica. Pon\u00eda el foco en la actuaci\u00f3n de <a href=\"https:\/\/elpais.com\/noticias\/joan-garcia-pons\/\" target=\"_self\" rel=\"nofollow noopener\" title=\"https:\/\/elpais.com\/noticias\/joan-garcia-pons\/\">Joan Garc\u00eda<\/a> y destacaba as\u00ed tambi\u00e9n lo que eso dec\u00eda sobre su equipo. El guardameta de Sallent fue un seguro para la porter\u00eda del Barcelona y solucion\u00f3 con autoridad las deficiencias defensivas que surg\u00edan. Con su vigilancia, siempre atento y anticipativo ante la zaga adelantada del sistema de Hansi Flick, su buen juego de pies y sus cinco paradas, brill\u00f3 ante el Villarreal y <a href=\"https:\/\/elpais.com\/deportes\/futbol\/2025-12-21\/el-barca-es-infalible-en-villarreal-victoria-azulgrana-y-campeon-de-invierno-en-liga.html\" target=\"_self\" rel=\"nofollow noopener\" title=\"https:\/\/elpais.com\/deportes\/futbol\/2025-12-21\/el-barca-es-infalible-en-villarreal-victoria-azulgrana-y-campeon-de-invierno-en-liga.html\">protegi\u00f3 los tres puntos que mantienen al Bar\u00e7a l\u00edder de la Liga antes del par\u00f3n de Navidad<\/a>, cuatro puntos por encima del Madrid, segundo.<\/p>\n<p class=\"\">\u201cYo intento parar las que me llegan. Hay d\u00edas en los que puedo hacerlo, y otros no. Hoy, por suerte, hemos conseguido mantener la porter\u00eda a cero y estoy muy contento\u201d, comparti\u00f3 el guardameta tras el encuentro. Su primera intervenci\u00f3n de valor fue en el minuto 37, cuando el marcador a\u00fan dibujaba el 0-1; en la segunda mitad tambi\u00e9n fue decisivo con dos paradas de m\u00e9rito consecutivas, separadas por apenas un minuto. \u201cHoy nos ha salvado en muchas ocasiones. Es un jugador muy importante para nosotros\u201d, mostr\u00f3 su satisfacci\u00f3n Flick. <\/p>\n<p class=\"\">Esta temporada, en la que ya ha destacado en otros partidos como ante el Alav\u00e9s, <a href=\"https:\/\/elpais.com\/deportes\/futbol\/2025-11-21\/el-ansiado-regreso-de-joan-garcia.html\" target=\"_blank\" rel=\"nofollow noopener\" title=\"https:\/\/elpais.com\/deportes\/futbol\/2025-11-21\/el-ansiado-regreso-de-joan-garcia.html\">presenta un porcentaje de paradas del 77% y 3,6 goles evitados<\/a>. Encuentros como los de este domingo \u2014el tercero consecutivo con la porter\u00eda a cero de las siete que ha logrado el Bar\u00e7a esta temporada, todas con Joan bajo palos, excepto el partido de Copa del Rey\u2014 dan la raz\u00f3n al Barcelona sobre su fichaje este verano. Y a Flick, por su titularidad.<\/p>\n<p class=\"\">\u201cJoan Garc\u00eda es el n\u00famero uno. Lo tengo claro\u201d, ha reiterado el entrenador alem\u00e1n en cada pregunta sobre la jerarqu\u00eda de la porter\u00eda, sobre todo <a href=\"https:\/\/elpais.com\/deportes\/futbol\/2025-12-16\/el-dilema-de-la-porteria-del-barcelona-entre-szczesny-y-ter-stegen.html\" target=\"_self\" rel=\"nofollow noopener\" title=\"https:\/\/elpais.com\/deportes\/futbol\/2025-12-16\/el-dilema-de-la-porteria-del-barcelona-entre-szczesny-y-ter-stegen.html\">tras el regreso de Marc-Andr\u00e9 ter Stegen. <\/a>\u201cEs uno de los mejores porteros del mundo y est\u00e1 en un momento espectacular\u201d, elogi\u00f3 el alem\u00e1n al de Sallent. \u201cA todo futbolista le gusta sentir la confianza del entrenador y de sus compa\u00f1eros. Aunque ya la sent\u00eda antes de que [Flick] hiciese las declaraciones\u201d, asegur\u00f3 por su parte Joan. Desde que el Bar\u00e7a este verano<a href=\"https:\/\/elpais.com\/deportes\/futbol\/2024-11-03\/joan-garcia-y-la-receta-del-portero-paciente.html\" target=\"_self\" rel=\"nofollow noopener\" title=\"https:\/\/elpais.com\/deportes\/futbol\/2024-11-03\/joan-garcia-y-la-receta-del-portero-paciente.html\"> pag\u00f3 su cl\u00e1usula de rescisi\u00f3n de 25 millones de euros al Espanyol <\/a>y renov\u00f3 a Wojciech Szczesny hasta 2027, esa fue la intenci\u00f3n. Con el equipo blanquiazul la temporada pasada brill\u00f3, siendo el portero con m\u00e1s paradas de la Liga (146 en 38 partidos) y el segundo de las cinco grandes ligas, con un ratio de detenciones que se elev\u00f3 hasta las 3,84 y con un \u00edndice de goles evitados alt\u00edsimo, de 7,5.<\/p>\n<p class=\"\">Estos primeros meses desde su llegada han sido \u201cmuy positivos\u201d, tanto a nivel personal, como a nivel colectivo, valor\u00f3 Joan en la Cer\u00e1mica. Mostr\u00f3 rendimiento inmediato, y solo ha habido un contratiempo que interrumpi\u00f3 su presencia bajo palos: su lesi\u00f3n. \u201cEs verdad que tuve la mala suerte de lesionarme un par de meses, pero me siento muy contento y c\u00f3modo desde el principio\u201d, a\u00f1adi\u00f3.<\/p>\n<p class=\"\">En total, estuvo fuera 52 d\u00edas y se perdi\u00f3 nueve partidos con el Bar\u00e7a por una rotura del menisco interno de la rodilla izquierda que le oblig\u00f3 a pasar por quir\u00f3fano. Fue entonces cuando Szczesny tuvo que reaparecer, a\u00fan con Ter Stegen lesionado. El polaco, m\u00e1s c\u00f3modo siendo pegamento en el vestuario que bajo palos, cumpl\u00eda hasta ese momento el objetivo de ser una especie de mentor para Joan. \u201cS\u00e9 cu\u00e1l es mi rol esta temporada, y para m\u00ed, mi mayor \u00e9xito ser\u00e1 que Joan Garc\u00eda tenga una gran y exitosa temporada. No hay rivalidad entre nosotros. Con toda la presi\u00f3n que tiene jugar en un club como el Barcelona, no creo que \u00e9l necesite tambi\u00e9n la presi\u00f3n de un veterano intentando competir desde atr\u00e1s\u201d, confes\u00f3 \u2018Tek\u2019 a Mundo Deportivo. No extra\u00f1a, entonces, que el polaco, que confiesa haber batido el r\u00e9cord de grasa corporal del Barcelona, festejara el alta m\u00e9dica de Joan.<\/p>\n<p class=\"\">Con \u00e9l, volvi\u00f3 la tranquilidad a la porter\u00eda: Szczesny, que solo alcanz\u00f3 el 59% de paradas y sus goles evitados eran de 0,22, encaj\u00f3 17 tantos en nueve partidos. M\u00e1s que el portero catal\u00e1n en m\u00e1s duelos: 14 dianas en 15 encuentros. Joan regres\u00f3, y con un poco m\u00e1s de tiempo tambi\u00e9n lo hizo Ter Stegen. Recuperado de su lesi\u00f3n lumbar por la que fue operado en verano y con Joan descansando, Flick decidi\u00f3 finalmente colocar a su compatriota en el once titular ante el Guadalajara en dieciseisavos de Copa del Rey. \u201cEs solo para este partido. Marc es el capit\u00e1n del equipo y ha dado mucho a este club. Est\u00e1 en forma y puede demostrar que est\u00e1 listo\u201d, explic\u00f3 Flick, dejando clara la postura ante la situaci\u00f3n del alem\u00e1n. \u201cEl regreso de Marc es muy importante para el equipo y el vestuario\u201d, comparti\u00f3 por su parte Joan, y confes\u00f3 ser una \u201cesponja\u201d con sus dos porteros compa\u00f1eros.<\/p>\n<p><img decoding=\"auto\" class=\"_re lazyload a_m-h\" height=\"277\"  width=\"414\"  src=\"https:\/\/www.europesays.com\/es\/wp-content\/uploads\/2025\/12\/U55LUOVHXJKKXN6FD2O5CNSSZM.jpg\" loading=\"lazy\"\/>El delantero del Villarreal Nicolas P\u00e9p\u00e9, en acci\u00f3n ante el portero del Bar\u00e7a Joan Garc\u00eda, el domingo en Vila-real.Ana Escobar (EFE)<\/p>\n<p class=\"\">Joan Garc\u00eda tendr\u00e1 que volver a demostrar por qu\u00e9 es el n\u00famero de nuevo ante su exequipo, el Espanyol, en su anterior casa, el RCDE Stadium. All\u00ed le esperar\u00e1 su antigua afici\u00f3n el pr\u00f3ximo 3 de enero en un partido declarado de alto riesgo. \u201cAhora tenemos un par de semanas para descansar y cargar pilas. Luego ya pensaremos. Siempre es especial jugar contra un equipo en el que has estado. Intentar\u00e9 hacerlo lo mejor posible\u201d, dijo Joan. Hasta entonces, el Barcelona descansa tranquilo en lo m\u00e1s alto de la tabla, con la seguridad y certeza de que, ante cualquier error, est\u00e1 Joan Garc\u00eda.<\/p>\n","protected":false},"excerpt":{"rendered":"\u201cEl jugador m\u00e1s destacado del Bar\u00e7a fue el portero\u201d, afirm\u00f3 Marcelino Garc\u00eda, t\u00e9cnico del Villarreal, tras la victoria&hellip;\n","protected":false},"author":2,"featured_media":303111,"comment_status":"","ping_status":"","sticky":false,"template":"","format":"standard","meta":{"footnotes":""},"categories":[93],"tags":[1540,168,1539,25,24,881,282,1538,883,1210,23,167,9607],"class_list":{"0":"post-303110","1":"post","2":"type-post","3":"status-publish","4":"format-standard","5":"has-post-thumbnail","7":"category-deportes","8":"tag-competiciones","9":"tag-deportes","10":"tag-entrenadores","11":"tag-es","12":"tag-espana","13":"tag-fc-barcelona","14":"tag-futbol","15":"tag-futbolistas","16":"tag-joan-garcia","17":"tag-laliga-ea-sports","18":"tag-spain","19":"tag-sports","20":"tag-villarreal-cf"},"share_on_mastodon":{"url":"https:\/\/pubeurope.com\/@es\/115768567739108014","error":""},"_links":{"self":[{"href":"https:\/\/www.europesays.com\/es\/wp-json\/wp\/v2\/posts\/303110","targetHints":{"allow":["GET"]}}],"collection":[{"href":"https:\/\/www.europesays.com\/es\/wp-json\/wp\/v2\/posts"}],"about":[{"href":"https:\/\/www.europesays.com\/es\/wp-json\/wp\/v2\/types\/post"}],"author":[{"embeddable":true,"href":"https:\/\/www.europesays.com\/es\/wp-json\/wp\/v2\/users\/2"}],"replies":[{"embeddable":true,"href":"https:\/\/www.europesays.com\/es\/wp-json\/wp\/v2\/comments?post=303110"}],"version-history":[{"count":0,"href":"https:\/\/www.europesays.com\/es\/wp-json\/wp\/v2\/posts\/303110\/revisions"}],"wp:featuredmedia":[{"embeddable":true,"href":"https:\/\/www.europesays.com\/es\/wp-json\/wp\/v2\/media\/303111"}],"wp:attachment":[{"href":"https:\/\/www.europesays.com\/es\/wp-json\/wp\/v2\/media?parent=303110"}],"wp:term":[{"taxonomy":"category","embeddable":true,"href":"https:\/\/www.europesays.com\/es\/wp-json\/wp\/v2\/categories?post=303110"},{"taxonomy":"post_tag","embeddable":true,"href":"https:\/\/www.europesays.com\/es\/wp-json\/wp\/v2\/tags?post=303110"}],"curies":[{"name":"wp","href":"https:\/\/api.w.org\/{rel}","templated":true}]}}