{"id":303116,"date":"2025-12-23T11:10:08","date_gmt":"2025-12-23T11:10:08","guid":{"rendered":"https:\/\/www.europesays.com\/es\/303116\/"},"modified":"2025-12-23T11:10:08","modified_gmt":"2025-12-23T11:10:08","slug":"mercedes-benz-fashion-week-madrid-suma-un-quinto-dia-de-desfiles","status":"publish","type":"post","link":"https:\/\/www.europesays.com\/es\/303116\/","title":{"rendered":"Mercedes-Benz Fashion Week Madrid suma un quinto d\u00eda de desfiles"},"content":{"rendered":"<p class=\"subtitle\">&#13;<br \/>\n\t\t\t\t\t\t\t\t\t\t\t\t\t\t\tLa cita de la moda espa\u00f1ola se celebrar\u00e1 finalmente del 18 al 22 de marzo de 2026, incorporando una nueva jornada de desfiles para dar respuesta al amplio n\u00famero de dise\u00f1adores y a la calidad excepcional de las propuestas presentadas.&#13;\n\t\t\t\t\t\t\t\t\t\t\t\t\t\t<\/p>\n<p class=\"description\">&#13;<br \/>\n\t\t\t\t\t\t\t\t\t\t\t\t\t\tEn total, ser\u00e1n 30 dise\u00f1adores quienes presentar\u00e1n las colecciones AW 26\/27, demostrando la fuerte apuesta e inversi\u00f3n por parte de MBFWMadrid para dar cabida al mayor n\u00famero posible de dise\u00f1adores. &#13;\n\t\t\t\t\t\t\t\t\t\t\t\t\t<\/p>\n<p><strong>Mercedes-Benz Fashion Week Madrid<\/strong>, organizada por <strong>IFEMA MADRID<\/strong> con el apoyo del <strong>Ayuntamiento de Madrid<\/strong>, <strong>ampl\u00eda la duraci\u00f3n de su pr\u00f3xima<\/strong> <strong>edici\u00f3n,<\/strong> demostrando su <strong>apuesta por el sector de la industria de la moda,<\/strong> y contar\u00e1 finalmente con cinco d\u00edas de desfiles, <strong>del mi\u00e9rcoles 18 al domingo 22 de marzo de<\/strong> <strong>2026<\/strong>.<\/p>\n<p>Como respuesta a la <strong>extraordinaria acogida de la convocatoria<\/strong>, que ha registrado un <strong>n\u00famero<\/strong> <strong>de<\/strong> <strong>solicitudes de dise\u00f1adores<\/strong> <strong>participantes de r\u00e9cord,<\/strong> con una <strong>calidad<\/strong> <strong>creativa<\/strong> especialmente destacada, MBFWMadrid decide ampliar <strong>una jornada m\u00e1s el calendario<\/strong> de desfiles. Este movimiento persigue el objetivo de integrar m\u00e1s propuestas dentro del calendario oficial, aumentando la calidad de propuestas que desfilar\u00e1n por la pasarela.\u00a0<\/p>\n<p>La ampliaci\u00f3n refuerza el momento de <strong>crecimiento que atraviesa MBFWMadrid<\/strong> y consolida su posicionamiento como <strong>plataforma de referencia para el dise\u00f1o espa\u00f1ol<\/strong>, capaz de absorber la diversidad y riqueza del panorama actual y ofrecer un programa m\u00e1s amplio y representativo del sector.<\/p>\n<p>Esta decisi\u00f3n ha sido consensuada por el Comit\u00e9 de Moda de <strong>Mercedes-Benz Fashion Week Madrid<\/strong>, que ha sido una <strong>pieza clave en la transformaci\u00f3n y el reposicionamiento estrat\u00e9gico de la pasarela<\/strong>, aportando una visi\u00f3n s\u00f3lida y contempor\u00e1nea que refuerza su relevancia tanto a nivel nacional como internacional. Y que, desde la pasada edici\u00f3n, lo conforman <strong>Ana Antic<\/strong>, <strong>CEO<\/strong> de <strong>Antic<\/strong>, empresa dedicada a la consultor\u00eda de moda, branding y posicionamiento de marcas; <strong>Ana Garc\u00eda-Si\u00f1eriz<\/strong>, periodista, escritora y <strong>directora global<\/strong> de <strong>Vogue College of Fashion<\/strong>, con una amplia trayectoria en medios de comunicaci\u00f3n, formaci\u00f3n y cultura de moda;<strong> Carmen de Ter\u00e1n<\/strong>, <strong>directora digital <\/strong>en<strong> Mulberry<\/strong>, especializada en ecommerce y crecimiento digital estrat\u00e9gico<strong>; Mar\u00eda Eugenia Gir\u00f3n<\/strong>, <strong>empresaria y consejera<\/strong> en <strong>grandes<\/strong> <strong>compa\u00f1\u00edas<\/strong> y una figura destacada en el \u00e1mbito del lujo, la sostenibilidad y el emprendimiento;<strong> Patricia Sancho<\/strong>, <strong>CEO<\/strong> de <strong>Atenea Consultancy,<\/strong> y<strong> Pepa Bueno, directora ejecutiva <\/strong>de la<strong> Asociaci\u00f3n de Creadores de Moda de Espa\u00f1a<\/strong>, <strong>ACME<\/strong>. Cierran este Comit\u00e9 <strong>Asier Labarga<\/strong>, <strong>director <\/strong>de<strong> MBFWMadrid<\/strong>; <strong>Valentina Su\u00e1rez-Zuloaga<\/strong>, <strong>directora creativa<\/strong>; y <strong>Arancha Priede<\/strong>, <strong>directora general de Negocio Ferial <\/strong>de<strong> IFEMA MADRID<\/strong>.<\/p>\n<p>Con esta quinta jornada, la pasarela refuerza su papel como plataforma clave del dise\u00f1o espa\u00f1ol, apoyando tanto a firmas consolidadas como a nuevos nombres que est\u00e1n definiendo el presente y el futuro de la moda, y consolidando un formato que conecta ciudad, industria, creatividad y negocio.<\/p>\n<p><strong>\u00a0<\/strong><\/p>\n","protected":false},"excerpt":{"rendered":"&#13; La cita de la moda espa\u00f1ola se celebrar\u00e1 finalmente del 18 al 22 de marzo de 2026,&hellip;\n","protected":false},"author":2,"featured_media":303117,"comment_status":"","ping_status":"","sticky":false,"template":"","format":"standard","meta":{"footnotes":""},"categories":[81],"tags":[119,123,124,25,24,117,121,122,23,118,120],"class_list":{"0":"post-303116","1":"post","2":"type-post","3":"status-publish","4":"format-standard","5":"has-post-thumbnail","7":"category-ciencia-y-tecnologia","8":"tag-ciencia","9":"tag-ciencia-y-tecnologia","10":"tag-cienciaytecnologia","11":"tag-es","12":"tag-espana","13":"tag-science","14":"tag-science-and-technology","15":"tag-scienceandtechnology","16":"tag-spain","17":"tag-technology","18":"tag-tecnologia"},"share_on_mastodon":{"url":"https:\/\/pubeurope.com\/@es\/115768579009187359","error":""},"_links":{"self":[{"href":"https:\/\/www.europesays.com\/es\/wp-json\/wp\/v2\/posts\/303116","targetHints":{"allow":["GET"]}}],"collection":[{"href":"https:\/\/www.europesays.com\/es\/wp-json\/wp\/v2\/posts"}],"about":[{"href":"https:\/\/www.europesays.com\/es\/wp-json\/wp\/v2\/types\/post"}],"author":[{"embeddable":true,"href":"https:\/\/www.europesays.com\/es\/wp-json\/wp\/v2\/users\/2"}],"replies":[{"embeddable":true,"href":"https:\/\/www.europesays.com\/es\/wp-json\/wp\/v2\/comments?post=303116"}],"version-history":[{"count":0,"href":"https:\/\/www.europesays.com\/es\/wp-json\/wp\/v2\/posts\/303116\/revisions"}],"wp:featuredmedia":[{"embeddable":true,"href":"https:\/\/www.europesays.com\/es\/wp-json\/wp\/v2\/media\/303117"}],"wp:attachment":[{"href":"https:\/\/www.europesays.com\/es\/wp-json\/wp\/v2\/media?parent=303116"}],"wp:term":[{"taxonomy":"category","embeddable":true,"href":"https:\/\/www.europesays.com\/es\/wp-json\/wp\/v2\/categories?post=303116"},{"taxonomy":"post_tag","embeddable":true,"href":"https:\/\/www.europesays.com\/es\/wp-json\/wp\/v2\/tags?post=303116"}],"curies":[{"name":"wp","href":"https:\/\/api.w.org\/{rel}","templated":true}]}}