{"id":303120,"date":"2025-12-23T11:12:14","date_gmt":"2025-12-23T11:12:14","guid":{"rendered":"https:\/\/www.europesays.com\/es\/303120\/"},"modified":"2025-12-23T11:12:14","modified_gmt":"2025-12-23T11:12:14","slug":"la-escuela-militar-de-emergencias-finaliza-una-nueva-edicion-del-curso-basico-con-mas-de-400-alumnos-formados-unidad-militar-de-emergencias","status":"publish","type":"post","link":"https:\/\/www.europesays.com\/es\/303120\/","title":{"rendered":"La Escuela Militar de Emergencias finaliza una nueva edici\u00f3n del Curso B\u00e1sico con m\u00e1s de 400 alumnos formados\u00a0&#8211;\u00a0Unidad Militar de Emergencias"},"content":{"rendered":"<p>\n\t\t\tLa Escuela Militar de Emergencias finaliza una nueva edici\u00f3n del Curso B\u00e1sico con m\u00e1s de 400 alumnos formados<\/p>\n<p class=\"fechaNoticia\">23\/12\/2025<\/p>\n<p>\t\t\t\t<a href=\"https:\/\/www.europesays.com\/es\/wp-content\/uploads\/2025\/12\/CBE_1_m.jpg\" class=\"imagen-bbox\" title=\"Mostrar imagen\"><br \/>\n\t\t\t\t\t<img decoding=\"async\" class=\"img-fluid\" src=\"https:\/\/www.europesays.com\/es\/wp-content\/uploads\/2025\/12\/CBE_1_m.jpg\" alt=\"La Escuela Militar de Emergencias finaliza una nueva edici\u00f3n del Curso B\u00e1sico con m\u00e1s de 400 alumnos formados\" \/><br \/>\n\t\t\t\t<\/a><\/p>\n<p class=\"pie\"> Durante seis semanas de formaci\u00f3n intensiva, los alumnos han adquirido los conocimientos, habilidades y destrezas fundamentales en las principales \u00e1reas de actuaci\u00f3n de la Unidad Militar de Emergencias.<\/p>\n<p>\u00a0La Escuela Militar de Emergencias (EMES), perteneciente a la Unidad Militar de Emergencias (UME), ha clausurado una nueva edici\u00f3n del Curso B\u00e1sico de Emergencias (CBE), en la que un total de 410 alumnos han superado con \u00e9xito la formaci\u00f3n inicial necesaria para su incorporaci\u00f3n operativa a la Unidad.<\/p>\n<p>El Curso B\u00e1sico de Emergencias constituye una fase formativa obligatoria para todo el personal de nuevo ingreso en la UME y representa un paso previo imprescindible para participar en operaciones reales de respuesta ante emergencias. La instrucci\u00f3n se estructura en dos itinerarios diferenciados: uno dirigido al personal de tropa y mariner\u00eda y otro destinado a oficiales y suboficiales, lo que permite posteriormente el acceso a cursos de especializaci\u00f3n.<\/p>\n<p>A lo largo de las seis semanas de formaci\u00f3n presencial, los alumnos han recibido instrucci\u00f3n te\u00f3rica y pr\u00e1ctica en las principales \u00e1reas de intervenci\u00f3n de la UME, tales como la lucha contra incendios forestales (LCIF), la b\u00fasqueda y rescate urbano (USAR), el rescate vertical, la actuaci\u00f3n ante inundaciones y tormentas invernales severas (TIS), as\u00ed como nociones de transmisiones y sanidad operativa.<\/p>\n<p>En esta edici\u00f3n han participado efectivos procedentes de distintas unidades de las Fuerzas Armadas, reservistas voluntarios, miembros de los Cuerpos y Fuerzas de Seguridad del Estado, as\u00ed como seis militares internacionales procedentes de Cabo Verde, Colombia, Mal\u00ed, Mauritania y Senegal. Asimismo, el curso ha contado con la colaboraci\u00f3n de especialistas civiles pertenecientes a diversos servicios auton\u00f3micos de emergencias de distintas comunidades aut\u00f3nomas.<\/p>\n<p>El acto de clausura y entrega de diplomas se celebr\u00f3 en la Academia de Infanter\u00eda de Toledo, sede del curso durante los \u00faltimos once a\u00f1os. El acto estuvo presidido por el segundo jefe de la UME, el general de brigada Fernando Mart\u00edn Pascual, quien destac\u00f3 que los alumnos deben ser l\u00edderes y recordar siempre que cada conocimiento compartido puede salvar una vida.<\/p>\n","protected":false},"excerpt":{"rendered":"La Escuela Militar de Emergencias finaliza una nueva edici\u00f3n del Curso B\u00e1sico con m\u00e1s de 400 alumnos formados&hellip;\n","protected":false},"author":2,"featured_media":303121,"comment_status":"","ping_status":"","sticky":false,"template":"","format":"standard","meta":{"footnotes":""},"categories":[42],"tags":[17,18,14943,24,13,14,2589,11,61,62,63,64,19,20,2592,2585,9,10,15,16,71799,12,21,22,12134,71797,71798,65,66,67],"class_list":{"0":"post-303120","1":"post","2":"type-post","3":"status-publish","4":"format-standard","5":"has-post-thumbnail","7":"category-internacional","8":"tag-breaking-news","9":"tag-breakingnews","10":"tag-ejercito-espanol","11":"tag-espana","12":"tag-featured-news","13":"tag-featurednews","14":"tag-fuerzas-armadas","15":"tag-headlines","16":"tag-internacional","17":"tag-international","18":"tag-international-news","19":"tag-internationalnews","20":"tag-latest-news","21":"tag-latestnews","22":"tag-mde","23":"tag-ministerio-de-defensa","24":"tag-news","25":"tag-noticias","26":"tag-noticias-destacadas","27":"tag-noticiasdestacadas","28":"tag-para-servir","29":"tag-titulares","30":"tag-ultimas-noticias","31":"tag-ultimasnoticias","32":"tag-ume","33":"tag-unidad-de-emergencias","34":"tag-unidad-militar-de-emergencias","35":"tag-world","36":"tag-world-news","37":"tag-worldnews"},"share_on_mastodon":{"url":"","error":"Validation failed: Text character limit of 500 exceeded"},"_links":{"self":[{"href":"https:\/\/www.europesays.com\/es\/wp-json\/wp\/v2\/posts\/303120","targetHints":{"allow":["GET"]}}],"collection":[{"href":"https:\/\/www.europesays.com\/es\/wp-json\/wp\/v2\/posts"}],"about":[{"href":"https:\/\/www.europesays.com\/es\/wp-json\/wp\/v2\/types\/post"}],"author":[{"embeddable":true,"href":"https:\/\/www.europesays.com\/es\/wp-json\/wp\/v2\/users\/2"}],"replies":[{"embeddable":true,"href":"https:\/\/www.europesays.com\/es\/wp-json\/wp\/v2\/comments?post=303120"}],"version-history":[{"count":0,"href":"https:\/\/www.europesays.com\/es\/wp-json\/wp\/v2\/posts\/303120\/revisions"}],"wp:featuredmedia":[{"embeddable":true,"href":"https:\/\/www.europesays.com\/es\/wp-json\/wp\/v2\/media\/303121"}],"wp:attachment":[{"href":"https:\/\/www.europesays.com\/es\/wp-json\/wp\/v2\/media?parent=303120"}],"wp:term":[{"taxonomy":"category","embeddable":true,"href":"https:\/\/www.europesays.com\/es\/wp-json\/wp\/v2\/categories?post=303120"},{"taxonomy":"post_tag","embeddable":true,"href":"https:\/\/www.europesays.com\/es\/wp-json\/wp\/v2\/tags?post=303120"}],"curies":[{"name":"wp","href":"https:\/\/api.w.org\/{rel}","templated":true}]}}