{"id":30313,"date":"2025-08-06T22:23:08","date_gmt":"2025-08-06T22:23:08","guid":{"rendered":"https:\/\/www.europesays.com\/es\/30313\/"},"modified":"2025-08-06T22:23:08","modified_gmt":"2025-08-06T22:23:08","slug":"el-eibar-negocia-la-cesion-de-adu-ares","status":"publish","type":"post","link":"https:\/\/www.europesays.com\/es\/30313\/","title":{"rendered":"El Eibar negocia la cesi\u00f3n de Adu Ares"},"content":{"rendered":"<p>El Eibar quiere a Adu Ares, extremo derecho del Athletic que una temporada m\u00e1s no entra en los planes de Ernesto Valverde. La entidad armera  &#8230; apuesta por el bilba\u00edno para su asalto a Primera. De prosperar la operaci\u00f3n, el futbolista competir\u00eda un a\u00f1o m\u00e1s en la divisi\u00f3n de plata. El curso pasado lo hizo en las filas del Zaragoza, con el que particip\u00f3 en 32 partidos y anot\u00f3 cinco goles en un total de 1.700 minutos.<\/p>\n<p class=\"v-p\">La del conjunto ma\u00f1o fue la primera aventura de Adu Ares (en octubre cumplir\u00e1 24 a\u00f1os) lejos de Bilbao. Formado en el Santutxu, ingres\u00f3 en Lezama a la edad de juvenil, en 2021, pese a que ya jugaba en Tercera. Se enrol\u00f3 en las filas del Basconia, en Tercera Federaci\u00f3n tras la reestructuraci\u00f3n de las divisiones espa\u00f1olas. Logr\u00f3 dos goles en quince duelos y r\u00e1pidamente fue reclutado para el Bilbao Athletic, en Primera RFEF. No acus\u00f3 el gran salto competitivo y con el filial alcanz\u00f3 seis goles en 19 duelos.<\/p>\n<p class=\"v-p\">Su mete\u00f3rico ascenso se vio continuado en el curso 2022-23, el primero de la tercera etapa de Ernesto Valverde tras la victoria en las urnas de Jon Uriarte. Jug\u00f3 con el filial 28 partidos (4 goles) y Txingurri le dio la alternativa en nueve partidos. A la siguiente temporada se gan\u00f3 un lugar en el equipo que acabar\u00eda conquistando la Copa tras vencer en La Cartuja al Mallorca, pero ni siquiera lleg\u00f3 a los 600 minutos de competici\u00f3n repartidos en 17 encuentros. Anot\u00f3 sus primeros goles con un doblete ante el Rub\u00ed en la primera ronda del torneo del k.o.<\/p>\n<p class=\"v-p\">La gran competencia en el ataque rojiblanco, con los Williams, Berenguer y ahora Robert Navarro en su posici\u00f3n, le vuelven a dejar sin hueco. Menos ante el PSV, ha participado en los otros cinco amistosos de pretemporada, con 175 minutos disputados. El extremo bilba\u00edno tiene contrato con Ibaigane hasta 2027. Tratar\u00e1 de recuperar el nivel que ofreci\u00f3 en sus inicios en Ipurua.<\/p>\n","protected":false},"excerpt":{"rendered":"El Eibar quiere a Adu Ares, extremo derecho del Athletic que una temporada m\u00e1s no entra en los&hellip;\n","protected":false},"author":2,"featured_media":30314,"comment_status":"","ping_status":"","sticky":false,"template":"","format":"standard","meta":{"footnotes":""},"categories":[268],"tags":[16101,16102,501,168,14315,25,24,280,282,12684,281,23,167],"class_list":{"0":"post-30313","1":"post","2":"type-post","3":"status-publish","4":"format-standard","5":"has-post-thumbnail","7":"category-futbol","8":"tag-adu","9":"tag-ares","10":"tag-cesion","11":"tag-deportes","12":"tag-eibar","13":"tag-es","14":"tag-espana","15":"tag-football","16":"tag-futbol","17":"tag-negocia","18":"tag-soccer","19":"tag-spain","20":"tag-sports"},"share_on_mastodon":{"url":"","error":""},"_links":{"self":[{"href":"https:\/\/www.europesays.com\/es\/wp-json\/wp\/v2\/posts\/30313","targetHints":{"allow":["GET"]}}],"collection":[{"href":"https:\/\/www.europesays.com\/es\/wp-json\/wp\/v2\/posts"}],"about":[{"href":"https:\/\/www.europesays.com\/es\/wp-json\/wp\/v2\/types\/post"}],"author":[{"embeddable":true,"href":"https:\/\/www.europesays.com\/es\/wp-json\/wp\/v2\/users\/2"}],"replies":[{"embeddable":true,"href":"https:\/\/www.europesays.com\/es\/wp-json\/wp\/v2\/comments?post=30313"}],"version-history":[{"count":0,"href":"https:\/\/www.europesays.com\/es\/wp-json\/wp\/v2\/posts\/30313\/revisions"}],"wp:featuredmedia":[{"embeddable":true,"href":"https:\/\/www.europesays.com\/es\/wp-json\/wp\/v2\/media\/30314"}],"wp:attachment":[{"href":"https:\/\/www.europesays.com\/es\/wp-json\/wp\/v2\/media?parent=30313"}],"wp:term":[{"taxonomy":"category","embeddable":true,"href":"https:\/\/www.europesays.com\/es\/wp-json\/wp\/v2\/categories?post=30313"},{"taxonomy":"post_tag","embeddable":true,"href":"https:\/\/www.europesays.com\/es\/wp-json\/wp\/v2\/tags?post=30313"}],"curies":[{"name":"wp","href":"https:\/\/api.w.org\/{rel}","templated":true}]}}