{"id":303155,"date":"2025-12-23T11:37:13","date_gmt":"2025-12-23T11:37:13","guid":{"rendered":"https:\/\/www.europesays.com\/es\/303155\/"},"modified":"2025-12-23T11:37:13","modified_gmt":"2025-12-23T11:37:13","slug":"ministerio-de-industria-y-turismo-7","status":"publish","type":"post","link":"https:\/\/www.europesays.com\/es\/303155\/","title":{"rendered":"Ministerio de Industria y Turismo"},"content":{"rendered":"<p>&#13;<br \/>\n&#13;<\/p>\n<ul class=\"detalle-noticia\">\n<li>Turismo\u00bb&gt;Turismo<\/li>\n<li>23\/12\/2025<\/li>\n<li><\/li>\n<\/ul>\n<p>&#13;<br \/>\n&#13;<\/p>\n<p class=\"subtitular\" role=\"doc-subtitle\">88 fiestas populares de Espa\u00f1a ya tienen est\u00e1 distinci\u00f3n<\/p>\n<p>&#13;<br \/>\n&#13;<\/p>\n<p> La recreaci\u00f3n hist\u00f3rico-legendaria conmemora la tr\u00e1gica historia de los Amantes de Teruel, enraizada en la identidad cultural local, y consigue que ciudadanos y visitantes vivan un ambiente plenamente medieval, festivo y cultural <\/p>\n<p>La secretaria de Estado, Rosario S\u00e1nchez, destaca que la fiesta recibe la distinci\u00f3n por \u201csu arraigo entre los turolenses y turolensas, que participan activamente en la misma y le otorgan as\u00ed un mayor atractivo, tambi\u00e9n tur\u00edstico\u201d<\/p>\n<p>&#13;<br \/>\n<img decoding=\"async\" src=\"https:\/\/www.europesays.com\/es\/wp-content\/uploads\/2025\/12\/bodas isabel.jpg\" alt=\"\"\/>&#13;<\/p>\n<p>La celebraci\u00f3n de \u201cLas Bodas de Isabel de Segura\u201d, en la ciudad de Teruel (Arag\u00f3n), ha recibido la declaraci\u00f3n de Fiesta de Inter\u00e9s Tur\u00edstico Internacional que otorga la Secretar\u00eda de Estado de Turismo, una vez que la solicitud presentada por el Ayuntamiento de este municipio cumple con todos los requisitos establecidos en la orden ministerial que regula estas distinciones.&#13;\n<\/p>\n<p>Esta recreaci\u00f3n hist\u00f3rico-legendaria conmemora la tr\u00e1gica historia de los Amantes de Teruel y cumplir\u00e1 30 ediciones el pr\u00f3ximo a\u00f1o 2026. Se trata de una historia de amor del siglo XIII profundamente enraizada en la identidad cultural local, que consigue que ciudadanos y visitantes vivan la ciudad inmersa en un ambiente plenamente medieval, festivo y cultural.&#13;\n<\/p>\n<p>La secretaria de Estado, Rosario S\u00e1nchez, ha destacado de este reconocimiento que la celebraci\u00f3n de \u201cLas Bodas de Isabel de Segura\u201d \u201cforma parte de la herencia cultural de esta ciudad, por su antig\u00fcedad y continuidad en el tiempo, y especialmente por su arraigo entre los turolenses y turolensas, que participan activamente en la misma y le otorgan un mayor atractivo tur\u00edstico\u201d.&#13;\n<\/p>\n<p>En febrero de 1997 naci\u00f3 la primera edici\u00f3n de esta fiesta, y el n\u00famero de participantes y visitantes creci\u00f3 r\u00e1pidamente con cada edici\u00f3n. El dise\u00f1o original se fue enriqueciendo, eran casi 80 grupos organizados con personalidad \u201cmedieval\u201d, que en la actualidad ya son m\u00e1s de 150.\u00a0&#13;\n<\/p>\n<p>En 2005 nacieron las asociaciones culturales que m\u00e1s adelante formar\u00edan la Federaci\u00f3n de Grupos de las Bodas. El Ayuntamiento de Teruel cre\u00f3 en 2006 una Fundaci\u00f3n que organizara la fiesta de \u201cLas Bodas de Isabel de Segura\u201d con la participaci\u00f3n de Caja Rural de Teruel, Confederaci\u00f3n Empresarial de Teruel. M\u00e1s adelante se integr\u00f3 como miembro del patronato la Federaci\u00f3n de Grupos y, en 2015, el Gobierno de Arag\u00f3n.&#13;\n<\/p>\n<p>En el a\u00f1o 2009 el Ayuntamiento de Teruel aprob\u00f3 un calendario oficial para el evento, que coincide desde entonces con el fin de semana correspondiente al tercer viernes del mes de febrero.&#13;\n<\/p>\n<p>Con la declaraci\u00f3n de \u201cLas Bodas de Isabel de Segura\u201d ya son 88 las fiestas populares de Espa\u00f1a declaradas como Fiestas de Inter\u00e9s Tur\u00edstico Internacional. En la comunidad de Arag\u00f3n, se trata de la cuarta fiesta con esta distinci\u00f3n.<\/p>\n<p>&#13;<\/p>\n","protected":false},"excerpt":{"rendered":"&#13; &#13; Turismo\u00bb&gt;Turismo 23\/12\/2025 &#13; &#13; 88 fiestas populares de Espa\u00f1a ya tienen est\u00e1 distinci\u00f3n &#13; &#13; La&hellip;\n","protected":false},"author":2,"featured_media":303156,"comment_status":"","ping_status":"","sticky":false,"template":"","format":"standard","meta":{"footnotes":""},"categories":[5],"tags":[17,18,25,24,13,14,11,19,20,9,10,15,16,23,12,21,22],"class_list":{"0":"post-303155","1":"post","2":"type-post","3":"status-publish","4":"format-standard","5":"has-post-thumbnail","7":"category-titulares","8":"tag-breaking-news","9":"tag-breakingnews","10":"tag-es","11":"tag-espana","12":"tag-featured-news","13":"tag-featurednews","14":"tag-headlines","15":"tag-latest-news","16":"tag-latestnews","17":"tag-news","18":"tag-noticias","19":"tag-noticias-destacadas","20":"tag-noticiasdestacadas","21":"tag-spain","22":"tag-titulares","23":"tag-ultimas-noticias","24":"tag-ultimasnoticias"},"share_on_mastodon":{"url":"https:\/\/pubeurope.com\/@es\/115768685415005991","error":""},"_links":{"self":[{"href":"https:\/\/www.europesays.com\/es\/wp-json\/wp\/v2\/posts\/303155","targetHints":{"allow":["GET"]}}],"collection":[{"href":"https:\/\/www.europesays.com\/es\/wp-json\/wp\/v2\/posts"}],"about":[{"href":"https:\/\/www.europesays.com\/es\/wp-json\/wp\/v2\/types\/post"}],"author":[{"embeddable":true,"href":"https:\/\/www.europesays.com\/es\/wp-json\/wp\/v2\/users\/2"}],"replies":[{"embeddable":true,"href":"https:\/\/www.europesays.com\/es\/wp-json\/wp\/v2\/comments?post=303155"}],"version-history":[{"count":0,"href":"https:\/\/www.europesays.com\/es\/wp-json\/wp\/v2\/posts\/303155\/revisions"}],"wp:featuredmedia":[{"embeddable":true,"href":"https:\/\/www.europesays.com\/es\/wp-json\/wp\/v2\/media\/303156"}],"wp:attachment":[{"href":"https:\/\/www.europesays.com\/es\/wp-json\/wp\/v2\/media?parent=303155"}],"wp:term":[{"taxonomy":"category","embeddable":true,"href":"https:\/\/www.europesays.com\/es\/wp-json\/wp\/v2\/categories?post=303155"},{"taxonomy":"post_tag","embeddable":true,"href":"https:\/\/www.europesays.com\/es\/wp-json\/wp\/v2\/tags?post=303155"}],"curies":[{"name":"wp","href":"https:\/\/api.w.org\/{rel}","templated":true}]}}