{"id":303184,"date":"2025-12-23T12:00:30","date_gmt":"2025-12-23T12:00:30","guid":{"rendered":"https:\/\/www.europesays.com\/es\/303184\/"},"modified":"2025-12-23T12:00:30","modified_gmt":"2025-12-23T12:00:30","slug":"la-rueda-de-prensa-tras-el-consejo-de-ministros-se-celebrara-a-partir-de-las-1300-horas-la-moncloa","status":"publish","type":"post","link":"https:\/\/www.europesays.com\/es\/303184\/","title":{"rendered":"La rueda de prensa tras el Consejo de Ministros se celebrar\u00e1 a partir de las 13:00 horas &#8211; La Moncloa"},"content":{"rendered":"<ol>\n<li><a href=\"https:\/\/news.google.com\/rss\/articles\/CBMirAFBVV95cUxPei1SSW1OSUZUNWNDT28xemZoYU1maF9qVmo2djB4LU5GR3F1a05SR09aclFYMEtXLXZldndrNEhHSmNJX2ROdWQzSmEyUGRseXVPMk0tM0xnZ0hKYXgwc2gtZWxZUDZBTmN2TnBXeE1McGlLRU5uY3FOWG43R3FHZTdtb0RMZzExRC15UHVFMnhWVjllM2pfM2R6WW94QjBQOHA3Zl9xTnF4YVo4?oc=5\" target=\"_blank\" rel=\"nofollow noopener\">La rueda de prensa tras el Consejo de Ministros se celebrar\u00e1 a partir de las 13:00 horas<\/a>&nbsp;&nbsp;La Moncloa<\/li>\n<li><a href=\"https:\/\/news.google.com\/rss\/articles\/CBMi2gFBVV95cUxNWEVKVThQVWQ2eTlVWlVBN2Q3OHJBYkFUY1JvV09hVnZqUG9TczB3czVaUjNPZDRyVFRZMmcyM1l2Q1c4aUpxWm93c0E1QTBIS2ktMm8xaXBQX1RfUXM4alRKbmlLUnRac1otQWQ1Nlk3bFlUNXNwRFJUR3pqLTNsY0ZFa0xCdG12eW1qYXVBdVNGTU51WmpaRnluSTlVUVUxMFpvSjVDWWtZSFNoYzBOeWwzZTJsNmVuQWJybUxfSjJ3X3RscG16RVJZMFJOUjhRSVdKVDlCTWQzd9IB3wFBVV95cUxQTUoyTHBScG9OUUp5Mzh6V0wwVGNrclRpRFpTM2NvX3R0Z0sxTXMwaDZxOXByMHMzaDh6djQyakt3N0xpdEVBa3M1RjlMUXh0ak9udVFwOWhHNkpjZ1BVUUd6UW5wYjJoclMybHcxY2hYbmJFS3dURlQ4cFYyTnR2dU9Eak51eDhoMGVXRFlCX0NLeXZDQm1KTDIxREFiMlRwWUZESUdDeFBXNkx2RjlheHJPdkl2MlRacTNjUEc2SlBWMWNWN2hSdjJiUy04X3BkNWlwSkZ5RFVHN0hEN0ZV?oc=5\" target=\"_blank\" rel=\"nofollow noopener\">El Gobierno afronta el \u00faltimo Consejo de Ministros del a\u00f1o con nuevas caras y la vista puesta en el curso pol\u00edtico de 2026<\/a>&nbsp;&nbsp;ElPlural.com<\/li>\n<li><a href=\"https:\/\/news.google.com\/rss\/articles\/CBMimwFBVV95cUxQeF9sWmpKUEsxcDZlNVp0Y0p2WlRSQWtiTmo5VUQxbFJ5blNyNjBNakk1cXFHa3AyaFVKWllST0FSZi1GNkZmcVhoeEVmVmZVeDFJNzB1RGE1TWtkaExkMTBNcW5odldDZDRRQ01yMzhsLWpKTXctQkp3bTV3Q1VFMG8xLTBkTnpDVG1DZ2dlM2lQZDZMak1uQ0V6RQ?oc=5\" target=\"_blank\" rel=\"nofollow noopener\">Sigue en directo la rueda de prensa tras el \u00faltimo Consejo de Ministros del a\u00f1o<\/a>&nbsp;&nbsp;ABC<\/li>\n<li><a href=\"https:\/\/news.google.com\/rss\/articles\/CBMioAFBVV95cUxQaWdsNHFEMG5TazhXWDVoMWdTS2xTa2liZEY2T0cza0VVYUdWd0xmS2lxQlp6UVVtZ09tYVRHTHRNMzlEUXRHb0VOY2R6eTVsZDlNdWJicDQtcTc3LURqbS04RkN3bU5BZmt5VnJ5NE1sbXdOdXV1MEQzcG9ta3h3ek04Nm1ZS3pubXhuMlJjWkJQLW1jM2NBUFJjZDNGNXhC?oc=5\" target=\"_blank\" rel=\"nofollow noopener\">V\u00eddeo | Siga en directo la rueda de prensa posterior al \u00faltimo Consejo de Ministros<\/a>&nbsp;&nbsp;El Confidencial<\/li>\n<li><a href=\"https:\/\/news.google.com\/rss\/articles\/CBMingFBVV95cUxNOVFxRWh5dm1IX2x4dEVNYTRNNzNoVDQzdG5uLWc4ZTNmRGRmVkh4MTk4cnpFT0plRFlVdDUzVGRwcnpZcFB2eTE1cWdyTE54VFFGT1BNb0d2Sk5SWktCMWphUVdLT3RVMW1QeFJlWmNnMm0tWXdraWRaZnotWlpBUmhtM3FpbnV0ZUJPR2dFTXloS2pPMjRCUUtLVkRtd9IBowFBVV95cUxQSVlaRHBERC1RT0NzTGtybGs4ZkxKbHhHejFNTlVlVHdtdFNfU2JtaGI5TndHTXM2Qzh6RXFpWlhaSFAyQ2VRRkF6NVNEVWlmODN6NS1fN3VScmVhSU43dFFFV2NlR3pLQkpzSnJzaEMwb3dDLW9TNk5fUmRCcUxjdk8xT2FnaFVSUFRQZXJzV1ZvTlFPelZfSTByb2YycTBSa2Uw?oc=5\" target=\"_blank\" rel=\"nofollow noopener\">\u00daltimo Consejo de Ministros del a\u00f1o: un escudo social que armar entre tensiones internas<\/a>&nbsp;&nbsp;Dem\u00f3crata<\/li>\n<\/ol>\n","protected":false},"excerpt":{"rendered":"La rueda de prensa tras el Consejo de Ministros se celebrar\u00e1 a partir de las 13:00 horas&nbsp;&nbsp;La Moncloa&hellip;\n","protected":false},"author":2,"featured_media":303185,"comment_status":"","ping_status":"","sticky":false,"template":"","format":"standard","meta":{"footnotes":""},"categories":[5],"tags":[17,18,12493,25,24,13,14,11,19,20,9,10,15,16,62446,23,12,21,22],"class_list":{"0":"post-303184","1":"post","2":"type-post","3":"status-publish","4":"format-standard","5":"has-post-thumbnail","7":"category-titulares","8":"tag-breaking-news","9":"tag-breakingnews","10":"tag-consejo-de-ministros","11":"tag-es","12":"tag-espana","13":"tag-featured-news","14":"tag-featurednews","15":"tag-headlines","16":"tag-latest-news","17":"tag-latestnews","18":"tag-news","19":"tag-noticias","20":"tag-noticias-destacadas","21":"tag-noticiasdestacadas","22":"tag-resumenes","23":"tag-spain","24":"tag-titulares","25":"tag-ultimas-noticias","26":"tag-ultimasnoticias"},"share_on_mastodon":{"url":"https:\/\/pubeurope.com\/@es\/115768775389839144","error":""},"_links":{"self":[{"href":"https:\/\/www.europesays.com\/es\/wp-json\/wp\/v2\/posts\/303184","targetHints":{"allow":["GET"]}}],"collection":[{"href":"https:\/\/www.europesays.com\/es\/wp-json\/wp\/v2\/posts"}],"about":[{"href":"https:\/\/www.europesays.com\/es\/wp-json\/wp\/v2\/types\/post"}],"author":[{"embeddable":true,"href":"https:\/\/www.europesays.com\/es\/wp-json\/wp\/v2\/users\/2"}],"replies":[{"embeddable":true,"href":"https:\/\/www.europesays.com\/es\/wp-json\/wp\/v2\/comments?post=303184"}],"version-history":[{"count":0,"href":"https:\/\/www.europesays.com\/es\/wp-json\/wp\/v2\/posts\/303184\/revisions"}],"wp:featuredmedia":[{"embeddable":true,"href":"https:\/\/www.europesays.com\/es\/wp-json\/wp\/v2\/media\/303185"}],"wp:attachment":[{"href":"https:\/\/www.europesays.com\/es\/wp-json\/wp\/v2\/media?parent=303184"}],"wp:term":[{"taxonomy":"category","embeddable":true,"href":"https:\/\/www.europesays.com\/es\/wp-json\/wp\/v2\/categories?post=303184"},{"taxonomy":"post_tag","embeddable":true,"href":"https:\/\/www.europesays.com\/es\/wp-json\/wp\/v2\/tags?post=303184"}],"curies":[{"name":"wp","href":"https:\/\/api.w.org\/{rel}","templated":true}]}}