{"id":303194,"date":"2025-12-23T12:10:10","date_gmt":"2025-12-23T12:10:10","guid":{"rendered":"https:\/\/www.europesays.com\/es\/303194\/"},"modified":"2025-12-23T12:10:10","modified_gmt":"2025-12-23T12:10:10","slug":"nicolas-cabre-y-rocio-pardo-decoraron-su-nueva-casa-en-villa-carlos-paz-los-detalles-que-le-dieron-un-estilo-vintage","status":"publish","type":"post","link":"https:\/\/www.europesays.com\/es\/303194\/","title":{"rendered":"Nicol\u00e1s Cabr\u00e9 y Roc\u00edo Pardo decoraron su nueva casa en Villa Carlos Paz: los detalles que le dieron un estilo vintage"},"content":{"rendered":"<p class=\"com-paragraph   --s\"><a href=\"https:\/\/www.lanacion.com.ar\/espectaculos\/personajes\/todas-las-fotos-de-la-boda-de-nicolas-cabre-y-rocio-pardo-fue-magico-nid08122025\/\" target=\"_self\" title=\"https:\/\/www.lanacion.com.ar\/espectaculos\/personajes\/todas-las-fotos-de-la-boda-de-nicolas-cabre-y-rocio-pardo-fue-magico-nid08122025\/\" class=\"com-link break-word\" data-mrf-recirculation=\"n_link_parrafo\" rel=\"nofollow noopener\">A dos semanas de su casamiento<\/a>,<strong> Nicol\u00e1s Cabr\u00e9<\/strong> y <strong>Roc\u00edo Pardo<\/strong> dieron un nuevo paso para fortalecer su v\u00ednculo: iniciaron una nueva etapa de convivencia en una casa ubicada en <strong>Villa Carlos Paz<\/strong> en la provincia de C\u00f3rdoba. Para ello, el actor y la bailarina tomaron cartas en el asunto para hacer propio cada espacio con detalles est\u00e9ticos de vanguardia.<\/p>\n<p class=\"com-paragraph   --s\">La pareja comparti\u00f3, a trav\u00e9s de sus redes sociales, los avances en la remodelaci\u00f3n de su hogar, un proyecto dise\u00f1ado para <strong>priorizar la serenidad y el contacto con la naturaleza<\/strong>. <\/p>\n<p>La publicaci\u00f3n de Pardo en Instagram<\/p>\n<p class=\"com-paragraph   --s\">El foco de la decoraci\u00f3n se centr\u00f3 en la decoraci\u00f3n de una amplia terraza, un espacio especial para compartir juntadas entre amigos. Adem\u00e1s de esta b\u00fasqueda,<a href=\"https:\/\/www.lanacion.com.ar\/espectaculos\/nicolas-cabre-y-rocio-pardo-se-casaron-por-civil-el-romantico-beso-los-looks-de-los-novios-y-el-nid04122025\/\" target=\"_self\" title=\"https:\/\/www.lanacion.com.ar\/espectaculos\/nicolas-cabre-y-rocio-pardo-se-casaron-por-civil-el-romantico-beso-los-looks-de-los-novios-y-el-nid04122025\/\" class=\"com-link break-word\" data-mrf-recirculation=\"n_link_parrafo\" rel=\"nofollow noopener\"><strong> Cabr\u00e9<\/strong> y <strong>Pardo<\/strong><\/a><strong> <\/strong>trataron de concebir este espacio como un lugar de bienestar, decorado con muchos elementos de jard\u00edn y plantas que le dan un aire fresco. <\/p>\n<p>Roc\u00edo Pardo mostr\u00f3 la comodidad de su nuevo hogar<\/p>\n<p class=\"com-paragraph   --s\">Con una est\u00e9tica funcional y moderna, Cabr\u00e9 seleccion\u00f3 una paleta de colores neutros como el<strong> beige, gris claro y blanco tiza<\/strong>. La elecci\u00f3n estuvo orientada para resaltar la luminosidad natural de este lugar y generar una conexi\u00f3n con los espacios verdes de la terraza.<\/p>\n<p><img class=\"image flex com-image --cover\" decoding=\"async\" fetchpriority=\"low\" loading=\"lazy\" src=\"https:\/\/www.europesays.com\/es\/wp-content\/uploads\/2025\/12\/https:\/\/cdn.jwplayer.com\/v2\/media\/a1rIh5Hu\/poster.jpg\" alt=\"Roc\u00edo Pardo mostr\u00f3 la intimidad de su casa en Villa Carlos Paz\"\/>Roc\u00edo Pardo mostr\u00f3 la intimidad de su casa en Villa Carlos Paz<\/p>\n<p class=\"com-paragraph   --s\">En cuanto al mobiliario y la estructura del espacio exterior se destacan unos sillones amplios, de tonos marrones, y mesas bajas que se complementan con este objeto ideado para la comodidad de los presentes. <\/p>\n<p>Nicol\u00e1s Cabre y su esposa Roc\u00edo Pardo<\/p>\n<p class=\"com-paragraph   --s\">Por otra parte, la elecci\u00f3n de este destino tur\u00edstico en C\u00f3rdoba responde a una voluntad de la pareja por establecer un ritmo de vida m\u00e1s pausado. La diagramaci\u00f3n de cada ambiente del hogar fue pensado para optimizar los momentos de descanso y la vida al aire libre, aprovechando el marco natural que ofrecen las sierras cordobesas.<\/p>\n<p>Sillones y sombrillas decoran la terraza<\/p>\n<p class=\"com-paragraph   --s\">Este avance en la puesta a punto de su casa de C\u00f3rdoba marca el inicio formal de su vida de casados, apenas dos semanas despu\u00e9s de su celebraci\u00f3n de boda, consolidando su apuesta por un refugio personal que equilibra<strong> elegancia y simplicidad<\/strong>.<\/p>\n<p class=\"com-paragraph   --s\">Roci\u00f3 Pardo tiene 30 a\u00f1os, es oriunda de la provincia de C\u00f3rdoba y es hija del productor Miguel Pardo. <a href=\"https:\/\/www.lanacion.com.ar\/espectaculos\/quien-es-rocio-pardo-la-flamante-esposa-de-nicolas-cabre-nid04122025\/\" target=\"_self\" title=\"https:\/\/www.lanacion.com.ar\/espectaculos\/quien-es-rocio-pardo-la-flamante-esposa-de-nicolas-cabre-nid04122025\/\" class=\"com-link break-word\" data-mrf-recirculation=\"n_link_parrafo\" rel=\"nofollow noopener\">De profesi\u00f3n bailarina, tambi\u00e9n se desarroll\u00f3 como productora y directora<\/a>. Uno de sus trabajos consagratorios fue en Pretty Woman en el Bailando por un sue\u00f1o.<\/p>\n<p class=\"com-paragraph   --s\">Con un pasado amoroso con Ulises Bueno, la bailarina conquist\u00f3 el coraz\u00f3n de Nicol\u00e1s Cabr\u00e9 y, a dos a\u00f1os de mantener una relaci\u00f3n amorosa, sellaron el v\u00ednculo matrimonial el pasado <strong>6 de diciembre <\/strong>en una ceremonia exclusiva para familiares y personas del c\u00edrculo \u00edntimo de las dos celebridades.<\/p>\n<p>Nicol\u00e1s Cabr\u00e9 y Roc\u00edo Pardo<\/p>\n<p class=\"com-paragraph   --s\"><strong>Roc\u00edo Pardo comenz\u00f3 a bailar a los tres a\u00f1os <\/strong>y hasta los 18 hizo de la danza su vida. \u201cMe crie en un teatro. De muy chiquita fui aprendiendo al lado de mi pap\u00e1 y pas\u00e9 por todas las facetas que tiene el teatro. <strong>Empec\u00e9 limpiando ba\u00f1os, hice pochoclos, fui acomodadora, aprend\u00ed a manejar consolas de sonido y de luces<\/strong>. Pas\u00e9 por todas las \u00e1reas hasta que fui la mano derecha de \u00e9l, que para m\u00ed fue el desaf\u00edo m\u00e1s grande porque eran muchas producciones. Yo ten\u00eda 16 a\u00f1os y era la mano derecha de mi pap\u00e1. A su vez ten\u00eda ese lado artista que quer\u00eda explotar como bailarina y actriz\u201d, dijo durante una entrevista con <strong>LA NACION<\/strong>.<\/p>\n<p class=\"com-paragraph   --s\">A su vez, antes de culminar el a\u00f1o, encabezar\u00e1 una obra de teatro junto a Nicol\u00e1s Cabr\u00e9 llamada <strong>Ni media palabra<\/strong>, una comedia que har\u00e1 con<strong> Mariano Mart\u00ednez y Marcos \u201cBicho\u201d G\u00f3mez <\/strong>que se estrena el 25 de diciembre en el Teatro Holiday.<\/p>\n","protected":false},"excerpt":{"rendered":"A dos semanas de su casamiento, Nicol\u00e1s Cabr\u00e9 y Roc\u00edo Pardo dieron un nuevo paso para fortalecer su&hellip;\n","protected":false},"author":2,"featured_media":303195,"comment_status":"","ping_status":"","sticky":false,"template":"","format":"standard","meta":{"footnotes":""},"categories":[174],"tags":[71804,255,146,147,25,24,256,13532,23],"class_list":{"0":"post-303194","1":"post","2":"type-post","3":"status-publish","4":"format-standard","5":"has-post-thumbnail","7":"category-famosos","8":"tag-adelia-zeidler","9":"tag-celebrities","10":"tag-entertainment","11":"tag-entretenimiento","12":"tag-es","13":"tag-espana","14":"tag-famosos","15":"tag-george-clooney","16":"tag-spain"},"share_on_mastodon":{"url":"https:\/\/pubeurope.com\/@es\/115768815100630967","error":""},"_links":{"self":[{"href":"https:\/\/www.europesays.com\/es\/wp-json\/wp\/v2\/posts\/303194","targetHints":{"allow":["GET"]}}],"collection":[{"href":"https:\/\/www.europesays.com\/es\/wp-json\/wp\/v2\/posts"}],"about":[{"href":"https:\/\/www.europesays.com\/es\/wp-json\/wp\/v2\/types\/post"}],"author":[{"embeddable":true,"href":"https:\/\/www.europesays.com\/es\/wp-json\/wp\/v2\/users\/2"}],"replies":[{"embeddable":true,"href":"https:\/\/www.europesays.com\/es\/wp-json\/wp\/v2\/comments?post=303194"}],"version-history":[{"count":0,"href":"https:\/\/www.europesays.com\/es\/wp-json\/wp\/v2\/posts\/303194\/revisions"}],"wp:featuredmedia":[{"embeddable":true,"href":"https:\/\/www.europesays.com\/es\/wp-json\/wp\/v2\/media\/303195"}],"wp:attachment":[{"href":"https:\/\/www.europesays.com\/es\/wp-json\/wp\/v2\/media?parent=303194"}],"wp:term":[{"taxonomy":"category","embeddable":true,"href":"https:\/\/www.europesays.com\/es\/wp-json\/wp\/v2\/categories?post=303194"},{"taxonomy":"post_tag","embeddable":true,"href":"https:\/\/www.europesays.com\/es\/wp-json\/wp\/v2\/tags?post=303194"}],"curies":[{"name":"wp","href":"https:\/\/api.w.org\/{rel}","templated":true}]}}