{"id":303220,"date":"2025-12-23T12:32:16","date_gmt":"2025-12-23T12:32:16","guid":{"rendered":"https:\/\/www.europesays.com\/es\/303220\/"},"modified":"2025-12-23T12:32:16","modified_gmt":"2025-12-23T12:32:16","slug":"la-emocion-de-vicente-iborra-en-su-despedida","status":"publish","type":"post","link":"https:\/\/www.europesays.com\/es\/303220\/","title":{"rendered":"La emoci\u00f3n de Vicente Iborra en su despedida"},"content":{"rendered":"<p><a class=\"v-mdl-ath__fig-a\" href=\"https:\/\/www.lasprovincias.es\/autor\/eric-martin-7178.html\" title=\"Eric Mart\u00edn\" rel=\"nofollow noopener\" target=\"_blank\"><br \/>\n<img decoding=\"async\" class=\"v-mdl-ath__img\" src=\"https:\/\/www.europesays.com\/es\/wp-content\/uploads\/2025\/07\/autor-7178-foto-1.jpeg\" alt=\"Eric Mart\u00edn\"\/><br \/>\n<\/a><\/p>\n<p class=\"v-mdl-ath__p v-mdl-ath__p--6\">\nMartes, 23 de diciembre 2025, 09:28<\/p>\n<p>| Actualizado 10:35h.<\/p>\n<p class=\"v-p\">Para un levantinista de coraz\u00f3n, que siente el club como pocos pueden hacerlo, hay pocas cosas m\u00e1s significativas que estar en el <a href=\"https:\/\/www.lasprovincias.es\/levanteud\/\" target=\"_self\" data-voc-vtm-id=\"in-text-traffic\" title=\"Levante UD\" data-mrf-link=\"www.lasprovincias.es\" rel=\"nofollow noopener\">Levante UD<\/a>. Para Vicente Iborra es el mayor de los privilegios. El pasado verano y tras una decisi\u00f3n bien meditada, decidi\u00f3 colgar las botas. Pero ahora contin\u00faa ligado al decano valenciano como asistente del cuerpo t\u00e9cnico y m\u00e1s recientemente como el brazo derecho de Del Moral en las \u00faltimas semanas en las que han comandado al equipo. El s\u00e1bado, <a href=\"https:\/\/www.lasprovincias.es\/levanteud\/empate-agonico-debe-servir-punto-inflexion-20251220181928-nt.html\" target=\"_self\" data-voc-vtm-id=\"in-text-traffic\" title=\"en lo que signific\u00f3 su \u00faltimo partido dirigido\" rel=\"nofollow noopener\">en lo que signific\u00f3 su \u00faltimo partido dirigido<\/a>, Iborra fue desbordado claramente como la emoci\u00f3n.<\/p>\n<p class=\"v-p\">Pese a no reconocerlo ninguno p\u00fablicamente, sab\u00edan que el duelo contra la Real Sociedad era el \u00faltimo que iba a dirigir el t\u00e1ndem. Quer\u00edan marcharse con buen sabor de boca y regalando una gran alegr\u00eda a todos los granotas antes de la Navidad. El programa de &#8216;El D\u00eda Despu\u00e9s&#8217; hizo un exhaustivo seguimiento a c\u00f3mo Iborra vivi\u00f3 esa jornada. Desde la banda del Ciutat, el de Moncada lo vivi\u00f3 con gran efusividad. No par\u00f3 pr\u00e1cticamente en ning\u00fan momento de dar indicaciones, intercambiaba impresiones con otros miembros del banquillo, trataba de alentar a la grada tras el gol del empate e incluso mostraba una sonrisa nerviosa con Del Moral cuando en el \u00faltimo c\u00f3rner a favor ten\u00edan la opci\u00f3n de ganar.<\/p>\n<p class=\"v-p\">El pitido final supon\u00eda dos cosas. <a href=\"https:\/\/www.lasprovincias.es\/levanteud\/luis-castro-nombrado-nuevo-entrenador-levante-20251220195313-nt.html\" target=\"_self\" data-voc-vtm-id=\"in-text-traffic\" title=\"La primera, el hecho de que Iborra regresar\u00eda a su anterior rol de asistente t\u00e9cnico, ahora con Luis Castro a partir del 29 de diciembre, como confirm\u00f3 el comunicado oficial del Levante\" rel=\"nofollow noopener\">La primera, el hecho de que Iborra regresar\u00eda a su anterior rol de asistente t\u00e9cnico, ahora con Luis Castro a partir del 29 de diciembre, como confirm\u00f3 el comunicado oficial del Levante<\/a>. Y a su vez fue una liberaci\u00f3n en que las emociones salieron a flote. Tras la tempestad, Iborra se sentaba en el banquillo y las l\u00e1grimas brotaban de su rostro por todo lo vivido ese d\u00eda y las anteriores semanas. Su apariencia de hombre fornido esconde la de una persona con grandes arraigos granotas y que nunca ha negado el f\u00fatbol c\u00f3mo lo que realmente deber\u00eda ser: una pasi\u00f3n con miles de sentimiento en la que deber\u00eda ser la prioridad antes que obtener grandes cantidades de dinero.<\/p>\n<p><a href=\"http:\/\/www.lasprovincias.es\/levanteud\/idilio-gol-termina-levante-20251222144526-nt.html#vtm_modulosEngag=mod-rel:levanteud:noticia:1:cmp:1-not\" class=\"v-a-link\" aria-label=\"Imagen\" rel=\"nofollow noopener\" target=\"_blank\"><\/p>\n<p><img decoding=\"async\" loading=\"lazy\" src=\"https:\/\/www.europesays.com\/es\/wp-content\/uploads\/2025\/12\/20251220 J17 LEVANTE UD-REAL SOCIEDAD REDES 374-U35880773784uYK-366x256@Las Provincias.jpg\" class=\"v-a-img\" width=\"258\" height=\"180\" alt=\"\" data-voc-vtm-id=\"in-text-traffic\"\/><\/p>\n<p><\/a><\/p>\n<p class=\"v-p\">Horas m\u00e1s tarde, el propio Iborra tambi\u00e9n compart\u00eda su despedida a trav\u00e9s de sus redes sociales oficiales. Adem\u00e1s de agradecer el respaldo de todo el levantinismo y mantener que iban a luchar hasta el final por conseguir el objetivo de la permanencia en Primera Divisi\u00f3n, tambi\u00e9n sorprendi\u00f3 el dardo que se escond\u00eda tras una de sus frases.<\/p>\n<p class=\"v-p\">\u00abA \u00c1lvaro y a todos los miembros del cuerpo t\u00e9cnico, de los cuales he aprendido tanto en tan poco tiempo, no han tenido ni una queja y han remado a contracorriente doli\u00e9ndoles la situaci\u00f3n, a diferencia de los que han aprovechado para desestabilizar y hurgar en la herida de un club que tanto dicen que les importa&#8230;\u00bb, dec\u00eda Iborra. Sin un nombre directamente mencionado, el exfutbolista se ha encargado de desmentir p\u00fablicamente que fuera Luis Garc\u00eda ese destinatario.<\/p>\n<p>Reporta un error<\/p>\n","protected":false},"excerpt":{"rendered":"Martes, 23 de diciembre 2025, 09:28 | Actualizado 10:35h. Para un levantinista de coraz\u00f3n, que siente el club&hellip;\n","protected":false},"author":2,"featured_media":303221,"comment_status":"","ping_status":"","sticky":false,"template":"","format":"standard","meta":{"footnotes":""},"categories":[268],"tags":[168,204,18266,25,24,280,282,71806,281,23,167,13291],"class_list":{"0":"post-303220","1":"post","2":"type-post","3":"status-publish","4":"format-standard","5":"has-post-thumbnail","7":"category-futbol","8":"tag-deportes","9":"tag-despedida","10":"tag-emocion","11":"tag-es","12":"tag-espana","13":"tag-football","14":"tag-futbol","15":"tag-iborra","16":"tag-soccer","17":"tag-spain","18":"tag-sports","19":"tag-vicente"},"share_on_mastodon":{"url":"https:\/\/pubeurope.com\/@es\/115768902139361258","error":""},"_links":{"self":[{"href":"https:\/\/www.europesays.com\/es\/wp-json\/wp\/v2\/posts\/303220","targetHints":{"allow":["GET"]}}],"collection":[{"href":"https:\/\/www.europesays.com\/es\/wp-json\/wp\/v2\/posts"}],"about":[{"href":"https:\/\/www.europesays.com\/es\/wp-json\/wp\/v2\/types\/post"}],"author":[{"embeddable":true,"href":"https:\/\/www.europesays.com\/es\/wp-json\/wp\/v2\/users\/2"}],"replies":[{"embeddable":true,"href":"https:\/\/www.europesays.com\/es\/wp-json\/wp\/v2\/comments?post=303220"}],"version-history":[{"count":0,"href":"https:\/\/www.europesays.com\/es\/wp-json\/wp\/v2\/posts\/303220\/revisions"}],"wp:featuredmedia":[{"embeddable":true,"href":"https:\/\/www.europesays.com\/es\/wp-json\/wp\/v2\/media\/303221"}],"wp:attachment":[{"href":"https:\/\/www.europesays.com\/es\/wp-json\/wp\/v2\/media?parent=303220"}],"wp:term":[{"taxonomy":"category","embeddable":true,"href":"https:\/\/www.europesays.com\/es\/wp-json\/wp\/v2\/categories?post=303220"},{"taxonomy":"post_tag","embeddable":true,"href":"https:\/\/www.europesays.com\/es\/wp-json\/wp\/v2\/tags?post=303220"}],"curies":[{"name":"wp","href":"https:\/\/api.w.org\/{rel}","templated":true}]}}