{"id":303222,"date":"2025-12-23T12:33:14","date_gmt":"2025-12-23T12:33:14","guid":{"rendered":"https:\/\/www.europesays.com\/es\/303222\/"},"modified":"2025-12-23T12:33:14","modified_gmt":"2025-12-23T12:33:14","slug":"la-navidad-no-es-de-reconciliacion-porque-no-procede","status":"publish","type":"post","link":"https:\/\/www.europesays.com\/es\/303222\/","title":{"rendered":"La Navidad no es de reconciliaci\u00f3n porque no procede"},"content":{"rendered":"<p data-journey-content=\"true\" data-node-id=\"3\" class=\"css-6wxqfj emevuu60\"><a href=\"https:\/\/www.diezminutos.es\/gloria-camila\/\" target=\"_blank\" data-vars-ga-outbound-link=\"https:\/\/www.diezminutos.es\/gloria-camila\/\" data-vars-ga-ux-element=\"Hyperlink\" data-vars-ga-call-to-action=\"Gloria Camila Ortega\" data-node-id=\"3.0\" class=\"body-link css-177bzfx emevuu60\" rel=\"nofollow noopener\">Gloria Camila Ortega<\/a> no quiere saber absolutamente nada de su hermana, <a href=\"https:\/\/www.diezminutos.es\/rocio-carrasco\/\" target=\"_blank\" data-vars-ga-outbound-link=\"https:\/\/www.diezminutos.es\/rocio-carrasco\/\" data-vars-ga-ux-element=\"Hyperlink\" data-vars-ga-call-to-action=\"Roc\u00edo Carrasco\" data-node-id=\"3.2\" class=\"body-link css-177bzfx emevuu60\" rel=\"nofollow noopener\">Roc\u00edo Carrasco<\/a>, ni siquiera por Navidad. Y menos despu\u00e9s de ver un peque\u00f1o v\u00eddeo suyo que ha tra\u00eddo pol\u00e9mica. La influencer y colaboradora televisiva estuvo en primera fila este 22 de diciembre, <a href=\"https:\/\/www.diezminutos.es\/famosos-corazon\/famosos-espanoles\/a69845430\/jose-ortega-cano-fiesta-cumpleanos-tarta-nino-bravo\/\" target=\"_blank\" data-vars-ga-outbound-link=\"https:\/\/www.diezminutos.es\/famosos-corazon\/famosos-espanoles\/a69845430\/jose-ortega-cano-fiesta-cumpleanos-tarta-nino-bravo\/\" data-vars-ga-ux-element=\"Hyperlink\" data-vars-ga-call-to-action=\"celebrando el 72 cumplea\u00f1os de su padre\" data-node-id=\"3.4\" class=\"body-link css-177bzfx emevuu60\" rel=\"nofollow noopener\">celebrando el 72 cumplea\u00f1os de su padre<\/a>, en una fiesta en un conocido restaurante de Madrid donde, muy feliz y rodeado de los suyos, el torero sopl\u00f3 las velas. Gloria no se despeg\u00f3 del diestro en toda la noche, aunque lo tuvo que hacer moment\u00e1neamente para atender a la Prensa all\u00ed congregada, a la que <strong data-node-id=\"3.6\">dej\u00f3 claro que ni siquiera por ser las fechas que son piensa tener un acercamiento con Roc\u00edo<\/strong>: \u00ab\u00bfPor qu\u00e9 en Navidad tengo yo que hablar con gente que durante el a\u00f1o no me han escrito, no se han preocupado?\u00bb, se pregunt\u00f3, y fue m\u00e1s all\u00e1 al afirmar que, <strong data-node-id=\"3.8\">para ella, \u00abni siquiera existe\u00bb<\/strong>.<\/p>\n<p data-journey-content=\"true\" data-node-id=\"6\" class=\"css-6wxqfj emevuu60\">\u00abA m\u00ed la Navidad me pone sensible con los que yo quiero y <a href=\"https:\/\/www.diezminutos.es\/famosos-corazon\/famosos-espanoles\/a69440109\/gloria-camila-ruptura-alvaro-garcia\/\" target=\"_blank\" data-vars-ga-outbound-link=\"https:\/\/www.diezminutos.es\/famosos-corazon\/famosos-espanoles\/a69440109\/gloria-camila-ruptura-alvaro-garcia\/\" data-vars-ga-ux-element=\"Hyperlink\" data-vars-ga-call-to-action=\"con los que me faltan\" data-node-id=\"6.1\" class=\"body-link css-177bzfx emevuu60\" rel=\"nofollow noopener\">con los que me faltan<\/a>, y que de verdad creo que deben estar, pero los que no est\u00e1n es porque no deben de estar y ya est\u00e1, o sea, <strong data-node-id=\"6.3\">no es que en Navidad diga &#8216;venga, voy a hacer las paces con todos mis enemigos&#8217; o con la gente que no&#8230; <\/strong>No. O sea, yo creo que son fechas para estar con los que de verdad quieres y con los que de verdad han estado durante todo el a\u00f1o. Es como un refuerzo de relaci\u00f3n, pero no es de reconciliaci\u00f3n, porque no procede\u00bb, dijo tajante Gloria.<\/p>\n<p><img draggable=\"true\" alt=\"ortega cano celebra sus 72 cumpleanos en familia\" title=\"Ortega Cano celebra sus 72 cumpleanos en familia\" loading=\"lazy\" width=\"3000\" height=\"1913\" decoding=\"async\" data-nimg=\"1\" style=\"color:transparent;width:100%;height:auto;\"   src=\"https:\/\/www.europesays.com\/es\/wp-content\/uploads\/2025\/12\/ortega-cano-sopla-velas-familia-694a3be3e4eb7.jpg\" class=\"css-0 e1g79fud0\"\/><\/p>\n<p>Gtres\u200b<\/p>\n<p>El zasca de Gloria Camila a Roc\u00edo Carrasco: \u00abNi nombro a los que ni est\u00e1n ni se les espera\u00bb<\/p>\n<p data-journey-content=\"true\" data-node-id=\"10\" class=\"css-6wxqfj emevuu60\">Era hace solo unos d\u00edas cuando <a href=\"https:\/\/www.diezminutos.es\/teleprograma\/programas-tv\/a69835179\/gloria-camila-ortega-defiende-olga-moreno-fiesta\/\" target=\"_blank\" data-vars-ga-outbound-link=\"https:\/\/www.diezminutos.es\/teleprograma\/programas-tv\/a69835179\/gloria-camila-ortega-defiende-olga-moreno-fiesta\/\" data-vars-ga-ux-element=\"Hyperlink\" data-vars-ga-call-to-action=\"Gloria tuvo que sacar, en &#039;Fiesta&#039;, su genio para defender a Olga Moreno\" data-node-id=\"10.1\" class=\"body-link css-177bzfx emevuu60\" rel=\"nofollow noopener\">Gloria tuvo que sacar, en &#8216;Fiesta&#8217;, su genio para defender a Olga Moreno<\/a> en un momento en el que la ex de Antonio David <a href=\"https:\/\/www.diezminutos.es\/famosos-corazon\/famosos-espanoles\/a69798613\/olga-moreno-llorar-el-tiempo-justo-ruptura-agustin-etiene-joaquin-prat\/\" target=\"_blank\" data-vars-ga-outbound-link=\"https:\/\/www.diezminutos.es\/famosos-corazon\/famosos-espanoles\/a69798613\/olga-moreno-llorar-el-tiempo-justo-ruptura-agustin-etiene-joaquin-prat\/\" data-vars-ga-ux-element=\"Hyperlink\" data-vars-ga-call-to-action=\"ha demostrado que no est\u00e1 del todo bien\" data-node-id=\"10.3\" class=\"body-link css-177bzfx emevuu60\" rel=\"nofollow noopener\">ha demostrado que no est\u00e1 del todo bien<\/a>. Una actitud que algunos afearon, as\u00ed que aprovech\u00f3 para recordar, a colaci\u00f3n de las preguntas sobre su hermana, que a ella en muchas ocasiones se le recrimina c\u00f3mo dice las cosas, pero a otras no se les dice nada: \u00abA m\u00ed se me critica mucho mi actitud, o como que yo he comentado, he dicho&#8230; <strong data-node-id=\"10.5\">pero vi un v\u00eddeo en el que ella misma (Roc\u00edo) se re\u00eda otra vez de mi padre, \u00abdel bullfighter\u00bb, en Colombia<\/strong> [&#8230;]. Estoy tan feliz hoy por \u00e9l, por los que tiene que estar, que es que ni nombro a los que ni est\u00e1n ni se les espera\u00bb, apunt\u00f3 Gloria.<\/p>\n<p data-journey-content=\"true\" data-node-id=\"14\" class=\"css-6wxqfj emevuu60\">Hay que recordar que recientemente Roc\u00edo Carrasco pasaba por el reality &#8216;Hasta el fin del mundo&#8217;, de TVE, donde, en una conversaci\u00f3n con su compa\u00f1era de aventuras por Latinoam\u00e9rica, Anabel Due\u00f1as, hablaba de sus visitas a Colombia, y afirmaba: \u00ab<strong data-node-id=\"14.1\">Yo v<\/strong><strong data-node-id=\"14.2\">en\u00eda con mi madre y con el &#8216;brave bullfighter&#8217; (torero bravo)<\/strong>\u00ab, una expresi\u00f3n que Anabel no terminaba de entender, hasta que Roc\u00edo mariz\u00f3 que se refer\u00eda a <a href=\"https:\/\/www.diezminutos.es\/famosos-corazon\/famosos-espanoles\/a41570590\/ortega-cano-entrevista-confiesa-amor-ana-maria-aldon-hijos-el-programa-de-ana-rosa\/\" target=\"_blank\" data-vars-ga-outbound-link=\"https:\/\/www.diezminutos.es\/famosos-corazon\/famosos-espanoles\/a41570590\/ortega-cano-entrevista-confiesa-amor-ana-maria-aldon-hijos-el-programa-de-ana-rosa\/\" data-vars-ga-ux-element=\"Hyperlink\" data-vars-ga-call-to-action=\"&quot;semen de fuerza&quot;, una expresi\u00f3n que populariz\u00f3 Ortega Cano\" data-node-id=\"14.4\" class=\"body-link css-177bzfx emevuu60\" rel=\"nofollow noopener\">\u00ab<strong data-node-id=\"14.4.1\">semen de fuerza<\/strong>\u00ab, una expresi\u00f3n que populariz\u00f3 Ortega Cano<\/a>, y que provoc\u00f3 las risas de ambas. A la vista est\u00e1 que este momento no ha hecho ninguna gracia a Gloria Camila, y no hace sino alejarla a\u00fan m\u00e1s de su hermana de lo que ya lo estaba.<\/p>\n<p><img src=\"https:\/\/www.europesays.com\/es\/wp-content\/uploads\/2025\/12\/1766493194_192_a982b4f8-3383-45d0-81ca-fb597fd6fa80_1734436044.jpg\" alt=\"Headshot of Daniel Reyes\" title=\"Headshot of Daniel Reyes\" width=\"100%\" height=\"100%\" decoding=\"async\" loading=\"lazy\" class=\"css-o0wq4v ev8dhu53\"\/><\/p>\n<p>Daniel Reyes se gradu\u00f3 en Periodismo por la Universidad Rey Juan Carlos. Experto en actualidad de coraz\u00f3n, sociedad y televisi\u00f3n; Dani redacta noticias en Diez Minutos desde 2015, donde ha ganado en los \u00faltimos a\u00f1os una gran experiencia a la hora de escribir sobre todas las novedades de los famosos, reality de televisi\u00f3n como &#8216;Supervivientes&#8217; y &#8216;La isla de las tentaciones&#8217; o series.<br \/>\nLas redes sociales no tienen secretos para \u00e9l, donde se mueve como pez en el agua para encontrar la \u00faltima hora de la vida de los famosos o la pol\u00e9mica m\u00e1s reciente: lo mismo te habla de las Kardashian que de Isabel Pantoja, Beyonc\u00e9, &#8216;S\u00e1lvame&#8217; o de Felipe y Letizia: Realeza, al fin y al cabo, aunque cada uno en lo suyo.<br \/>\nPeriodista 360, a lo Paquita Salas, tampoco tiene l\u00edmite a la hora de escribir sobre temas tan variados como pol\u00edtica o maternidad, o incluso sobre sus aficiones, que pasan por la moda, las \u00faltimas tendencias o la belleza, algo en lo que se especializ\u00f3 tras pasar por la revista S Moda entre 2014 y 2015, donde si ya lleg\u00f3 haci\u00e9ndole &#8216;til\u00edn&#8217; todo ese mundillo, all\u00ed se volvi\u00f3 todo un experto del maquillaje, las cremas o los tratamientos puntuales teros. Un pasatiempo que sigue desarroll\u00e1ndose y que compagina con su trabajo como redactor.<\/p>\n","protected":false},"excerpt":{"rendered":"Gloria Camila Ortega no quiere saber absolutamente nada de su hermana, Roc\u00edo Carrasco, ni siquiera por Navidad. Y&hellip;\n","protected":false},"author":2,"featured_media":303223,"comment_status":"","ping_status":"","sticky":false,"template":"","format":"standard","meta":{"footnotes":""},"categories":[174],"tags":[255,253,146,147,25,24,256,23],"class_list":{"0":"post-303222","1":"post","2":"type-post","3":"status-publish","4":"format-standard","5":"has-post-thumbnail","7":"category-famosos","8":"tag-celebrities","9":"tag-discover","10":"tag-entertainment","11":"tag-entretenimiento","12":"tag-es","13":"tag-espana","14":"tag-famosos","15":"tag-spain"},"share_on_mastodon":{"url":"https:\/\/pubeurope.com\/@es\/115768905337500760","error":""},"_links":{"self":[{"href":"https:\/\/www.europesays.com\/es\/wp-json\/wp\/v2\/posts\/303222","targetHints":{"allow":["GET"]}}],"collection":[{"href":"https:\/\/www.europesays.com\/es\/wp-json\/wp\/v2\/posts"}],"about":[{"href":"https:\/\/www.europesays.com\/es\/wp-json\/wp\/v2\/types\/post"}],"author":[{"embeddable":true,"href":"https:\/\/www.europesays.com\/es\/wp-json\/wp\/v2\/users\/2"}],"replies":[{"embeddable":true,"href":"https:\/\/www.europesays.com\/es\/wp-json\/wp\/v2\/comments?post=303222"}],"version-history":[{"count":0,"href":"https:\/\/www.europesays.com\/es\/wp-json\/wp\/v2\/posts\/303222\/revisions"}],"wp:featuredmedia":[{"embeddable":true,"href":"https:\/\/www.europesays.com\/es\/wp-json\/wp\/v2\/media\/303223"}],"wp:attachment":[{"href":"https:\/\/www.europesays.com\/es\/wp-json\/wp\/v2\/media?parent=303222"}],"wp:term":[{"taxonomy":"category","embeddable":true,"href":"https:\/\/www.europesays.com\/es\/wp-json\/wp\/v2\/categories?post=303222"},{"taxonomy":"post_tag","embeddable":true,"href":"https:\/\/www.europesays.com\/es\/wp-json\/wp\/v2\/tags?post=303222"}],"curies":[{"name":"wp","href":"https:\/\/api.w.org\/{rel}","templated":true}]}}