{"id":303236,"date":"2025-12-23T12:42:09","date_gmt":"2025-12-23T12:42:09","guid":{"rendered":"https:\/\/www.europesays.com\/es\/303236\/"},"modified":"2025-12-23T12:42:09","modified_gmt":"2025-12-23T12:42:09","slug":"estrenos-que-llegan-a-la-plataforma-skyshowtime-en-el-mes-de-enero-del-2026-smart-tv-smartlife","status":"publish","type":"post","link":"https:\/\/www.europesays.com\/es\/303236\/","title":{"rendered":"Estrenos que llegan a la plataforma SkyShowtime en el mes de enero del 2026 | Smart TV | Smartlife"},"content":{"rendered":"<p class=\"\">La plataforma de v\u00eddeo en streaming <b>SkyShowtime<\/b> ha anunciado los <b>estrenos<\/b> que tiene programados por ahora para el mes de <b>enero del 2026<\/b>, el primero del a\u00f1o. Te mostramos lo que debes tener presente de este servicio que ofrece una muy buena calidad en sus contenidos.<\/p>\n<p class=\"\">Comenzamos por una serie que puede ser de las sorpresas del inicio del a\u00f1o <a href=\"https:\/\/cincodias.elpais.com\/smartlife\/smart-tv\/2025-09-03\/skyshowtime-taylor-sheridan-creador-yellowstone-novedades.html\" rel=\"nofollow noopener\" target=\"_blank\">en Skyshowtime<\/a>: <b>Amadeus<\/b> (2 de enero). Con 25 a\u00f1os, Amadeus, interpretado por Will Sharpe, desembarca en Viena decidido a reinventarse como artista y a dejar atr\u00e1s la etiqueta de ni\u00f1o prodigio que ha marcado su vida. Sin empleo y reci\u00e9n liberado de la f\u00e9rrea influencia de su padre, inicia una etapa de b\u00fasqueda personal y creativa en una ciudad tan deslumbrante como implacable. En ese proceso resulta clave Constanze Weber, una joven cantante encarnada por Gabrielle Creevy, que no solo se convierte en su compa\u00f1era sentimental y futura esposa, sino tambi\u00e9n en un <b>apoyo esencial<\/b> para abrirle puertas en el exigente entorno musical vien\u00e9s.<\/p>\n<p class=\"\">Gracias a la red de contactos de Constanze, Amadeus accede a los salones m\u00e1s exclusivos y entra en contacto con Antonio Salieri, el respetado compositor de la corte, al que da vida Paul Bettany. Entre ambos surge una <b>relaci\u00f3n de cercan\u00eda y admiraci\u00f3n inicial que pronto se ve alterada<\/b>. El talento desbordante de Amadeus, unido a una conducta poco convencional y a una reputaci\u00f3n cada vez m\u00e1s inc\u00f3moda, act\u00faa como un espejo cruel para Salieri. Su fe, su sentido del m\u00e9rito y su lugar en el mundo comienzan a resquebrajarse, transformando la admiraci\u00f3n en una rivalidad enfermiza que deriva en obsesi\u00f3n y en el deseo de destruir a quien percibe como el aut\u00e9ntico elegido de Dios.<\/p>\n<p class=\"\">En lo que tiene que ver con las pel\u00edculas, lo destacable entre los estrenos es <b>M3GAN 2.0<\/b>, programada para el 26 de enero en SkyShowtime. Dos a\u00f1os despu\u00e9s de los acontecimientos que convirtieron a la primera entrega en un fen\u00f3meno del terror contempor\u00e1neo, la historia retoma el pulso con una premisa que ampl\u00eda su alcance y ambici\u00f3n. Gemma, interpretada de nuevo por Allison Williams, se ve obligada a <b>enfrentarse las consecuencias de su propia creaci\u00f3n<\/b> cuando surge una nueva amenaza: Amelia, un arma militar desarrollada por un poderoso contratista del sector de la defensa que ha robado y perfeccionado la tecnolog\u00eda original de la mu\u00f1eca. Ante un peligro que supera cualquier protocolo de seguridad, la \u00fanica opci\u00f3n posible pasa por resucitar a M3GAN, ahora actualizada y con capacidades mejoradas.<\/p>\n<p><img alt=\"Pel\u00edcula M3GAN 2.0 de SkyShowtime\" decoding=\"auto\" class=\"_re lazyload a_m-h\" height=\"234\"  width=\"414\"  src=\"https:\/\/www.europesays.com\/es\/wp-content\/uploads\/2025\/12\/QZBFPTCGBFB7PIXTMGN4MOMOGA.jpg\" loading=\"lazy\"\/>Pel\u00edcula M3GAN 2.0 de SkyShowtimeSkyShowtime<\/p>\n<p class=\"\">M3GAN 2.0 apuesta as\u00ed por una <b>reflexi\u00f3n m\u00e1s abierta sobre el uso de la inteligencia artificial<\/b> en contextos civiles y militares, sin renunciar al tono provocador y sat\u00edrico que defini\u00f3 a la primera entrega. La pel\u00edcula vuelve a estar escrita y dirigida por Gerard Johnstone, con guion firmado junto a Akela Cooper, a partir de los personajes creados por Cooper y James Wan. El resultado es una secuela que busca equilibrar espect\u00e1culo, terror y comentario social.<\/p>\n<p>Otro buen estreno en SkyShowtime en enero del 2026<\/p>\n<p class=\"\">Aparte de las dos opciones antes mencionadas, entre los estrenos que tiene <a href=\"https:\/\/cincodias.elpais.com\/smartlife\/smart-tv\/2025-06-06\/matices-serie-skyshowtime-elsa-pataky.html\" rel=\"nofollow noopener\" target=\"_blank\">programados SkyShowtime<\/a> para el mes que inicia el a\u00f1o tambi\u00e9n est\u00e1 <b>The Death of Bunny Munro<\/b> (30 de enero). Hablamos de una serie se basa en esta trama: tras la muerte de su esposa, Bunny Munro, interpretado por Matt Smith, queda solo al frente de la crianza de su hijo peque\u00f1o, una responsabilidad para la que nunca se ha sentido preparado. Este es un vendedor ambulante de productos de belleza, obsesionado con el sexo, atrapado en una visi\u00f3n caduca de la masculinidad y <b>completamente desconectado de sus propias emociones<\/b>. En ese contexto, padre e hijo se lanzan a un viaje por carretera a trav\u00e9s del sur de Inglaterra que, lejos de ofrecerles refugio o redenci\u00f3n inmediata, se convierte en una sucesi\u00f3n de episodios inc\u00f3modos, excesivos y, a menudo, desestabilizadores.<\/p>\n<p><img alt=\"Protagonistas de la serie The Death of Bunny Munro de SkyShowtime\" decoding=\"auto\" class=\"_re lazyload a_m-h\" height=\"268\"  width=\"414\"  src=\"https:\/\/www.europesays.com\/es\/wp-content\/uploads\/2025\/12\/4BB6277YMJCZLLNBF4R7J4VTVE.jpg\" loading=\"lazy\"\/>Protagonistas de la serie The Death of Bunny Munro de SkyShowtimeSkyShowtime<\/p>\n<p class=\"\">A medida que la narraci\u00f3n avanza, la serie va desprendi\u00e9ndose del tono grotesco inicial para adentrarse en un terreno m\u00e1s \u00edntimo y doloroso. Bunny comienza a intuir que su forma de estar en el mundo <b>amenaza con marcar de manera irreversible a su hijo<\/b>, y que repetir ciertos patrones puede condenarlo a la misma soledad emocional. Basada en la novela hom\u00f3nima de Nick Cave, The Death of Bunny Munro combina humor negro, crudeza y sensibilidad para construir una par\u00e1bola contempor\u00e1nea sobre la herencia emocional, la culpa y la posibilidad -fr\u00e1gil, pero real- de cambiar. Su retrato de la relaci\u00f3n paterno-filial resulta tan inc\u00f3modo como conmovedor.<\/p>\n","protected":false},"excerpt":{"rendered":"La plataforma de v\u00eddeo en streaming SkyShowtime ha anunciado los estrenos que tiene programados por ahora para el&hellip;\n","protected":false},"author":2,"featured_media":303237,"comment_status":"","ping_status":"","sticky":false,"template":"","format":"standard","meta":{"footnotes":""},"categories":[81],"tags":[119,123,124,2308,25,24,16428,117,121,122,10218,23,118,120,807,48345,48346],"class_list":{"0":"post-303236","1":"post","2":"type-post","3":"status-publish","4":"format-standard","5":"has-post-thumbnail","7":"category-ciencia-y-tecnologia","8":"tag-ciencia","9":"tag-ciencia-y-tecnologia","10":"tag-cienciaytecnologia","11":"tag-empresas","12":"tag-es","13":"tag-espana","14":"tag-plataformas-digitales","15":"tag-science","16":"tag-science-and-technology","17":"tag-scienceandtechnology","18":"tag-skyshowtime","19":"tag-spain","20":"tag-technology","21":"tag-tecnologia","22":"tag-television","23":"tag-television-digital","24":"tag-television-hd"},"share_on_mastodon":{"url":"https:\/\/pubeurope.com\/@es\/115768941078549121","error":""},"_links":{"self":[{"href":"https:\/\/www.europesays.com\/es\/wp-json\/wp\/v2\/posts\/303236","targetHints":{"allow":["GET"]}}],"collection":[{"href":"https:\/\/www.europesays.com\/es\/wp-json\/wp\/v2\/posts"}],"about":[{"href":"https:\/\/www.europesays.com\/es\/wp-json\/wp\/v2\/types\/post"}],"author":[{"embeddable":true,"href":"https:\/\/www.europesays.com\/es\/wp-json\/wp\/v2\/users\/2"}],"replies":[{"embeddable":true,"href":"https:\/\/www.europesays.com\/es\/wp-json\/wp\/v2\/comments?post=303236"}],"version-history":[{"count":0,"href":"https:\/\/www.europesays.com\/es\/wp-json\/wp\/v2\/posts\/303236\/revisions"}],"wp:featuredmedia":[{"embeddable":true,"href":"https:\/\/www.europesays.com\/es\/wp-json\/wp\/v2\/media\/303237"}],"wp:attachment":[{"href":"https:\/\/www.europesays.com\/es\/wp-json\/wp\/v2\/media?parent=303236"}],"wp:term":[{"taxonomy":"category","embeddable":true,"href":"https:\/\/www.europesays.com\/es\/wp-json\/wp\/v2\/categories?post=303236"},{"taxonomy":"post_tag","embeddable":true,"href":"https:\/\/www.europesays.com\/es\/wp-json\/wp\/v2\/tags?post=303236"}],"curies":[{"name":"wp","href":"https:\/\/api.w.org\/{rel}","templated":true}]}}