{"id":303254,"date":"2025-12-23T12:56:21","date_gmt":"2025-12-23T12:56:21","guid":{"rendered":"https:\/\/www.europesays.com\/es\/303254\/"},"modified":"2025-12-23T12:56:21","modified_gmt":"2025-12-23T12:56:21","slug":"de-su-tarta-a-cantar-por-nino-bravo","status":"publish","type":"post","link":"https:\/\/www.europesays.com\/es\/303254\/","title":{"rendered":"de su tarta a cantar por Nino Bravo"},"content":{"rendered":"<p data-journey-content=\"true\" data-node-id=\"3\" class=\"css-6wxqfj emevuu60\"><strong data-node-id=\"3.0\"><a href=\"https:\/\/www.diezminutos.es\/jose-ortega-cano\/\" target=\"_blank\" data-vars-ga-outbound-link=\"https:\/\/www.diezminutos.es\/jose-ortega-cano\/\" data-vars-ga-ux-element=\"Hyperlink\" data-vars-ga-call-to-action=\"Jos\u00e9 Ortega Cano\" data-node-id=\"3.0.0\" class=\"body-link css-177bzfx emevuu60\" rel=\"nofollow noopener\">Jos\u00e9 Ortega Cano<\/a> celebra sus 72 a\u00f1os por todo lo alto.<\/strong> En la noche del 22 de diciembre, el torero reuni\u00f3 a familia y amigos en el restaurante &#8216;La Pesquera&#8217; de Madrid para festejar su aniversario. A la fiesta no faltaron sus tres hijos Jos\u00e9 Fernando, <a href=\"https:\/\/www.diezminutos.es\/gloria-camila\/\" target=\"_blank\" data-vars-ga-outbound-link=\"https:\/\/www.diezminutos.es\/gloria-camila\/\" data-vars-ga-ux-element=\"Hyperlink\" data-vars-ga-call-to-action=\"Gloria Camila\" data-node-id=\"3.2\" class=\"body-link css-177bzfx emevuu60\" rel=\"nofollow noopener\">Gloria Camila<\/a> y Jos\u00e9 Mar\u00eda, fruto de su matrimonio con Ana Mar\u00eda Ald\u00f3n; su hermana Mari Carmen y su cu\u00f1ado Aniceto; <a href=\"https:\/\/www.diezminutos.es\/rocio-flores\/\" target=\"_blank\" data-vars-ga-outbound-link=\"https:\/\/www.diezminutos.es\/rocio-flores\/\" data-vars-ga-ux-element=\"Hyperlink\" data-vars-ga-call-to-action=\"Roc\u00edo Flores\" data-node-id=\"3.4\" class=\"body-link css-177bzfx emevuu60\" rel=\"nofollow noopener\">Roc\u00edo Flores<\/a>, que es como una nieta para \u00e9l; <a href=\"https:\/\/www.diezminutos.es\/rosa-benito\/\" target=\"_blank\" data-vars-ga-outbound-link=\"https:\/\/www.diezminutos.es\/rosa-benito\/\" data-vars-ga-ux-element=\"Hyperlink\" data-vars-ga-call-to-action=\"Rosa Benito\" data-node-id=\"3.6\" class=\"body-link css-177bzfx emevuu60\" rel=\"nofollow noopener\">Rosa Benito<\/a>, que fue su cu\u00f1ada y buenos amigos como Colate Vallejo-N\u00e1gera y Maril\u00ed Coll. <\/p>\n<p>Ortega Cano celebra 72 a\u00f1os confesando que prepara sus memorias<\/p>\n<p data-journey-content=\"true\" data-node-id=\"7\" class=\"css-6wxqfj emevuu60\">Ortega Cano, que ha reconocido que <a href=\"https:\/\/www.diezminutos.es\/famosos-corazon\/famosos-espanoles\/a69627726\/jose-ortega-cano-cambio-vida-nieta-rocio\/\" target=\"_blank\" data-vars-ga-outbound-link=\"https:\/\/www.diezminutos.es\/famosos-corazon\/famosos-espanoles\/a69627726\/jose-ortega-cano-cambio-vida-nieta-rocio\/\" data-vars-ga-ux-element=\"Hyperlink\" data-vars-ga-call-to-action=\"su nieta Roc\u00edo viva en Madrid le da alegr\u00eda\" data-node-id=\"7.1\" class=\"body-link css-177bzfx emevuu60\" rel=\"nofollow noopener\">su nieta Roc\u00edo viva en Madrid le da alegr\u00eda<\/a>, estaba radiante. Y que es que, a pesar de que el pasado verano falleci\u00f3 Michu, la que fuera pareja de su hijo Jos\u00e9 Fernando y madre de su nieta, <strong data-node-id=\"7.3\">el torero asegura que, en este 2025, est\u00e1 tranquilo y feliz. <\/strong>\u00abVivo de la manera que a m\u00ed me gusta, con tranquilidad, disfrutando de muchas cosas. Muy bien. Viajando mucho\u00bb y revel\u00f3 que est\u00e1 preparando sus memorias. El torero est\u00e1 muy orgulloso de sus tres hijos y que su relaci\u00f3n con su ex, Ana Mar\u00eda Ald\u00f3n, es cordial. \u00abA Ana Mar\u00eda yo le tengo mucho cari\u00f1o y mi hijo ha sido un regalo de Dios, del amor&#8230; Ella acompa\u00f1a a Jos\u00e9 Mar\u00eda a la casa y bueno, hay una complicidad, una forma bastante bonita, que es lo importante, que el ni\u00f1o sea tranquilo y a gusto y feliz\u00bb, dijo. <\/p>\n<p><img draggable=\"true\" alt=\"ortega cano celebra sus 72 cumpleanos en familia\" title=\"Ortega Cano celebra sus 72 cumpleanos en familia\" loading=\"lazy\" width=\"3000\" height=\"4500\" decoding=\"async\" data-nimg=\"1\" style=\"color:transparent;width:100%;height:auto;\"   src=\"https:\/\/www.europesays.com\/es\/wp-content\/uploads\/2025\/12\/ortega-cano-rocio-flores-694a3be52508b.jpg\" class=\"css-0 e1g79fud0\"\/><\/p>\n<p>Gtres\u200b<\/p>\n<p><img draggable=\"true\" alt=\"ortega cano celebra sus 72 cumpleanos en familia\" title=\"Ortega Cano celebra sus 72 cumpleanos en familia\" loading=\"lazy\" width=\"3000\" height=\"4500\" decoding=\"async\" data-nimg=\"1\" style=\"color:transparent;width:100%;height:auto;\"   src=\"https:\/\/www.europesays.com\/es\/wp-content\/uploads\/2025\/12\/ortega-cano-rosa-benito-cumple-694a3be53e3be.jpg\" class=\"css-0 e1g79fud0\"\/><\/p>\n<p>Gtres\u200b<\/p>\n<p>Ortega Cano rodeado de las mujeres de su vida por su 72 cumplea\u00f1os<\/p>\n<p data-journey-content=\"true\" data-node-id=\"12\" class=\"css-6wxqfj emevuu60\"><strong data-node-id=\"12.0\">Ortega Cano recibi\u00f3 el cari\u00f1o y apoyo de las mujeres m\u00e1s importantes de su vida.<\/strong> Adem\u00e1s de su hermana Mari Carmen y Marina, la persona que trabaja en su casa, all\u00ed estuvieron su hija Gloria Camila que le adora aunque cerr\u00f3 la puerta a una reconciliaci\u00f3n con Roc\u00edo Carrasco; <strong data-node-id=\"12.2\">Roc\u00edo Flores que asegur\u00f3 que \u00abrealmente para m\u00ed me ha criado, es parte de mi familia, es mi abuelo<\/strong> y lo amo con todo mi coraz\u00f3n\u00bb y Rosa Benito y su hija Rosario Mohedano que recordaron a Roc\u00edo Jurado.<\/p>\n<p><img draggable=\"true\" alt=\"ortega cano celebra sus 72 cumpleanos en familia\" title=\"Ortega Cano celebra sus 72 cumpleanos en familia\" loading=\"lazy\" width=\"3000\" height=\"3829\" decoding=\"async\" data-nimg=\"1\" style=\"color:transparent;width:100%;height:auto;\"   src=\"https:\/\/www.europesays.com\/es\/wp-content\/uploads\/2025\/12\/ortega-cano-gloria-camila-cumple-694a3be527426.jpg\" class=\"css-0 e1g79fud0\"\/><\/p>\n<p>Gtres\u200b<\/p>\n<p>El mensaje de la tarta de cumplea\u00f1os de Ortega Cano<\/p>\n<p data-journey-content=\"true\" data-node-id=\"18\" class=\"css-6wxqfj emevuu60\"><strong data-node-id=\"18.0\">Uno de los momentos m\u00e1s emotivos de la noche fue cuando Ortega Cano se dispuso a soplar las velas de su tarta,<\/strong> rodeado por su familia y amigos. Mientras le cantaban el &#8216;Cumplea\u00f1os feliz&#8217;, el torero sopl\u00f3 las velas junto a sus tres hijos, orgullosos de su padre, e incluso se arranc\u00f3 a dar unos pases naturales aunque sin capote ante la prensa. \u00abMuchas felicidades Maestro\u00bb se pod\u00eda leer en el pastel junto a una foto de Ortega Cano en unas bodegas y el n\u00famero 72 que son los a\u00f1os que cumpl\u00eda. <\/p>\n<p><img draggable=\"true\" alt=\"ortega cano celebra sus 72 cumpleanos en familia\" title=\"Ortega Cano celebra sus 72 cumpleanos en familia\" loading=\"lazy\" width=\"3000\" height=\"1913\" decoding=\"async\" data-nimg=\"1\" style=\"color:transparent;width:100%;height:auto;\"   src=\"https:\/\/www.europesays.com\/es\/wp-content\/uploads\/2025\/12\/ortega-cano-sopla-velas-familia-694a3be3e4eb7.jpg\" class=\"css-0 e1g79fud0\"\/><\/p>\n<p>Gtres\u200b<\/p>\n<p><img draggable=\"true\" alt=\"ortega cano celebra sus 72 cumpleanos en familia\" title=\"Ortega Cano celebra sus 72 cumpleanos en familia\" loading=\"lazy\" width=\"3000\" height=\"2000\" decoding=\"async\" data-nimg=\"1\" style=\"color:transparent;width:100%;height:auto;\"   src=\"https:\/\/www.europesays.com\/es\/wp-content\/uploads\/2025\/12\/ortega-cano-tarta-cumpleanos-694a3be3a076b.jpg\" class=\"css-0 e1g79fud0\"\/><\/p>\n<p>Gtres\u200b<\/p>\n<p>Ortega Cano se anim\u00f3 a cantar el &#8216;Te quiero, te quiero&#8217; de Nino Bravo<\/p>\n<p data-journey-content=\"true\" data-node-id=\"23\" class=\"css-6wxqfj emevuu60\"><strong data-node-id=\"23.0\">La fiesta por el 72 cumplea\u00f1os de Ortega Cano fue viento en popa<\/strong> y, al final de la velada, Jos\u00e9 Ortega Cano, a petici\u00f3n de Richy Castellanos, buen amigo y organizador del evento, <strong data-node-id=\"23.2\">se anim\u00f3 a cantar a capela una canci\u00f3n de Nino Bravo.<\/strong> Si en la <a href=\"https:\/\/www.diezminutos.es\/famosos-corazon\/especiales\/news\/g10903\/desarchivamos-las-bodas-de-ayer-rociito-y-antonio-david\/\" target=\"_blank\" data-vars-ga-outbound-link=\"https:\/\/www.diezminutos.es\/famosos-corazon\/especiales\/news\/g10903\/desarchivamos-las-bodas-de-ayer-rociito-y-antonio-david\/\" data-vars-ga-ux-element=\"Hyperlink\" data-vars-ga-call-to-action=\"boda de Roc\u00edo Carrasco con Antonio David en 1996\" data-node-id=\"23.4\" class=\"body-link css-177bzfx emevuu60\" rel=\"nofollow noopener\">boda de Roc\u00edo Carrasco con Antonio David en 1996<\/a> su &#8216;Estamos tan agustito&#8217; es historia de la prensa del coraz\u00f3n, en 2019 volvi\u00f3 a demostrar sus <a href=\"https:\/\/www.diezminutos.es\/famosos-corazon\/famosos-espanoles\/a27609325\/ortega-cano-cantando\/\" target=\"_blank\" data-vars-ga-outbound-link=\"https:\/\/www.diezminutos.es\/famosos-corazon\/famosos-espanoles\/a27609325\/ortega-cano-cantando\/\" data-vars-ga-ux-element=\"Hyperlink\" data-vars-ga-call-to-action=\"dotes como cantante con el &#039;Guantanamera&#039;\" data-node-id=\"23.6\" class=\"body-link css-177bzfx emevuu60\" rel=\"nofollow noopener\">dotes como cantante con el &#8216;Guantanamera&#8217;<\/a>. Ahora, en este 2025, el torero se atrevi\u00f3 a entonar a capela algunos versos del  &#8216;Te quiero, te quiero&#8217; y anim\u00f3 a una de sus invitadas a unirse a \u00e9l.<\/p>\n<p><img draggable=\"true\" alt=\"ortega cano celebra sus 72 cumpleanos con sus tres hijos y canta por nino bravo\" title=\"Ortega Cano canta a capela una cancion de Nino Bravo\" loading=\"lazy\" width=\"3000\" height=\"1537\" decoding=\"async\" data-nimg=\"1\" style=\"color:transparent;width:100%;height:auto;\"   src=\"https:\/\/www.europesays.com\/es\/wp-content\/uploads\/2025\/12\/ortega-cano-canta-nino-bravo-694a4a5c6966b.jpg\" class=\"css-0 e1g79fud0\"\/><\/p>\n<p>Europa Press<\/p>\n<p><img draggable=\"true\" alt=\"ortega cano celebra sus 72 cumpleanos en familia\" title=\"Ortega Cano celebra sus 72 cumpleanos en familia\" loading=\"lazy\" width=\"3000\" height=\"4895\" decoding=\"async\" data-nimg=\"1\" style=\"color:transparent;width:100%;height:auto;\"   src=\"https:\/\/www.europesays.com\/es\/wp-content\/uploads\/2025\/12\/ortega-cano-pase-torero-694a3be43d483.jpg\" class=\"css-0 e1g79fud0\"\/><\/p>\n<p>Gtres\u200b<\/p>\n<p><img src=\"https:\/\/www.europesays.com\/es\/wp-content\/uploads\/2025\/12\/1766494581_400_956e4c3c-2efd-4963-a949-05017c07afa9_1734435946.jpg\" alt=\"Headshot of Silvia Criado\" title=\"Headshot of Silvia Criado\" width=\"100%\" height=\"100%\" decoding=\"async\" loading=\"lazy\" class=\"css-o0wq4v ev8dhu53\"\/><\/p>\n<p>Silvia Criado es Jefa de Secci\u00f3n Digital de Diez Minutos experta en coraz\u00f3n y sociedad especializada en famosos y casas reales, de los que lleva escribiendo m\u00e1s de 20 a\u00f1os. En su larga trayectoria profesional, ha cubierto eventos de lo m\u00e1s variado desde el nacimiento de la princesa Leonor, futura reina de Espa\u00f1a, a los premios Goya. No se le escapa un detalle de las alfombras rojas como los Goya o el Oscar y conoce como nadie los secretos de las biograf\u00edas de las celebridades.<br \/>\nAunque est\u00e1 especializada en famosos y realidad, es una periodista todoterreno que tambi\u00e9n ha escrito mucho sobre maternidad, decoraci\u00f3n, moda, belleza, televisi\u00f3n y ocio. En sus art\u00edculos tanto te cuenta cu\u00e1l es el restaurante m\u00e1s de moda de Madrid, copia el look de Nuria Roca en versi\u00f3n &#8216;low cost&#8217;, te da los &#8216;consejos&#8217; necesarios para decorar la habitaci\u00f3n de tu hijo o te cuenta todo lo que ha pasado en &#8216;Supervivientes&#8217;.<br \/>\nSilvia Criado es licenciada en Periodismo por la Universidad Complutense de Madrid y a empez\u00f3 a colaborar en diferentes medios de comunicaci\u00f3n cuando todav\u00eda no hab\u00eda terminado la carrera. Ha trabajado en la cadena Ser, el diario Menorca y las revistas Crecer Feliz, Casa Diez, Micasa o Elle Decoration aunque, la mayor parte de su trayectoria, ha transcurrido en Diez Minutos donde lleg\u00f3 a su edici\u00f3n de papel en el a\u00f1o 2001. Desde 2018, puedes leer sus art\u00edculos en la web.<\/p>\n","protected":false},"excerpt":{"rendered":"Jos\u00e9 Ortega Cano celebra sus 72 a\u00f1os por todo lo alto. En la noche del 22 de diciembre,&hellip;\n","protected":false},"author":2,"featured_media":303255,"comment_status":"","ping_status":"","sticky":false,"template":"","format":"standard","meta":{"footnotes":""},"categories":[174],"tags":[255,253,146,147,25,24,256,23],"class_list":{"0":"post-303254","1":"post","2":"type-post","3":"status-publish","4":"format-standard","5":"has-post-thumbnail","7":"category-famosos","8":"tag-celebrities","9":"tag-discover","10":"tag-entertainment","11":"tag-entretenimiento","12":"tag-es","13":"tag-espana","14":"tag-famosos","15":"tag-spain"},"share_on_mastodon":{"url":"https:\/\/pubeurope.com\/@es\/115768996393352064","error":""},"_links":{"self":[{"href":"https:\/\/www.europesays.com\/es\/wp-json\/wp\/v2\/posts\/303254","targetHints":{"allow":["GET"]}}],"collection":[{"href":"https:\/\/www.europesays.com\/es\/wp-json\/wp\/v2\/posts"}],"about":[{"href":"https:\/\/www.europesays.com\/es\/wp-json\/wp\/v2\/types\/post"}],"author":[{"embeddable":true,"href":"https:\/\/www.europesays.com\/es\/wp-json\/wp\/v2\/users\/2"}],"replies":[{"embeddable":true,"href":"https:\/\/www.europesays.com\/es\/wp-json\/wp\/v2\/comments?post=303254"}],"version-history":[{"count":0,"href":"https:\/\/www.europesays.com\/es\/wp-json\/wp\/v2\/posts\/303254\/revisions"}],"wp:featuredmedia":[{"embeddable":true,"href":"https:\/\/www.europesays.com\/es\/wp-json\/wp\/v2\/media\/303255"}],"wp:attachment":[{"href":"https:\/\/www.europesays.com\/es\/wp-json\/wp\/v2\/media?parent=303254"}],"wp:term":[{"taxonomy":"category","embeddable":true,"href":"https:\/\/www.europesays.com\/es\/wp-json\/wp\/v2\/categories?post=303254"},{"taxonomy":"post_tag","embeddable":true,"href":"https:\/\/www.europesays.com\/es\/wp-json\/wp\/v2\/tags?post=303254"}],"curies":[{"name":"wp","href":"https:\/\/api.w.org\/{rel}","templated":true}]}}