{"id":303266,"date":"2025-12-23T13:04:11","date_gmt":"2025-12-23T13:04:11","guid":{"rendered":"https:\/\/www.europesays.com\/es\/303266\/"},"modified":"2025-12-23T13:04:11","modified_gmt":"2025-12-23T13:04:11","slug":"kultura-2026-zarautz-zarautz","status":"publish","type":"post","link":"https:\/\/www.europesays.com\/es\/303266\/","title":{"rendered":"Kultura 2026 &#8211; Zarautz &#8211; Zarautz"},"content":{"rendered":"<p style=\"margin-bottom:16px; text-align:justify\">Se acaba de dar a conocer la programaci\u00f3n del Cine Modelo correspondiente al primer semestre de 2026. Como es habitual, habr\u00e1 teatro, m\u00fasica, danza y actuaciones para toda la familia. En la biblioteca Sanz Enea, por su parte, habr\u00e1 tertulias, talleres y actuaciones.<\/p>\n<p style=\"margin-bottom:16px; text-align:justify\"><b>Entradas a la venta a partir del 2 de enero<\/b><\/p>\n<p style=\"margin-bottom:16px; text-align:justify\">Las entradas correspondientes a las actuaciones del Cine Modelo podr\u00e1n adquirirse, como es habitual, en la propia taquilla u online, aunque se prev\u00e9n algunos cambios para la pr\u00f3xima temporada con el fin de garantizar la igualdad de oportunidades en la compra de entradas.<\/p>\n<p style=\"margin-bottom:16px; text-align:justify\">Con el objetivo de ofrecer la m\u00e1xima oportunidad al p\u00fablico, la venta se realizar\u00e1 en dos plazos:<\/p>\n<ul>\n<li style=\"margin-bottom:16px; text-align:justify; margin-left:8px\">2 de enero, a partir de las 19:00 horas: se pondr\u00e1n a la venta entradas para las actuaciones de enero, febrero y marzo.<\/li>\n<li style=\"margin-bottom:16px; text-align:justify; margin-left:8px\">10 de abril, a partir de las 19:00 horas: se pondr\u00e1n a la venta entradas para las actuaciones de abril y mayo.<\/li>\n<\/ul>\n<p style=\"margin-bottom:16px; text-align:justify\">Se pondr\u00e1n a la venta simult\u00e1neamente tanto en taquilla como online (plataforma tickets.kutxabank.es). El 50% del aforo de la sala se pondr\u00e1 a la venta a trav\u00e9s de la plataforma de entradas de Kutxa, mientras que el 50% restante se vender\u00e1 en taquilla. As\u00ed, los asistentes tendr\u00e1n las mismas oportunidades que los que compran desde casa. Por otro lado, se limitar\u00e1 el n\u00famero de entradas que puede adquirir cada persona y se podr\u00e1n adquirir un m\u00e1ximo de 4 entradas.<\/p>\n<p style=\"margin-bottom:16px; text-align:justify\">La taquilla del Cine Modelo estar\u00e1 abierta 45 minutos antes del inicio de las sesiones de cine, y se podr\u00e1n adquirir entradas para las proyecciones.<\/p>\n<p style=\"margin-bottom:16px; text-align:justify\"><b>Actuaciones variadas<\/b><\/p>\n<p style=\"margin-bottom:16px; text-align:justify\">Comenzamos enero con <b>TEATRO<\/b>. Para adultos, habr\u00e1 dos actuaciones, una en castellano y otra en euskera. Con la obra Feriantes, El Patio Teatro quiere rendir homenaje a las barracas, a los tiovivos y a los trabajadores que a trav\u00e9s de ellos reparten la ilusi\u00f3n. Esta actuaci\u00f3n ser\u00e1 en castellano. El 23 de enero, Tanttaka Teatroa ofrecer\u00e1 la obra Desobedienteak 18\/98, centrada en el sumario 18\/98 y la desobediencia civil. En marzo, la compa\u00f1\u00eda Metrokoadroka estrena la obra Bi baso bat ur, que habla de la alegr\u00eda tras el maltrato.<\/p>\n<p style=\"margin-bottom:16px; text-align:justify\">Contaremos con una de las voces femeninas m\u00e1s representativas de la actualidad en el \u00e1mbito de la <b>M\u00daSICA<\/b> en Zarautz. Olaia Intziarte presentar\u00e1 su nuevo disco, Zerrautsa, el 20 de febrero.<\/p>\n<p style=\"margin-bottom:16px; text-align:justify\">La<b> DANZA<\/b> llegar\u00e1 a trav\u00e9s del espect\u00e1culo Lana de la compa\u00f1\u00eda OSA+Mujika el 24 de abril, coincidiendo con el D\u00eda Internacional de la Danza. La compa\u00f1\u00eda nos plantea una reflexi\u00f3n sobre el trabajo a trav\u00e9s de este espect\u00e1culo que ha tenido mucho \u00e9xito.<\/p>\n<p style=\"margin-bottom:16px; text-align:justify\">Todas las actuaciones de m\u00fasica, teatro y danza comenzar\u00e1n a las 20:00 horas.<\/p>\n<p style=\"margin-bottom:16px; text-align:justify\">El<b> TEATRO INFANTIL<\/b> tambi\u00e9n tendr\u00e1 su espacio, como es habitual. En enero, a trav\u00e9s de la obra Nire beldurrik maiteenak, la compa\u00f1\u00eda navarra Producciones Maestras hablar\u00e1 sobre los miedos. En febrero podremos ver el \u00faltimo trabajo de la compa\u00f1\u00eda Marie de Jongh: Kimu, que mezcla naturaleza e imaginaci\u00f3n. La oferta de marzo nos llegar\u00e1 de la mano de la compa\u00f1\u00eda Markeli\u00f1e, con Hodei guztien gainetik. En abril Spasmo Teatro presentar\u00e1 la obra Xomorrotxoak, dirigida a toda la familia. Ser\u00e1 una actuaci\u00f3n de humor gestual. Por \u00faltimo, en mayo, dentro del festival Literaturia, tendremos un espect\u00e1culo especial llamado Klera. Partiendo de una idea de la compa\u00f1\u00eda de danza Kukai, en este trabajo se fusionan diferentes lenguajes art\u00edsticos.<\/p>\n<p style=\"margin-bottom:16px; text-align:justify\">Las actuaciones infantiles comenzar\u00e1n a las 16:45 horas.<\/p>\n<p style=\"margin-bottom:16px; text-align:justify\"><b>Exposiciones<\/b><\/p>\n<p style=\"margin-bottom:16px; text-align:justify\">Las <b>EXPOSICIONES<\/b> de Sanz Enea estar\u00e1n abiertas todos los d\u00edas en horario de 18:00 a 20:00 horas y estas son las exposiciones que podremos visitar:<\/p>\n<ul>\n<li style=\"margin-bottom:16px; text-align:justify; margin-left:8px\">Hasta el 25 de enero. XXXIII. Muestra Internacional de Fotograf\u00eda Ram\u00f3n Ignacio Serras de Zarautz.<\/li>\n<li style=\"margin-bottom:16px; text-align:justify; margin-left:8px\">5 de febrero \u2013 22 de marzo. Iban Illarramendi. Ilustraci\u00f3n y dise\u00f1o.<\/li>\n<li style=\"margin-bottom:16px; text-align:justify; margin-left:8px\">31 de marzo \u2013 24 de mayo. Bellas Artes. Trabajos de alumnos de la facultad de Bellas Artes de Leioa<\/li>\n<\/ul>\n<p style=\"margin-bottom:16px; text-align:justify\">La sala de exposiciones de Torre Luzea se abre de martes a domingo en horario de 18:00-20:00 y las exposiciones ser\u00e1n las siguientes:<\/p>\n<ul>\n<li style=\"margin-bottom:16px; text-align:justify; margin-left:8px\">26 de febrero \u2013 22 de marzo. Artezaleak. Taller de pintura.<\/li>\n<li style=\"margin-bottom:16px; text-align:justify; margin-left:8px\">31 de marzo \u2013 24 de mayo. Reuni\u00f3n de fotos. Photomuseum.<\/li>\n<li style=\"margin-bottom:16px; text-align:justify; margin-left:8px\">29 de mayo \u2013 28 de junio. Exposici\u00f3n de Zarauzko Argazkizale Elkartea.<\/li>\n<\/ul>\n<p style=\"margin-bottom:16px; text-align:justify\"><b>Biblioteca<\/b><\/p>\n<p style=\"margin-bottom:16px; text-align:justify\">La biblioteca acoger\u00e1 esta temporada algunas novedades y nuevas iniciativas. El 29 de abril, Idoia Torregarai ofrecer\u00e1 el taller Microcuentos.<\/p>\n<p style=\"margin-bottom:16px; text-align:justify\">La biblioteca tambi\u00e9n ha organizado otras iniciativas que tratan otros temas:<\/p>\n<ul>\n<li style=\"margin-bottom:16px; text-align:justify; margin-left:8px\">Taller innovador. Para ni\u00f1os y ni\u00f1as de 8 a 10 a\u00f1os. Juego de remodelaci\u00f3n de cuentos cl\u00e1sicos.<\/li>\n<li style=\"margin-bottom:16px; text-align:justify; margin-left:8px\">Grupo de facilidad de lectura. Superar las dificultades de lectura en euskera.<\/li>\n<li style=\"margin-bottom:16px; text-align:justify; margin-left:8px\">Taller de ciencia. Para ni\u00f1os y ni\u00f1as de 8 a 10 a\u00f1os. Taller vinculado a la ingenier\u00eda.<\/li>\n<\/ul>\n<p style=\"margin-bottom:16px; text-align:justify\">Para todas las actividades hay que inscribirse en la biblioteca.<\/p>\n<p style=\"margin-bottom:16px; text-align:justify\">Por otro lado, los habituales grupos de lectores se reunir\u00e1n en las tertulias, en euskera bajo la batuta de Nerea Loyola y en castellano y en ingl\u00e9s con Slawka Grabowska. Por otro lado, para los m\u00e1s peque\u00f1os tambi\u00e9n habr\u00e1 un txoko de lectura con las sesiones de Gurasoak ere ipuin kontalari.<\/p>\n","protected":false},"excerpt":{"rendered":"Se acaba de dar a conocer la programaci\u00f3n del Cine Modelo correspondiente al primer semestre de 2026. Como&hellip;\n","protected":false},"author":2,"featured_media":303267,"comment_status":"","ping_status":"","sticky":false,"template":"","format":"standard","meta":{"footnotes":""},"categories":[91],"tags":[4007,146,147,25,24,68121,23],"class_list":{"0":"post-303266","1":"post","2":"type-post","3":"status-publish","4":"format-standard","5":"has-post-thumbnail","7":"category-entretenimiento","8":"tag-destacado","9":"tag-entertainment","10":"tag-entretenimiento","11":"tag-es","12":"tag-espana","13":"tag-slider","14":"tag-spain"},"share_on_mastodon":{"url":"https:\/\/pubeurope.com\/@es\/115769027510798119","error":""},"_links":{"self":[{"href":"https:\/\/www.europesays.com\/es\/wp-json\/wp\/v2\/posts\/303266","targetHints":{"allow":["GET"]}}],"collection":[{"href":"https:\/\/www.europesays.com\/es\/wp-json\/wp\/v2\/posts"}],"about":[{"href":"https:\/\/www.europesays.com\/es\/wp-json\/wp\/v2\/types\/post"}],"author":[{"embeddable":true,"href":"https:\/\/www.europesays.com\/es\/wp-json\/wp\/v2\/users\/2"}],"replies":[{"embeddable":true,"href":"https:\/\/www.europesays.com\/es\/wp-json\/wp\/v2\/comments?post=303266"}],"version-history":[{"count":0,"href":"https:\/\/www.europesays.com\/es\/wp-json\/wp\/v2\/posts\/303266\/revisions"}],"wp:featuredmedia":[{"embeddable":true,"href":"https:\/\/www.europesays.com\/es\/wp-json\/wp\/v2\/media\/303267"}],"wp:attachment":[{"href":"https:\/\/www.europesays.com\/es\/wp-json\/wp\/v2\/media?parent=303266"}],"wp:term":[{"taxonomy":"category","embeddable":true,"href":"https:\/\/www.europesays.com\/es\/wp-json\/wp\/v2\/categories?post=303266"},{"taxonomy":"post_tag","embeddable":true,"href":"https:\/\/www.europesays.com\/es\/wp-json\/wp\/v2\/tags?post=303266"}],"curies":[{"name":"wp","href":"https:\/\/api.w.org\/{rel}","templated":true}]}}