{"id":303290,"date":"2025-12-23T13:24:14","date_gmt":"2025-12-23T13:24:14","guid":{"rendered":"https:\/\/www.europesays.com\/es\/303290\/"},"modified":"2025-12-23T13:24:14","modified_gmt":"2025-12-23T13:24:14","slug":"cuando-se-estrena-homo-argentum-la-comedia-que-ha-dividido-a-argentina-y-fascinado-a-milei","status":"publish","type":"post","link":"https:\/\/www.europesays.com\/es\/303290\/","title":{"rendered":"Cu\u00e1ndo se estrena &#8216;Homo Argentum&#8217;, la comedia que ha dividido a Argentina y fascinado a Milei"},"content":{"rendered":"<p class=\"c-paragraph\">La dirigen dos nombres que se est\u00e1n volviendo indisociables del nuevo cine argentino: <b>Mariano Cohn <\/b>y<b> Gast\u00f3n Duprat<\/b>. Ambos han filmado, codo con codo, largometrajes tan estimables como El ciudadano ilustre, El hombre de al lado o Competencia oficial. Sin embargo, quiz\u00e1 su obra m\u00e1s popular sea una serie, El encargado, protagonizada por un magistral <b>Guillermo Francella <\/b>y que podemos ver gracias a <a href=\"https:\/\/www.20minutos.es\/cinemania\/noticias\/disney-catalogo-con-contenido-ia-generado-por-los-propios-usuarios_6897846_0.html\" rel=\"nofollow noopener\" target=\"_blank\">Disney+<\/a>. <b>Homo Argentum, su nuevo t\u00edtulo, llega a Espa\u00f1a este 25 de diciembre <\/b>con la esperanza de no dejar a nadie indiferente.<\/p>\n<p class=\"c-paragraph\">Que el estreno de una nueva pel\u00edcula del d\u00fao Cohn y Duprat causase cierto revuelo era algo con lo que todos contaban. Lo que era impensable es que fragmentase la ya fragmentada sociedad argentina por motivos pol\u00edticos. All\u00ed ya se ha proyectado en salas y, en agosto, se convirti\u00f3 en<b> la primera pel\u00edcula argentina en casi dos a\u00f1os en ser la m\u00e1s taquillera del mes<\/b>.<\/p>\n<p class=\"c-paragraph\">De hecho, con m\u00e1s de un mill\u00f3n trescientos mil espectadores en 30 d\u00edas, solo dos pel\u00edculas en Argentina pueden mirar por encima del hombro a Homo Argentum en la \u00faltima d\u00e9cada: <a href=\"https:\/\/www.20minutos.es\/cinemania\/noticias\/deadpool-lobezno-final-explicado-aventura-temporal-ryan-reynolds-hugh-jackman-5534358\/\" rel=\"nofollow noopener\" target=\"_blank\">Deadpool y Lobezno <\/a>y El clan, tambi\u00e9n protagonizada por Guillermo Francella. Desde agosto, <b>Homo Argentum<\/b> no solo no ha abandonado las carteleras, sino que en octubre, y en su peor momento, apenas hab\u00eda bajado de las cinco pel\u00edculas m\u00e1s vistas. Es decir, que muchas personas la han visto. Y, entre ellas, alguien que parece dispuesto a defenderla con su vida: <b>Javier Milei.<\/b>\u00a0<\/p>\n<p>\u00bfDe qu\u00e9 trata &#8216;Homo Argentum&#8217;?<\/p>\n<p class=\"c-paragraph\">Primero, la sinopsis as\u00e9ptica de la pel\u00edcula: Homo Argentum es un largometraje epis\u00f3dico dividido en <b>16 relatos independientes, protagonizados por un personaje diferente y al que, en todos los casos, encarna Guillermo Francella<\/b>. El objetivo de Homo Argentum es el de su t\u00edtulo: mediante una amplia muestra, explicarle al mundo (y al pa\u00eds sudamericano) lo que es un argentino. Cu\u00e1l es su naturaleza, sus luces y sus sombras.<\/p>\n<p class=\"c-paragraph\">Ahora, la cr\u00edtica de <b><a href=\"https:\/\/www.20minutos.es\/cinemania\/noticias\/documental-javier-milei-revolucion-liberal-argentina-5280768\/\" rel=\"nofollow noopener\" target=\"_blank\">Javier Milei,<\/a><\/b> o una peque\u00f1a parte de ella, porque en la red social X, de la que es asiduo, le dedic\u00f3 cinco p\u00e1rrafos e incluy\u00f3 un titular: \u201c<b>Homo Argentum: Disonancia cognitiva en el coraz\u00f3n woke<\/b>\u201d. Para Milei, la pel\u00edcula de Francella (uno de los pocos actores argentinos que no ha criticado a Milei) demuestra la \u201coscura e hip\u00f3crita agenda de los progres caviar\u201d.<\/p>\n<p class=\"c-paragraph\">\u201c<b>Les duele mucho la pel\u00edcula porque les presenta un espejo en el cual sale a la luz todo lo que son<\/b>\u201d, reflexiona Milei, que considera que una gran parte de los ciudadanos sobre los que gobierna son \u201c<b>fracasados totales y absolutos<\/b>\u201d. Luego, agrega un posdata: \u201cNo se enojen con la realidad y los datos, traten de salir de la miserable vida que viven con altura\u201d. Se agradece, en tiempos, como vivimos, de an\u00e1lisis a vuelapluma, una cr\u00edtica cinematogr\u00e1fica tan reposada como esta.\u00a0<\/p>\n","protected":false},"excerpt":{"rendered":"La dirigen dos nombres que se est\u00e1n volviendo indisociables del nuevo cine argentino: Mariano Cohn y Gast\u00f3n Duprat.&hellip;\n","protected":false},"author":2,"featured_media":303291,"comment_status":"","ping_status":"","sticky":false,"template":"","format":"standard","meta":{"footnotes":""},"categories":[169],"tags":[283,177,146,147,25,24,3220,176,4245,175,267,23],"class_list":{"0":"post-303290","1":"post","2":"type-post","3":"status-publish","4":"format-standard","5":"has-post-thumbnail","7":"category-cine","8":"tag-argentina","9":"tag-cine","10":"tag-entertainment","11":"tag-entretenimiento","12":"tag-es","13":"tag-espana","14":"tag-estrenos-de-cine","15":"tag-film","16":"tag-javier-milei","17":"tag-movies","18":"tag-planseo","19":"tag-spain"},"share_on_mastodon":{"url":"https:\/\/pubeurope.com\/@es\/115769105840650906","error":""},"_links":{"self":[{"href":"https:\/\/www.europesays.com\/es\/wp-json\/wp\/v2\/posts\/303290","targetHints":{"allow":["GET"]}}],"collection":[{"href":"https:\/\/www.europesays.com\/es\/wp-json\/wp\/v2\/posts"}],"about":[{"href":"https:\/\/www.europesays.com\/es\/wp-json\/wp\/v2\/types\/post"}],"author":[{"embeddable":true,"href":"https:\/\/www.europesays.com\/es\/wp-json\/wp\/v2\/users\/2"}],"replies":[{"embeddable":true,"href":"https:\/\/www.europesays.com\/es\/wp-json\/wp\/v2\/comments?post=303290"}],"version-history":[{"count":0,"href":"https:\/\/www.europesays.com\/es\/wp-json\/wp\/v2\/posts\/303290\/revisions"}],"wp:featuredmedia":[{"embeddable":true,"href":"https:\/\/www.europesays.com\/es\/wp-json\/wp\/v2\/media\/303291"}],"wp:attachment":[{"href":"https:\/\/www.europesays.com\/es\/wp-json\/wp\/v2\/media?parent=303290"}],"wp:term":[{"taxonomy":"category","embeddable":true,"href":"https:\/\/www.europesays.com\/es\/wp-json\/wp\/v2\/categories?post=303290"},{"taxonomy":"post_tag","embeddable":true,"href":"https:\/\/www.europesays.com\/es\/wp-json\/wp\/v2\/tags?post=303290"}],"curies":[{"name":"wp","href":"https:\/\/api.w.org\/{rel}","templated":true}]}}