{"id":303298,"date":"2025-12-23T13:28:08","date_gmt":"2025-12-23T13:28:08","guid":{"rendered":"https:\/\/www.europesays.com\/es\/303298\/"},"modified":"2025-12-23T13:28:08","modified_gmt":"2025-12-23T13:28:08","slug":"el-precio-de-la-ram-del-iphone-se-ha-duplicado-apple-ha-tenido-que-llamar-a-samsung-para-evitar-un-desastre-en-la-produccion","status":"publish","type":"post","link":"https:\/\/www.europesays.com\/es\/303298\/","title":{"rendered":"El precio de la RAM del iPhone se ha duplicado. Apple ha tenido que llamar a Samsung para evitar un desastre en la producci\u00f3n"},"content":{"rendered":"<p>En cosa de un a\u00f1o, Apple ha tenido que hacer aut\u00e9nticos malabares con los costes de fabricaci\u00f3n. <strong>A\u00fan recordamos el \u00abterremoto\u00bb de los aranceles<\/strong> tras la vuelta de Donald Trump, un momento de p\u00e1nico log\u00edstico en el que parec\u00eda que fabricar tecnolog\u00eda fuera de EE. UU. iba a ser una ruina. Apple lleg\u00f3 a <a class=\"text-outboundlink\" href=\"https:\/\/www.applesfera.com\/apple-1\/se-confirman-cuantos-iphones-fleto-apple-india-para-esquivar-aranceles-seis-aviones-1-5-millones-telefonos-reuters\" data-vars-post-title=\"El p\u00e1nico por los aranceles llev\u00f3 a Apple a tomar una decisi\u00f3n: fletar &quot;seis aviones con 1,5 millones de tel\u00e9fonos&quot;, seg\u00fan Reuters\" data-vars-post-url=\"https:\/\/www.applesfera.com\/apple-1\/se-confirman-cuantos-iphones-fleto-apple-india-para-esquivar-aranceles-seis-aviones-1-5-millones-telefonos-reuters\" rel=\"nofollow noopener\" target=\"_blank\">movilizar aviones<\/a> de carga de un pa\u00eds a otro para llenar almacenes y esquivar el golpe. Al final, <a class=\"text-outboundlink\" href=\"https:\/\/www.applesfera.com\/iphone\/temiamos-que-iphone-17-costasen-fortuna-aranceles-no-ha-sido-para-asi-quedan-nuevos-precios\" data-vars-post-title=\"Tem\u00edamos que los iPhone 17 costasen una fortuna por los aranceles, pero no ha sido para tanto. As\u00ed quedan los nuevos precios\" data-vars-post-url=\"https:\/\/www.applesfera.com\/iphone\/temiamos-que-iphone-17-costasen-fortuna-aranceles-no-ha-sido-para-asi-quedan-nuevos-precios\" rel=\"nofollow noopener\" target=\"_blank\">la sangre no lleg\u00f3 al r\u00edo<\/a>: los costes no se dispararon e incluso la gama actual mantuvo sus m\u00e1rgenes.<\/p>\n<p>Pero <strong>ahora llega una segunda oleada<\/strong>, mucho m\u00e1s silenciosa que los titulares pol\u00edticos, pero igual de letal para las cuentas de Cupertino: <a class=\"text-outboundlink\" href=\"https:\/\/www.applesfera.com\/apple-1\/plena-subida-precios-memoria-ram-apple-parecia-tenerlo-todo-controlado-ahora\" data-vars-post-title=\"En plena subida de precios de la memoria RAM, Apple parec\u00eda tenerlo todo controlado. Hasta ahora \" data-vars-post-url=\"https:\/\/www.applesfera.com\/apple-1\/plena-subida-precios-memoria-ram-apple-parecia-tenerlo-todo-controlado-ahora\" rel=\"nofollow noopener\" target=\"_blank\">la crisis de las memorias RAM<\/a>.<\/p>\n<p>El fin de la \u00abApple conservadora\u00bb: la IA obliga a pagar el peaje<\/p>\n<p>Para entender la magnitud del problema hay que mirar el historial de Apple. En Cupertino siempre han sido extremadamente conservadores con la memoria RAM.<strong> Su filosof\u00eda era optimizar el software al l\u00edmite<\/strong> para no sobredimensionar el hardware. Lo vimos en los Mac, donde cost\u00f3 horrores dar el salto base de los 8 GB a los 16 GB <a class=\"text-outboundlink\" href=\"https:\/\/www.applesfera.com\/apple-1\/apenas-cinco-meses-apple-ha-acabado-algo-que-llevabamos-anos-quejandonos-solo-les-queda-dar-paso\" data-vars-post-title=\"Apple por fin ha aniquilado algo de lo que llev\u00e1bamos a\u00f1os quej\u00e1ndonos. Solo les queda dar el \u00faltimo paso\" data-vars-post-url=\"https:\/\/www.applesfera.com\/apple-1\/apenas-cinco-meses-apple-ha-acabado-algo-que-llevabamos-anos-quejandonos-solo-les-queda-dar-paso\" rel=\"nofollow noopener\" target=\"_blank\">hace apenas un a\u00f1o<\/a>.<\/p>\n<p>Sin embargo, esa estrategia ya no sirve. Con la llegada de <a class=\"text-outboundlink\" href=\"https:\/\/www.applesfera.com\/nuevo\/apple-intelligence-informacion\" data-vars-post-title=\"Apple Intelligence: todo lo que puedes hacer con la IA de Apple y qu\u00e9 dispositivos son compatibles\" data-vars-post-url=\"https:\/\/www.applesfera.com\/nuevo\/apple-intelligence-informacion\" rel=\"nofollow noopener\" target=\"_blank\">Apple Intelligence<\/a> ejecut\u00e1ndose en local, la necesidad de memoria bruta se dispara. Los modelos de lenguaje no entienden de optimizaci\u00f3n m\u00e1gica: necesitan espacio f\u00edsico para \u00abpensar\u00bb. Y justo cuando<strong> Apple se ve obligada a aumentar los gigas en sus iPhone<\/strong>, el mercado de componentes ha decidido ponerse en su contra.<\/p>\n<p>Una factura que pasa de 30 a 70 d\u00f3lares<\/p>\n<p>El precio de los m\u00f3dulos de memoria se ha ido a las nubes. Seg\u00fan <a rel=\"noopener, noreferrer nofollow\" href=\"https:\/\/www.hankyung.com\/article\/202512216673i\" target=\"_blank\">informes<\/a> de la cadena de suministro, el coste de la RAM LPDDR5X de 12 GB ha pasado de unos <strong>30 d\u00f3lares a principios de 2025 a rozar los 70 d\u00f3lares en la actualidad<\/strong>.<\/p>\n<p>                   <img class=\"centro_sinmarco\" height=\"900\" width=\"1350\" loading=\"lazy\" decoding=\"async\"  fetchpriority=\"high\"  src=\"https:\/\/i.blogs.es\/a34f0a\/desmontaje-iphone-air\/450_1000.webp\" alt=\"Desmontaje Iphone Air\" onerror=\"this.src=\" https:=\"\" false=\"\"\/><\/p>\n<p>La raz\u00f3n es un cambio de prioridades en los fabricantes. Empresas como SK Hynix y Micron han decidido apostar todo al \u00abcaballo ganador\u00bb de los servidores de IA, desviando sus l\u00edneas de producci\u00f3n hacia las memorias HBM (High Bandwidth Memory). Esto ha dejado un agujero enorme en la oferta de memoria LPDDR para m\u00f3viles.<strong> Apple se ha encontrado con que sus proveedores habituales est\u00e1n demasiado ocupados sirviendo a NVIDIA<\/strong> y a los centros de datos.<\/p>\n<p>Esta subida de costes y requisitos afecta de lleno a los <a class=\"text-outboundlink\" href=\"https:\/\/www.applesfera.com\/analisis\/apple-iphone-17-pro-analisis-caracteristicas-precio-especificaciones\" data-vars-post-title=\"iPhone 17 Pro, an\u00e1lisis: potencia, c\u00e1mara de vapor y ocho lentes en el bolsillo. Todo un iPhone Ultra en esencia\" data-vars-post-url=\"https:\/\/www.applesfera.com\/analisis\/apple-iphone-17-pro-analisis-caracteristicas-precio-especificaciones\" rel=\"nofollow noopener\" target=\"_blank\">iPhone 17 Pro<\/a> y al <a class=\"text-outboundlink\" href=\"https:\/\/www.applesfera.com\/analisis\/apple-iphone-air-analisis-caracteristicas-precio-especificaciones\" data-vars-post-title=\"iPhone Air, an\u00e1lisis: el iPhone que llega del futuro\" data-vars-post-url=\"https:\/\/www.applesfera.com\/analisis\/apple-iphone-air-analisis-caracteristicas-precio-especificaciones\" rel=\"nofollow noopener\" target=\"_blank\">iPhone Air<\/a>, que son los \u00fanicos con 12 GB de RAM. El <a class=\"text-outboundlink\" href=\"https:\/\/www.applesfera.com\/analisis\/apple-iphone-17-analisis-caracteristicas-precio-especificaciones\" data-vars-post-title=\"iPhone 17, an\u00e1lisis: Apple refina su joya\" data-vars-post-url=\"https:\/\/www.applesfera.com\/analisis\/apple-iphone-17-analisis-caracteristicas-precio-especificaciones\" rel=\"nofollow noopener\" target=\"_blank\">iPhone 17<\/a> se mantiene en los 8 GB, una decisi\u00f3n que <strong>hoy por hoy les salva de esta subida tan explosiva<\/strong>, pero que el d\u00eda de ma\u00f1ana ser\u00e1 un problema. \u00bfPor qu\u00e9? Pues porque otros rumores que llegan desde Corea <a class=\"text-outboundlink\" href=\"https:\/\/www.applesfera.com\/rumores\/movimiento-samsung-podria-obligar-a-apple-a-darle-al-iphone-18-basico-memoria-que-siempre-le-ha-negado\" data-vars-post-title=\"Apple se ha visto obligada a mejorar la RAM del iPhone 18. Y seg\u00fan nuevos rumores el responsable de que lo haga es su mayor competidor: Samsung\" data-vars-post-url=\"https:\/\/www.applesfera.com\/rumores\/movimiento-samsung-podria-obligar-a-apple-a-darle-al-iphone-18-basico-memoria-que-siempre-le-ha-negado\" rel=\"nofollow noopener\" target=\"_blank\">indican<\/a> que Samsung est\u00e1 dejando de fabricar m\u00f3dulos de 8 GB para centrarse en los de 12 y 16 GB.<\/p>\n<p>Esto empuja a Apple a un callej\u00f3n sin salida de cara al futuro <a class=\"text-outboundlink\" href=\"https:\/\/www.applesfera.com\/nuevo\/apple-iphone-18-informacion\" data-vars-post-title=\"Nuevos iPhone 18 - Todo lo que creemos saber sobre ellos\" data-vars-post-url=\"https:\/\/www.applesfera.com\/nuevo\/apple-iphone-18-informacion\" rel=\"nofollow noopener\" target=\"_blank\">iPhone 18<\/a>: el modelo de entrada tendr\u00e1 que saltar obligatoriamente a los 12 GB, no solo por la IA, sino porque<strong> literalmente dejar\u00e1n de existir los componentes <\/strong>inferiores. Con esto tenemos un c\u00f3ctel doble: m\u00e1s memoria RAM equivale a m\u00e1s coste. Y ahora hay que sumarle que el precio de esos 12 GB ya no es de 30 d\u00f3lares, sino de 70.<\/p>\n<p>                   <img class=\"centro_sinmarco\" height=\"2880\" width=\"4645\" loading=\"lazy\" decoding=\"async\"  fetchpriority=\"high\"  src=\"https:\/\/i.blogs.es\/06bdce\/interior-iphone-17-pro\/450_1000.webp\" alt=\"Interior Iphone 17 Pro\" onerror=\"this.src=\" https:=\"\" false=\"\"\/><\/p>\n<p>Samsung al rescate: cuesti\u00f3n de volumen&#8230; y de voltaje<\/p>\n<p>Ante este escenario,<strong> Apple ha tenido que recurrir a Samsung<\/strong>, que se convertir\u00e1 en el socio inevitable suministrando entre el 60% y el 70% de la RAM de los nuevos iPhone. Pero ojo, no es solo que Samsung tenga capacidad de sobra porque no ha pivotado tan agresivamente al HBM. Es que, t\u00e9cnicamente, es l<strong>a \u00fanica que cumple hoy<\/strong> con el pliego de condiciones.<\/p>\n<p>Apple exige que todos los millones de chips que fabrica sean id\u00e9nticos entre s\u00ed. Los procesadores <a class=\"text-outboundlink\" href=\"https:\/\/www.applesfera.com\/iphone\/apple-acaba-cumplir-sueno-meter-potencia-grafica-mac-bolsillo-se-llama-iphone-17-pro\" data-vars-post-title=\"Apple acaba de cumplir un sue\u00f1o: meter la potencia gr\u00e1fica de un Mac en el bolsillo. Se llama iPhone 17 Pro\" data-vars-post-url=\"https:\/\/www.applesfera.com\/iphone\/apple-acaba-cumplir-sueno-meter-potencia-grafica-mac-bolsillo-se-llama-iphone-17-pro\" rel=\"nofollow noopener\" target=\"_blank\">A19 y A19 Pro<\/a> son extremadamente sensibles y no toleran picos de voltaje.<strong> Si la memoria RAM no es estable, el chip falla<\/strong>. Samsung ha logrado fabricar un m\u00f3dulo LPDDR5X de 12 GB que es el m\u00e1s fino del mercado (0,65 mm), mejorando la resistencia t\u00e9rmica en un 21% y reduciendo el consumo en un 25%.\u00a0<\/p>\n<p>                   <img class=\"centro_sinmarco\" height=\"900\" width=\"1200\" loading=\"lazy\" decoding=\"async\"  fetchpriority=\"high\"  src=\"https:\/\/i.blogs.es\/5c7844\/a19-pro\/450_1000.webp\" alt=\"A19 Pro\" onerror=\"this.src=\" https:=\"\" false=\"\"\/><\/p>\n<p><strong>Por lo que Samsung tiene el poder<\/strong>: primero, porque son los \u00fanicos que consiguen dar tanta producci\u00f3n con m\u00ednimos fallos, y segundo, porque es de los pocos fabricantes que a\u00fan quedan creando RAM para dispositivos de consumo como los iPhone.<\/p>\n<p><strong>A\u00fan es pronto para saber c\u00f3mo impactar\u00e1 esto en el precio final del iPhone 18 <\/strong>o si Apple absorber\u00e1 el coste como hizo con los aranceles. Lo que est\u00e1 claro es que la era de la memoria barata ha terminado y que, ir\u00f3nicamente, la supervivencia del iPhone depende hoy m\u00e1s que nunca de las f\u00e1bricas de su mayor rival.<\/p>\n<p>En Applesfera | <a class=\"text-outboundlink\" href=\"https:\/\/www.applesfera.com\/nuevo\/apple-iphone-18-informacion\" data-vars-post-title=\"Nuevos iPhone 18 - Todo lo que creemos saber sobre ellos\" data-vars-post-url=\"https:\/\/www.applesfera.com\/nuevo\/apple-iphone-18-informacion\" rel=\"nofollow noopener\" target=\"_blank\">Nuevos iPhone 18 &#8211; Todo lo que creemos saber sobre ellos<\/a><\/p>\n<p>En Applesfera | <a class=\"text-outboundlink\" href=\"https:\/\/www.applesfera.com\/nuevo\/nuevo-apple-iphone-plegable-informacion\" data-vars-post-title=\"Nuevo iPhone plegable - Todo lo que creemos saber sobre \u00e9l\" data-vars-post-url=\"https:\/\/www.applesfera.com\/nuevo\/nuevo-apple-iphone-plegable-informacion\" rel=\"nofollow noopener\" target=\"_blank\">Nuevo iPhone plegable &#8211; Todo lo que creemos saber sobre \u00e9l<\/a><\/p>\n","protected":false},"excerpt":{"rendered":"En cosa de un a\u00f1o, Apple ha tenido que hacer aut\u00e9nticos malabares con los costes de fabricaci\u00f3n. A\u00fan&hellip;\n","protected":false},"author":2,"featured_media":303299,"comment_status":"","ping_status":"","sticky":false,"template":"","format":"standard","meta":{"footnotes":""},"categories":[81],"tags":[119,123,124,25,24,117,121,122,23,118,120],"class_list":{"0":"post-303298","1":"post","2":"type-post","3":"status-publish","4":"format-standard","5":"has-post-thumbnail","7":"category-ciencia-y-tecnologia","8":"tag-ciencia","9":"tag-ciencia-y-tecnologia","10":"tag-cienciaytecnologia","11":"tag-es","12":"tag-espana","13":"tag-science","14":"tag-science-and-technology","15":"tag-scienceandtechnology","16":"tag-spain","17":"tag-technology","18":"tag-tecnologia"},"share_on_mastodon":{"url":"https:\/\/pubeurope.com\/@es\/115769122524166670","error":""},"_links":{"self":[{"href":"https:\/\/www.europesays.com\/es\/wp-json\/wp\/v2\/posts\/303298","targetHints":{"allow":["GET"]}}],"collection":[{"href":"https:\/\/www.europesays.com\/es\/wp-json\/wp\/v2\/posts"}],"about":[{"href":"https:\/\/www.europesays.com\/es\/wp-json\/wp\/v2\/types\/post"}],"author":[{"embeddable":true,"href":"https:\/\/www.europesays.com\/es\/wp-json\/wp\/v2\/users\/2"}],"replies":[{"embeddable":true,"href":"https:\/\/www.europesays.com\/es\/wp-json\/wp\/v2\/comments?post=303298"}],"version-history":[{"count":0,"href":"https:\/\/www.europesays.com\/es\/wp-json\/wp\/v2\/posts\/303298\/revisions"}],"wp:featuredmedia":[{"embeddable":true,"href":"https:\/\/www.europesays.com\/es\/wp-json\/wp\/v2\/media\/303299"}],"wp:attachment":[{"href":"https:\/\/www.europesays.com\/es\/wp-json\/wp\/v2\/media?parent=303298"}],"wp:term":[{"taxonomy":"category","embeddable":true,"href":"https:\/\/www.europesays.com\/es\/wp-json\/wp\/v2\/categories?post=303298"},{"taxonomy":"post_tag","embeddable":true,"href":"https:\/\/www.europesays.com\/es\/wp-json\/wp\/v2\/tags?post=303298"}],"curies":[{"name":"wp","href":"https:\/\/api.w.org\/{rel}","templated":true}]}}