{"id":303302,"date":"2025-12-23T13:30:15","date_gmt":"2025-12-23T13:30:15","guid":{"rendered":"https:\/\/www.europesays.com\/es\/303302\/"},"modified":"2025-12-23T13:30:15","modified_gmt":"2025-12-23T13:30:15","slug":"reino-unido-se-resiste-a-convocar-una-reunion-ministerial-para-debatir-la-salud-de-6-activistas-de-accion-palestina","status":"publish","type":"post","link":"https:\/\/www.europesays.com\/es\/303302\/","title":{"rendered":"Reino Unido se resiste a convocar una reuni\u00f3n ministerial para debatir la salud de 6 activistas de Acci\u00f3n Palestina"},"content":{"rendered":"<p><strong>LONDRES<\/strong><\/p>\n<p>El gobierno de Reino Unido sigue resisti\u00e9ndose a las peticiones de una reuni\u00f3n ministerial para debatir la salud y el tratamiento de seis presos vinculados al grupo proscrito Acci\u00f3n Palestina, quienes se encuentran en huelga de hambre, a pesar de las advertencias de cientos de profesionales sanitarios brit\u00e1nicos de que corren un riesgo inminente para sus vidas.<\/p>\n<p>Los presos, todos en prisi\u00f3n preventiva y acusados \u200b\u200bde delitos como robo con agravantes y da\u00f1os, llevan varias semanas neg\u00e1ndose a comer. Simpatizantes afirman que dos m\u00e1s fueron trasladados al hospital, lo que aumenta el temor de que la huelga pueda resultar mortal.<\/p>\n<p>Mothin Ali, vicel\u00edder del Partido Verde, declar\u00f3 que la situaci\u00f3n se hab\u00eda vuelto cr\u00edtica. \u201cEstos presos se encuentran ahora gravemente enfermos. Amu Gib lleva 50 d\u00edas de huelga de hambre, mientras que Kamran Ahmed lleva 42. Tras este tiempo sin comer, corren un riesgo muy alto de sufrir fallo org\u00e1nico, da\u00f1o neurol\u00f3gico irreversible y muerte\u201d, declar\u00f3 Ali a The Guardian.<\/p>\n<p>Ali acus\u00f3 al gobierno de inacci\u00f3n y a\u00f1adi\u00f3 que \u201cesta terrible situaci\u00f3n podr\u00eda haberse evitado si los ministros hubieran accedido a reunirse con los representantes de los huelguistas de hambre y escuchado sus preocupaciones y demandas\u201d.<\/p>\n<p>Los presos exigen la libertad bajo fianza inmediata, el fin de lo que describen como censura de sus comunicaciones, el derecho a un juicio justo, la desproscripci\u00f3n de Palestine Action y el cierre de Elbit Systems en el Reino Unido.<\/p>\n<p>Elbit, una empresa de defensa con sede en Israel, produce la mayor parte de la flota de drones y equipo militar terrestre de Israel y opera varias f\u00e1bricas en Gran Breta\u00f1a.<\/p>\n<p>Ali afirm\u00f3 que era \u201cuna terrible cr\u00edtica al fracaso de este gobierno que estos presos se sientan obligados a utilizar la \u00fanica herramienta que les queda \u2014sus propios cuerpos\u2014 para llamar la atenci\u00f3n sobre las injusticias y el maltrato que sufren\u201d.<\/p>\n<p>En una reuni\u00f3n informativa con el lobby de Downing Street, el portavoz del primer ministro Keir Starmer afirm\u00f3 que no hab\u00eda planes para que los ministros se reunieran con los representantes de los huelguistas de hambre.<\/p>\n<p>Aunque describi\u00f3 la situaci\u00f3n como \u00abmuy preocupante\u00bb, afirm\u00f3 que las huelgas de hambre \u00abno son un problema nuevo en nuestras prisiones\u00bb, se\u00f1alando que se han producido m\u00e1s de 200 huelgas de hambre al a\u00f1o en promedio durante los \u00faltimos cinco a\u00f1os.<\/p>\n<p>Asegur\u00f3 que los equipos de atenci\u00f3n m\u00e9dica penitenciaria estaban brindando atenci\u00f3n del NHS y \u00abmonitoreando continuamente la situaci\u00f3n\u00bb, a\u00f1adiendo que las afirmaciones de que se les estaba negando atenci\u00f3n hospitalaria eran \u00abtotalmente enga\u00f1osas\u00bb.<\/p>\n<p>Jeremy Corbyn, uno de los varios parlamentarios que piden la intervenci\u00f3n del gobierno, ha instado al inspector jefe de prisiones, Charlie Taylor, a intervenir ante la creciente presi\u00f3n sobre el estado de los presos.<\/p>\n<p>*Traducido por Daniel Gallego.<\/p>\n<p>                            &#13;<br \/>\n                                <a href=\"https:\/\/www.aa.com.tr\/es\/p\/suscripci\u00f3n\/1001\" target=\"_blank\" style=\"font-size:12px; color:#444; text-decoration:none;\" rel=\"nofollow noopener\">&#13;<br \/>\n                                    El sitio web de la Agencia Anadolu contiene s\u00f3lo una parte de las historias de noticias ofrecidas a los suscriptores en el Sistema de Difusi\u00f3n de AA News (HAS), y en forma resumida.&#13;<br \/>\n                                <\/a>&#13;<\/p>\n","protected":false},"excerpt":{"rendered":"LONDRES El gobierno de Reino Unido sigue resisti\u00e9ndose a las peticiones de una reuni\u00f3n ministerial para debatir la&hellip;\n","protected":false},"author":2,"featured_media":303303,"comment_status":"","ping_status":"","sticky":false,"template":"","format":"standard","meta":{"footnotes":""},"categories":[42],"tags":[71811,25906,17,18,13,14,11,61,62,63,64,19,20,9,10,15,16,12,21,22,65,66,67],"class_list":{"0":"post-303302","1":"post","2":"type-post","3":"status-publish","4":"format-standard","5":"has-post-thumbnail","7":"category-internacional","8":"tag-accin-palestina","9":"tag-anadolu-ajansi","10":"tag-breaking-news","11":"tag-breakingnews","12":"tag-featured-news","13":"tag-featurednews","14":"tag-headlines","15":"tag-internacional","16":"tag-international","17":"tag-international-news","18":"tag-internationalnews","19":"tag-latest-news","20":"tag-latestnews","21":"tag-news","22":"tag-noticias","23":"tag-noticias-destacadas","24":"tag-noticiasdestacadas","25":"tag-titulares","26":"tag-ultimas-noticias","27":"tag-ultimasnoticias","28":"tag-world","29":"tag-world-news","30":"tag-worldnews"},"share_on_mastodon":{"url":"https:\/\/pubeurope.com\/@es\/115769129370160969","error":""},"_links":{"self":[{"href":"https:\/\/www.europesays.com\/es\/wp-json\/wp\/v2\/posts\/303302","targetHints":{"allow":["GET"]}}],"collection":[{"href":"https:\/\/www.europesays.com\/es\/wp-json\/wp\/v2\/posts"}],"about":[{"href":"https:\/\/www.europesays.com\/es\/wp-json\/wp\/v2\/types\/post"}],"author":[{"embeddable":true,"href":"https:\/\/www.europesays.com\/es\/wp-json\/wp\/v2\/users\/2"}],"replies":[{"embeddable":true,"href":"https:\/\/www.europesays.com\/es\/wp-json\/wp\/v2\/comments?post=303302"}],"version-history":[{"count":0,"href":"https:\/\/www.europesays.com\/es\/wp-json\/wp\/v2\/posts\/303302\/revisions"}],"wp:featuredmedia":[{"embeddable":true,"href":"https:\/\/www.europesays.com\/es\/wp-json\/wp\/v2\/media\/303303"}],"wp:attachment":[{"href":"https:\/\/www.europesays.com\/es\/wp-json\/wp\/v2\/media?parent=303302"}],"wp:term":[{"taxonomy":"category","embeddable":true,"href":"https:\/\/www.europesays.com\/es\/wp-json\/wp\/v2\/categories?post=303302"},{"taxonomy":"post_tag","embeddable":true,"href":"https:\/\/www.europesays.com\/es\/wp-json\/wp\/v2\/tags?post=303302"}],"curies":[{"name":"wp","href":"https:\/\/api.w.org\/{rel}","templated":true}]}}