{"id":303306,"date":"2025-12-23T13:32:09","date_gmt":"2025-12-23T13:32:09","guid":{"rendered":"https:\/\/www.europesays.com\/es\/303306\/"},"modified":"2025-12-23T13:32:09","modified_gmt":"2025-12-23T13:32:09","slug":"el-consejo-de-ministros-declara-bien-de-interes-cultural-el-teatro-de-la-comedia-y-el-auditorio-nacional-de-musica","status":"publish","type":"post","link":"https:\/\/www.europesays.com\/es\/303306\/","title":{"rendered":"El Consejo de Ministros declara Bien de Inter\u00e9s Cultural el Teatro de la Comedia y el Auditorio Nacional de M\u00fasica"},"content":{"rendered":"<p>El Consejo de Ministros, a propuesta del ministro de Cultura, Ernest Urtasun, ha aprobado esta ma\u00f1ana la declaraci\u00f3n como Bienes de Inter\u00e9s Cultural (BIC) en la categor\u00eda de Monumento del Teatro de la Comedia y del edificio del Auditorio Nacional de M\u00fasica, ambos en Madrid. Esto supone la aplicaci\u00f3n de esta categor\u00eda de protecci\u00f3n, la m\u00e1xima que establece la Ley 16\/1985, de 25 de junio, de Patrimonio Hist\u00f3rico Espa\u00f1ol.<\/p>\n<p>La tramitaci\u00f3n de los expedientes para obtener esta declaraci\u00f3n se inici\u00f3 el pasado mes de julio, en el caso del Auditorio Nacional, y en el mes de septiembre, el del Teatro de la Comedia.<\/p>\n<p><strong>Teatro de la Comedia, un ejemplo de arquitectura de hierro<\/strong>Salto de l\u00ednea<br \/>\nEl Teatro de la Comedia de Madrid es obra del arquitecto Agust\u00edn Ortiz de Villajos. Actualmente, alberga la sede de la Compa\u00f1\u00eda Nacional de Teatro Cl\u00e1sico, dependiente del Instituto Nacional de las Artes Esc\u00e9nicas y de la M\u00fasica (INAEM), organismo aut\u00f3nomo estatal dependiente del Ministerio de Cultura.<\/p>\n<p>El edificio responde al estilo de los teatros decimon\u00f3nicos, con un dise\u00f1o sobrio y una fachada de inspiraci\u00f3n cl\u00e1sica. Su dependencia m\u00e1s significativa es la sala principal del teatro, con forma de herradura, escenario de madera y techo con pinturas de Jos\u00e9 Vallejo y Galeazo representando un cielo transparente con trampantojos de arquitecturas \u00e1rabes en sus pechinas.<\/p>\n<p>Ortiz de Villajos decidi\u00f3 emplear el hierro en su estructura y decoraci\u00f3n, convirti\u00e9ndolo as\u00ed un ejemplo emblem\u00e1tico de la arquitectura de hierro madrile\u00f1a.<\/p>\n<p><strong>Historia<\/strong>Salto de l\u00ednea<br \/>\nEl Teatro de la Comedia se inaugur\u00f3 el 18 de septiembre de 1875, hace 150 a\u00f1os, en la calle Pr\u00edncipe de Madrid, en el Barrio de las Letras. Sus or\u00edgenes se encuentran en el coliseo que quiso construir el empresario de salas y fiestas Silverio L\u00f3pez Larrainza en el solar de un patio de vecinos de su propiedad, situado en la calle del Pr\u00edncipe 14 y la calle N\u00fa\u00f1ez de Arce.<\/p>\n<p>Las obras se iniciaron en el a\u00f1o 1873 y Tirso Garc\u00eda Escudero de la Torre fue su propietario \u00fanico desde la temporada 1896-97 hasta su fallecimiento en 1950. En sus tablas se celebraron los estrenos de los cl\u00e1sicos del Siglo de Oro y de autores como Jacinto Benavente, Benito P\u00e9rez Gald\u00f3s, los hermanos \u00c1lvarez Quintero o Leandro Fern\u00e1ndez de Morat\u00edn.<\/p>\n<p>En 1915, un incendio destruy\u00f3 el interior del teatro y la sala se reconstruy\u00f3 en pocos meses por los arquitectos Luis Bellido y Jos\u00e9 L\u00f3pez Sallaberry. Desde entonces continu\u00f3 su actividad, que se vio interrumpida durante la Guerra Civil.<\/p>\n<p>En la \u00e9poca de los 70 se representaron en \u00e9l actuaciones independientes, de tem\u00e1tica social y pol\u00edtica, como \u2018Casta\u00f1uela 70\u2019, \u2018Yerma\u2019 o \u2018S\u00f3crates\u2019. En su escenario se mostr\u00f3 el primer desnudo del teatro espa\u00f1ol durante el franquismo, con la obra \u2018Equus\u2019.<\/p>\n<p>En 1998 el Ministerio de Cultura compr\u00f3 el teatro y adquiri\u00f3 cinco de los pisos del edificio para consolidar el Teatro de la Comedia como sede estable de la Compa\u00f1\u00eda Nacional de Teatro Cl\u00e1sico. En 2002 la Comedia fue cerrada al p\u00fablico para someterse a una amplia reforma, y reabri\u00f3 sus puertas en 2015.<\/p>\n<p><strong>Auditorio Nacional de M\u00fasica<\/strong>Salto de l\u00ednea<br \/>\nEl Auditorio Nacional de M\u00fasica se inaugur\u00f3 en el a\u00f1o 1988 y, desde el momento de su apertura, constituye uno de los principales centros de creaci\u00f3n y representaci\u00f3n musical del pa\u00eds.<\/p>\n<p>Su construcci\u00f3n corri\u00f3 a cargo del reconocido arquitecto Jos\u00e9 Mar\u00eda Garc\u00eda de Paredes, que ya contaba con una gran experiencia en el dise\u00f1o de infraestructuras musicales. Para la elaboraci\u00f3n del proyecto cont\u00f3 con el asesoramiento de los ingenieros alemanes Lothar Cremer y Thomas F\u00fctherer, del Instituto de Ac\u00fastica de Berl\u00edn.<\/p>\n<p>El dise\u00f1o del edificio es una continuaci\u00f3n de la identidad arquitect\u00f3nica de Garc\u00eda de Paredes, que destaca por su sencillez y la serena implantaci\u00f3n urbana de sus edificios. El exterior discurre paralelo a la calle Pr\u00edncipe de Vergara, con fachadas de ritmos uniformes que se corresponden con las galer\u00edas perimetrales que recorren el edificio, tratadas como una superficie plana y continua.<\/p>\n<p>En el interior, el edificio se organiza en tres cuerpos independientes, separados por juntas estructurales de dilataci\u00f3n. En el extremo norte se sit\u00faa la Sala Sinf\u00f3nica, en el sur la Sala de C\u00e1mara y en el centro el cuerpo de servicios generales. Para aislar las salas del ruido, adem\u00e1s de su disposici\u00f3n en el edificio, se emplea un sistema de dobles puertas con profundas exclusas, que se tiene que atravesar antes de ingresar en ellas.<\/p>\n<p>El arquitecto calcul\u00f3 al mil\u00edmetro la ac\u00fastica de las salas, siguiendo los fundamentos te\u00f3ricos de la arquitectura musical, teniendo en cuenta el volumen de aire en el interior de las salas en relaci\u00f3n con el n\u00famero de espectadores y la anchura m\u00e1xima de las mismas. Su dise\u00f1o prioriza la calidad sonora, lo que influye en la selecci\u00f3n y la ubicaci\u00f3n de cada asiento, y se completa con la cubierta de madera de nogal que recorre las dos salas.<\/p>\n<p><strong>Origen<\/strong>Salto de l\u00ednea<br \/>\nHasta el momento de su inauguraci\u00f3n, los conciertos sinf\u00f3nicos de la ciudad de Madrid se realizaban en el Teatro Real. En el a\u00f1o 1969 se plante\u00f3 la rehabilitaci\u00f3n del Teatro Real como Teatro de la \u00d3pera para ajustarlo a su funcionalidad original, por lo que se puso en evidencia la necesidad de dotar a la ciudad de una sala de conciertos.<\/p>\n<p>El proyecto arranc\u00f3 en 1983 enmarcado dentro del Plan Nacional de Auditorios, destinado a dotar al pa\u00eds de una infraestructura musical adecuada y coherente con las necesidades de la sociedad del momento.<\/p>\n<p>En la actualidad, el Auditorio Nacional conserva su relevancia en el panorama musical, albergando regularmente representaciones de figuras de talla internacional y del repertorio cl\u00e1sico. Adem\u00e1s, alberga la sede de la Orquesta y Coro Nacionales de Espa\u00f1a, de la Joven Orquesta Nacional de Espa\u00f1a y del Centro Nacional de Difusi\u00f3n Musical.<\/p>\n","protected":false},"excerpt":{"rendered":"El Consejo de Ministros, a propuesta del ministro de Cultura, Ernest Urtasun, ha aprobado esta ma\u00f1ana la declaraci\u00f3n&hellip;\n","protected":false},"author":2,"featured_media":303307,"comment_status":"","ping_status":"","sticky":false,"template":"","format":"standard","meta":{"footnotes":""},"categories":[5],"tags":[17,18,71812,25,24,13,14,11,19,20,9,10,15,16,23,12,21,22],"class_list":{"0":"post-303306","1":"post","2":"type-post","3":"status-publish","4":"format-standard","5":"has-post-thumbnail","7":"category-titulares","8":"tag-breaking-news","9":"tag-breakingnews","10":"tag-declaracion-bic-teatro-de-la-comedia-y-auditorio-nacional","11":"tag-es","12":"tag-espana","13":"tag-featured-news","14":"tag-featurednews","15":"tag-headlines","16":"tag-latest-news","17":"tag-latestnews","18":"tag-news","19":"tag-noticias","20":"tag-noticias-destacadas","21":"tag-noticiasdestacadas","22":"tag-spain","23":"tag-titulares","24":"tag-ultimas-noticias","25":"tag-ultimasnoticias"},"share_on_mastodon":{"url":"https:\/\/pubeurope.com\/@es\/115769137169832692","error":""},"_links":{"self":[{"href":"https:\/\/www.europesays.com\/es\/wp-json\/wp\/v2\/posts\/303306","targetHints":{"allow":["GET"]}}],"collection":[{"href":"https:\/\/www.europesays.com\/es\/wp-json\/wp\/v2\/posts"}],"about":[{"href":"https:\/\/www.europesays.com\/es\/wp-json\/wp\/v2\/types\/post"}],"author":[{"embeddable":true,"href":"https:\/\/www.europesays.com\/es\/wp-json\/wp\/v2\/users\/2"}],"replies":[{"embeddable":true,"href":"https:\/\/www.europesays.com\/es\/wp-json\/wp\/v2\/comments?post=303306"}],"version-history":[{"count":0,"href":"https:\/\/www.europesays.com\/es\/wp-json\/wp\/v2\/posts\/303306\/revisions"}],"wp:featuredmedia":[{"embeddable":true,"href":"https:\/\/www.europesays.com\/es\/wp-json\/wp\/v2\/media\/303307"}],"wp:attachment":[{"href":"https:\/\/www.europesays.com\/es\/wp-json\/wp\/v2\/media?parent=303306"}],"wp:term":[{"taxonomy":"category","embeddable":true,"href":"https:\/\/www.europesays.com\/es\/wp-json\/wp\/v2\/categories?post=303306"},{"taxonomy":"post_tag","embeddable":true,"href":"https:\/\/www.europesays.com\/es\/wp-json\/wp\/v2\/tags?post=303306"}],"curies":[{"name":"wp","href":"https:\/\/api.w.org\/{rel}","templated":true}]}}