{"id":30334,"date":"2025-08-06T22:36:04","date_gmt":"2025-08-06T22:36:04","guid":{"rendered":"https:\/\/www.europesays.com\/es\/30334\/"},"modified":"2025-08-06T22:36:04","modified_gmt":"2025-08-06T22:36:04","slug":"detenido-un-septuagenario-por-masturbarse-delante-de-varios-menores-en-una-playa-de-alcabre","status":"publish","type":"post","link":"https:\/\/www.europesays.com\/es\/30334\/","title":{"rendered":"Detenido un septuagenario por masturbarse delante de varios menores en una playa de Alcabre"},"content":{"rendered":"<p class=\"ft-text\">Un var\u00f3n de 79 a\u00f1os ha sido detenido <strong>este mi\u00e9rcoles en Vigo<\/strong> por un presunto delito de exhibicionismo y actos obscenos.<\/p>\n<p class=\"ft-text\">Seg\u00fan informa la Polic\u00eda Local, el<strong> hombre estaba masturb\u00e1ndose <\/strong>delante de varios menores en la <strong>playa de Santa Baia<\/strong>, arenal de la zona de Alcabre y cercano al Museo do Mar.<\/p>\n<p class=\"ft-text\">Los hechos habr\u00edan ocurrido sobre las 18 horas, y cuando los agentes se presentaron en el lugar, detuvieron <strong>al septuagenario<\/strong>, contra el que actuar\u00e1n de oficio y que tambi\u00e9n ser\u00e1 denunciado por los padres de los ni\u00f1os que presenciaron esa pr\u00e1ctica onanista con sus genitales.<\/p>\n","protected":false},"excerpt":{"rendered":"Un var\u00f3n de 79 a\u00f1os ha sido detenido este mi\u00e9rcoles en Vigo por un presunto delito de exhibicionismo&hellip;\n","protected":false},"author":2,"featured_media":30335,"comment_status":"","ping_status":"","sticky":false,"template":"","format":"standard","meta":{"footnotes":""},"categories":[8],"tags":[16110,16108,17,18,13568,8838,25,24,16111,13,14,11,19,20,16109,1567,9,10,15,16,776,1251,4065,16107,23,12,21,22,1274],"class_list":{"0":"post-30334","1":"post","2":"type-post","3":"status-publish","4":"format-standard","5":"has-post-thumbnail","7":"category-espana","8":"tag-alcabre","9":"tag-baia","10":"tag-breaking-news","11":"tag-breakingnews","12":"tag-delante","13":"tag-detenido","14":"tag-es","15":"tag-espana","16":"tag-exhibicionismo","17":"tag-featured-news","18":"tag-featurednews","19":"tag-headlines","20":"tag-latest-news","21":"tag-latestnews","22":"tag-masturbacion","23":"tag-menores","24":"tag-news","25":"tag-noticias","26":"tag-noticias-destacadas","27":"tag-noticiasdestacadas","28":"tag-playa","29":"tag-policia-local","30":"tag-santa","31":"tag-septuagenario","32":"tag-spain","33":"tag-titulares","34":"tag-ultimas-noticias","35":"tag-ultimasnoticias","36":"tag-vigo"},"share_on_mastodon":{"url":"","error":""},"_links":{"self":[{"href":"https:\/\/www.europesays.com\/es\/wp-json\/wp\/v2\/posts\/30334","targetHints":{"allow":["GET"]}}],"collection":[{"href":"https:\/\/www.europesays.com\/es\/wp-json\/wp\/v2\/posts"}],"about":[{"href":"https:\/\/www.europesays.com\/es\/wp-json\/wp\/v2\/types\/post"}],"author":[{"embeddable":true,"href":"https:\/\/www.europesays.com\/es\/wp-json\/wp\/v2\/users\/2"}],"replies":[{"embeddable":true,"href":"https:\/\/www.europesays.com\/es\/wp-json\/wp\/v2\/comments?post=30334"}],"version-history":[{"count":0,"href":"https:\/\/www.europesays.com\/es\/wp-json\/wp\/v2\/posts\/30334\/revisions"}],"wp:featuredmedia":[{"embeddable":true,"href":"https:\/\/www.europesays.com\/es\/wp-json\/wp\/v2\/media\/30335"}],"wp:attachment":[{"href":"https:\/\/www.europesays.com\/es\/wp-json\/wp\/v2\/media?parent=30334"}],"wp:term":[{"taxonomy":"category","embeddable":true,"href":"https:\/\/www.europesays.com\/es\/wp-json\/wp\/v2\/categories?post=30334"},{"taxonomy":"post_tag","embeddable":true,"href":"https:\/\/www.europesays.com\/es\/wp-json\/wp\/v2\/tags?post=30334"}],"curies":[{"name":"wp","href":"https:\/\/api.w.org\/{rel}","templated":true}]}}