{"id":303359,"date":"2025-12-23T14:19:11","date_gmt":"2025-12-23T14:19:11","guid":{"rendered":"https:\/\/www.europesays.com\/es\/303359\/"},"modified":"2025-12-23T14:19:11","modified_gmt":"2025-12-23T14:19:11","slug":"premiados-del-sorteo-de-navidad-de-apoyo-al-comercio-local-de-jimena-de-la-frontera-2025","status":"publish","type":"post","link":"https:\/\/www.europesays.com\/es\/303359\/","title":{"rendered":"Premiados del Sorteo de Navidad de Apoyo al Comercio Local de Jimena de la Frontera 2025"},"content":{"rendered":"<p>Tras la finalizaci\u00f3n del VI Sorteo de Navidad de Apoyo al Comercio Local, desde el Ayuntamiento de Jimena de la Frontera hacemos p\u00fablicas las actas en las que se podr\u00e1n consultar los d\u00e9cimos premiados, el comercio y la cantidad que le corresponde a cada n\u00famero.<\/p>\n<p>Recordamos que a partir del viernes 26 de diciembre de 2025 se podr\u00e1 comenzar a canjear los premios, hasta el pr\u00f3ximo 31 de enero de 2026.<\/p>\n<p>\u00a1Enhorabuena a los premiados y felices fiestas!<\/p>\n<p><img loading=\"lazy\" decoding=\"async\" style=\"display: block; margin-left: auto; margin-right: auto;\" src=\"https:\/\/www.europesays.com\/es\/wp-content\/uploads\/2025\/12\/WhatsApp_Image_2025-12-23_at_25734_PM.jpeg\" alt=\"\" width=\"519\" height=\"389\"\/><\/p>\n","protected":false},"excerpt":{"rendered":"Tras la finalizaci\u00f3n del VI Sorteo de Navidad de Apoyo al Comercio Local, desde el Ayuntamiento de Jimena&hellip;\n","protected":false},"author":2,"featured_media":303360,"comment_status":"","ping_status":"","sticky":false,"template":"","format":"standard","meta":{"footnotes":""},"categories":[81],"tags":[1250,119,123,124,25,24,16498,4899,117,121,122,23,118,120],"class_list":{"0":"post-303359","1":"post","2":"type-post","3":"status-publish","4":"format-standard","5":"has-post-thumbnail","7":"category-ciencia-y-tecnologia","8":"tag-ayuntamiento","9":"tag-ciencia","10":"tag-ciencia-y-tecnologia","11":"tag-cienciaytecnologia","12":"tag-es","13":"tag-espana","14":"tag-jimena","15":"tag-pueblo","16":"tag-science","17":"tag-science-and-technology","18":"tag-scienceandtechnology","19":"tag-spain","20":"tag-technology","21":"tag-tecnologia"},"share_on_mastodon":{"url":"https:\/\/pubeurope.com\/@es\/115769322617457697","error":""},"_links":{"self":[{"href":"https:\/\/www.europesays.com\/es\/wp-json\/wp\/v2\/posts\/303359","targetHints":{"allow":["GET"]}}],"collection":[{"href":"https:\/\/www.europesays.com\/es\/wp-json\/wp\/v2\/posts"}],"about":[{"href":"https:\/\/www.europesays.com\/es\/wp-json\/wp\/v2\/types\/post"}],"author":[{"embeddable":true,"href":"https:\/\/www.europesays.com\/es\/wp-json\/wp\/v2\/users\/2"}],"replies":[{"embeddable":true,"href":"https:\/\/www.europesays.com\/es\/wp-json\/wp\/v2\/comments?post=303359"}],"version-history":[{"count":0,"href":"https:\/\/www.europesays.com\/es\/wp-json\/wp\/v2\/posts\/303359\/revisions"}],"wp:featuredmedia":[{"embeddable":true,"href":"https:\/\/www.europesays.com\/es\/wp-json\/wp\/v2\/media\/303360"}],"wp:attachment":[{"href":"https:\/\/www.europesays.com\/es\/wp-json\/wp\/v2\/media?parent=303359"}],"wp:term":[{"taxonomy":"category","embeddable":true,"href":"https:\/\/www.europesays.com\/es\/wp-json\/wp\/v2\/categories?post=303359"},{"taxonomy":"post_tag","embeddable":true,"href":"https:\/\/www.europesays.com\/es\/wp-json\/wp\/v2\/tags?post=303359"}],"curies":[{"name":"wp","href":"https:\/\/api.w.org\/{rel}","templated":true}]}}