{"id":303381,"date":"2025-12-23T14:34:20","date_gmt":"2025-12-23T14:34:20","guid":{"rendered":"https:\/\/www.europesays.com\/es\/303381\/"},"modified":"2025-12-23T14:34:20","modified_gmt":"2025-12-23T14:34:20","slug":"asi-es-te-doy-mis-ojos-el-original-proyecto-que-convierte-la-fotografia-en-una-cadena-de-inspiracion-creativa","status":"publish","type":"post","link":"https:\/\/www.europesays.com\/es\/303381\/","title":{"rendered":"As\u00ed es \u00abTe doy mis ojos\u00bb, el original proyecto que convierte la fotograf\u00eda en una cadena de inspiraci\u00f3n creativa"},"content":{"rendered":"<p data-journey-content=\"true\" data-node-id=\"1\" class=\"css-6wxqfj emevuu60\">La imagen siempre nos ha servido para fijar un instante, pero tambi\u00e9n puede actuar como <strong data-node-id=\"1.1\">punto de partida para algo mayor<\/strong>. En <strong data-node-id=\"1.3\">Te doy mis ojos<\/strong>, el proyecto art\u00edstico impulsado por <strong data-node-id=\"1.5\">Xiaomi Espa\u00f1a<\/strong>, la fotograf\u00eda deja de ser un destino final para convertirse en <strong data-node-id=\"1.7\">un gesto de entrega<\/strong>. Una mirada que pasa de unas manos a otras y se transforma en <strong data-node-id=\"1.9\">nuevas formas de creaci\u00f3n<\/strong>.<\/p>\n<p data-journey-content=\"true\" data-node-id=\"4\" class=\"css-6wxqfj emevuu60\">El origen de todo el proceso es tecnol\u00f3gico, pero su vocaci\u00f3n es <strong data-node-id=\"4.1\">profundamente humana<\/strong>. Las im\u00e1genes que articulan el proyecto han sido captadas con el <strong data-node-id=\"4.3\">Xiaomi 15 Ultra<\/strong>, un dispositivo que combina <strong data-node-id=\"4.5\">precisi\u00f3n \u00f3ptica, control de la luz y fidelidad crom\u00e1tica<\/strong>, ofreciendo una calidad visual capaz de sostener <strong data-node-id=\"4.7\">un discurso art\u00edstico completo<\/strong>. Aqu\u00ed, la tecnolog\u00eda no act\u00faa como una intermediaria fr\u00eda, sino como <strong data-node-id=\"4.9\">facilitadora de emociones y relatos personales<\/strong>.<\/p>\n<p data-journey-content=\"true\" data-node-id=\"6\" class=\"css-6wxqfj emevuu60\"><strong data-node-id=\"6.0\">Te doy mis ojos re\u00fane a seis creadores<\/strong> de \u00e1mbitos muy distintos que se inspiran mutuamente a partir de sus galer\u00edas. Cada participante recibe una serie de im\u00e1genes y las interpreta desde su propio lenguaje: <strong data-node-id=\"6.2\">la palabra, el cuerpo, el c\u00f3digo, la materia o el tejido<\/strong>. El resultado no es una obra cerrada, sino <strong data-node-id=\"6.4\">una cadena creativa<\/strong>, en la que cada mirada da origen a otra distinta. <\/p>\n<p>De la imagen a la palabra: Jaime Lorente<\/p>\n<p data-journey-content=\"true\" data-node-id=\"11\" class=\"css-6wxqfj emevuu60\">El recorrido comienza con <strong data-node-id=\"11.1\">Jaime Lorente<\/strong>. M\u00e1s all\u00e1 de su faceta como actor, Lorente lleva a\u00f1os explorando la <strong data-node-id=\"11.3\">poes\u00eda y la m\u00fasica<\/strong> como territorios de expresi\u00f3n personal. En esta ocasi\u00f3n, recibe la galer\u00eda de <strong data-node-id=\"11.5\">Bego\u00f1a Rodrigo<\/strong> y la transforma en versos que dialogan con <strong data-node-id=\"11.7\">la intensidad, la sensibilidad y la energ\u00eda<\/strong> que transmiten sus im\u00e1genes.<\/p>\n<p data-journey-content=\"true\" data-node-id=\"13\" class=\"css-6wxqfj emevuu60\">Las fotograf\u00edas tomadas con el <a href=\"https:\/\/www.mi.com\/es\/event\/xiaomi-15-series\" target=\"_blank\" rel=\"nofollow noopener\" data-vars-ga-outbound-link=\"https:\/\/www.mi.com\/es\/event\/xiaomi-15-series\" data-vars-ga-ux-element=\"Hyperlink\" data-vars-ga-call-to-action=\"Xiaomi 15 Ultra\" data-vars-ga-product-id=\"a8a17bf7-5bbb-4b99-ab97-460355e98142\" data-node-id=\"13.1\" class=\"body-link product-links css-1kzkd1m emevuu60\"><strong data-node-id=\"13.1.0\">Xiaomi 15 Ultra<\/strong><\/a> contienen la <strong data-node-id=\"13.3\">profundidad visual suficiente<\/strong> como para activar ese proceso \u00edntimo de escritura. No se trata de describir lo que se ve, sino de <strong data-node-id=\"13.5\">escuchar lo que la imagen sugiere <\/strong>y traducirlo en emoci\u00f3n escrita. <\/p>\n<p>Del verso al cuerpo: Ana Furia<img draggable=\"true\" alt=\"ana furia\" title=\"Ana Furia\" loading=\"lazy\" width=\"2097\" height=\"2800\" decoding=\"async\" data-nimg=\"1\" style=\"color:transparent;width:100%;height:auto;\"   src=\"https:\/\/www.europesays.com\/es\/wp-content\/uploads\/2025\/12\/xiaomi2025-ana-0290-6942c40f32a24.jpg\" class=\"css-0 e1g79fud0\"\/><\/p>\n<p>XIAOMI<\/p>\n<p data-journey-content=\"true\" data-node-id=\"17\" class=\"css-6wxqfj emevuu60\">La palabra se convierte despu\u00e9s en <strong data-node-id=\"17.1\">movimiento<\/strong> con <strong data-node-id=\"17.3\">Ana Furia<\/strong>. La bailarina y creadora esc\u00e9nica recibe la galer\u00eda de <strong data-node-id=\"17.5\">Jaime<\/strong> y la interpreta a trav\u00e9s de <strong data-node-id=\"17.7\">una coreograf\u00eda original<\/strong>. Cada gesto nace de una emoci\u00f3n contenida en las im\u00e1genes: <strong data-node-id=\"17.9\">tensi\u00f3n, pausa, impulso<\/strong>. El cuerpo funciona aqu\u00ed como <strong data-node-id=\"17.11\">un nuevo soporte narrativo<\/strong>.<\/p>\n<p data-journey-content=\"true\" data-node-id=\"19\" class=\"css-6wxqfj emevuu60\">La potencia visual de las im\u00e1genes iniciales permite que el lenguaje visual viaje <strong data-node-id=\"19.1\">sin perder intensidad<\/strong>, demostrando que <strong data-node-id=\"19.3\">una buena c\u00e1mara puede ser el inicio de un di\u00e1logo entre disciplinas<\/strong> que aparentemente son lejanas. <\/p>\n<p>Cuando el c\u00f3digo tambi\u00e9n crea: ValPat<img draggable=\"true\" alt=\"valpat\" title=\"ValPat\" loading=\"lazy\" width=\"2097\" height=\"2800\" decoding=\"async\" data-nimg=\"1\" style=\"color:transparent;width:100%;height:auto;\"   src=\"https:\/\/www.europesays.com\/es\/wp-content\/uploads\/2025\/12\/xiaomi2025-valpat-0143-6942c44805f7a.jpg\" class=\"css-0 e1g79fud0\"\/><\/p>\n<p>XIAOMI<\/p>\n<p data-journey-content=\"true\" data-node-id=\"23\" class=\"css-6wxqfj emevuu60\">El siguiente eslab\u00f3n lo firma <strong data-node-id=\"23.1\">ValPat<\/strong>, el d\u00fao creativo formado por Valeria y Patricia unidas por su pasi\u00f3n por la tecnolog\u00eda y la divulgaci\u00f3n. A partir de las im\u00e1genes de Ana Furia, desarrollan <strong data-node-id=\"23.3\">un brazo rob\u00f3tico<\/strong> capaz de transformar el movimiento en trazos y patrones visuales. <strong data-node-id=\"23.5\">Programaci\u00f3n y sensibilidad<\/strong> se encuentran en una instalaci\u00f3n donde el gesto humano queda registrado en forma de <strong data-node-id=\"23.7\">datos convertidos en arte<\/strong>.<\/p>\n<p data-journey-content=\"true\" data-node-id=\"25\" class=\"css-6wxqfj emevuu60\">En este punto, el proyecto subraya una idea clave para Xiaomi: <strong data-node-id=\"25.1\">la innovaci\u00f3n tecnol\u00f3gica no sustituye a la creatividad, la expande<\/strong>. La imagen capturada con un dispositivo avanzado se convierte aqu\u00ed en <strong data-node-id=\"25.3\">materia prima para una nueva forma de expresi\u00f3n<\/strong>. <\/p>\n<p>Volver a lo esencial: Jes\u00fas S\u00e1nchez<img draggable=\"true\" alt=\"jes\u00fas s\u00e1nchez\" title=\"Jes\u00fas S\u00e1nchez\" loading=\"lazy\" width=\"2097\" height=\"2800\" decoding=\"async\" data-nimg=\"1\" style=\"color:transparent;width:100%;height:auto;\"   src=\"https:\/\/www.europesays.com\/es\/wp-content\/uploads\/2025\/12\/xiaomi2025-jesus-0076-1-6942c47f43973.jpg\" class=\"css-0 e1g79fud0\"\/><\/p>\n<p>XIAOMI<\/p>\n<p data-journey-content=\"true\" data-node-id=\"29\" class=\"css-6wxqfj emevuu60\"><strong data-node-id=\"29.0\">Jes\u00fas S\u00e1nchez<\/strong>, chef con <strong data-node-id=\"29.2\">tres estrellas Michelin<\/strong> y alma del <strong data-node-id=\"29.4\">Cenador de Am\u00f3s<\/strong>, recibe la galer\u00eda creada por <strong data-node-id=\"29.6\">ValPat<\/strong> y decide llevarla a un terreno <strong data-node-id=\"29.8\">f\u00edsico y artesanal<\/strong>. Fascinado por los ritmos y estructuras que percibe en las im\u00e1genes, talla <strong data-node-id=\"29.10\">una pieza en madera<\/strong> que traduce ese universo visual en <strong data-node-id=\"29.12\">textura y volumen<\/strong>.<\/p>\n<p data-journey-content=\"true\" data-node-id=\"31\" class=\"css-6wxqfj emevuu60\">Es un gesto de <strong data-node-id=\"31.1\">retorno a lo esencial<\/strong>, que pasa de lo digital a lo manual, de la pantalla a la materia. La imagen, lejos de agotarse, <strong data-node-id=\"31.3\">encuentra una nueva vida<\/strong> en la forma escult\u00f3rica. <\/p>\n<p>Permanencia en el tiempo: Pablo Erroz <img draggable=\"true\" alt=\"pablo erroz\" title=\"Pablo Erroz\" loading=\"lazy\" width=\"2097\" height=\"2800\" decoding=\"async\" data-nimg=\"1\" style=\"color:transparent;width:100%;height:auto;\"   src=\"https:\/\/www.europesays.com\/es\/wp-content\/uploads\/2025\/12\/xiaomi2025-pablo-0127-6942c4c2d4505.jpg\" class=\"css-0 e1g79fud0\"\/><\/p>\n<p>XIAOMI<\/p>\n<p data-journey-content=\"true\" data-node-id=\"35\" class=\"css-6wxqfj emevuu60\">La cadena contin\u00faa con <strong data-node-id=\"35.1\">Pablo Erroz<\/strong>, que interpreta la obra de <strong data-node-id=\"35.3\">Jes\u00fas S\u00e1nchez<\/strong> a trav\u00e9s de <strong data-node-id=\"35.5\">una escultura en piedra<\/strong>. <strong data-node-id=\"35.7\">Solidez, tiempo y equilibrio<\/strong> dialogan con un proceso creativo que naci\u00f3 de una mirada capturada con un tel\u00e9fono.<\/p>\n<p data-journey-content=\"true\" data-node-id=\"37\" class=\"css-6wxqfj emevuu60\">Erroz traslada a un <strong data-node-id=\"37.1\">lenguaje escult\u00f3rico<\/strong> las sensaciones y atm\u00f3sferas contenidas en la galer\u00eda fotogr\u00e1fica captada por el chef con su Xiaomi 15 Ultra, transformando <strong data-node-id=\"37.3\">detalles cotidianos<\/strong> en un volumen contundente y elegante. La dureza del material contrasta con la <strong data-node-id=\"37.5\">delicadeza de las im\u00e1genes originales<\/strong>, pero ambas comparten un mismo hilo conductor: <strong data-node-id=\"37.7\">el respeto por lo aut\u00e9ntico, lo esencial y lo bien hecho<\/strong>, ofreci\u00e9ndonos una nueva faceta del dise\u00f1ador como un creador transversal, capaz de convertir la inspiraci\u00f3n en materia duradera. <\/p>\n<p>Coda final: Bego\u00f1a Rodrigo<img draggable=\"true\" alt=\"bego\u00f1a rodrigo\" title=\"Bego\u00f1a Rodrigo\" loading=\"lazy\" width=\"1867\" height=\"2800\" decoding=\"async\" data-nimg=\"1\" style=\"color:transparent;width:100%;height:auto;\"   src=\"https:\/\/www.europesays.com\/es\/wp-content\/uploads\/2025\/12\/xiaomi2025-begona-0002-6942c50a1a789.jpg\" class=\"css-0 e1g79fud0\"\/><\/p>\n<p>XIAOMI<\/p>\n<p data-journey-content=\"true\" data-node-id=\"41\" class=\"css-6wxqfj emevuu60\">Finalmente, <strong data-node-id=\"41.1\">Bego\u00f1a Rodrigo cierra el c\u00edrculo<\/strong> al recibir la galer\u00eda de <strong data-node-id=\"41.3\">Pablo Erroz<\/strong> y transformarla en <strong data-node-id=\"41.5\">una pieza textil confeccionada a mano<\/strong>. La moda se convierte as\u00ed en <strong data-node-id=\"41.7\">emoci\u00f3n tangible<\/strong>, una traducci\u00f3n sensible de un recorrido creativo que ha atravesado m\u00faltiples lenguajes.<\/p>\n<p data-journey-content=\"true\" data-node-id=\"43\" class=\"css-6wxqfj emevuu60\">Inspirada por las im\u00e1genes de Pablo, Bego\u00f1a ha logrado <strong data-node-id=\"43.1\">captar la serenidad, la fuerza y la intenci\u00f3n<\/strong> presentes en la obra y trasladarlas al <strong data-node-id=\"43.3\">tejido y la textura<\/strong>, aplicando a la moda el mismo cuidado y delicadeza que pone en sus platos. El resultado no es solo una prenda, sino un <strong data-node-id=\"43.5\">s\u00edmbolo de di\u00e1logo y respeto entre disciplinas<\/strong>, donde gastronom\u00eda y creaci\u00f3n textil acaban encontr\u00e1ndose en perfecta armon\u00eda.<\/p>\n<p>La c\u00e1mara como punto de encuentro<\/p>\n<p data-journey-content=\"true\" data-node-id=\"46\" class=\"css-6wxqfj emevuu60\"><strong data-node-id=\"46.0\">Te doy mis ojos<\/strong> es, ante todo, <strong data-node-id=\"46.2\">una declaraci\u00f3n de principios<\/strong>. Para Xiaomi, la imagen no es solo un resultado t\u00e9cnico, sino <strong data-node-id=\"46.4\">una forma de conexi\u00f3n<\/strong>. El <strong data-node-id=\"46.6\">Xiaomi 15 Ultra <\/strong>se nos presenta como <strong data-node-id=\"46.8\">una herramienta capaz de sostener procesos creativos complejos<\/strong>, demostr\u00e1ndonos que <strong data-node-id=\"46.10\">la excelencia tecnol\u00f3gica puede convivir con una mirada art\u00edstica y humanista<\/strong>.<\/p>\n<p data-journey-content=\"true\" data-node-id=\"48\" class=\"css-6wxqfj emevuu60\">El proyecto se enmarca adem\u00e1s dentro de <a href=\"https:\/\/conxiaomi.com\/\" target=\"_blank\" rel=\"nofollow noopener\" data-vars-ga-outbound-link=\"https:\/\/conxiaomi.com\/\" data-vars-ga-ux-element=\"Hyperlink\" data-vars-ga-call-to-action=\"Con Xiaomi\" data-node-id=\"48.1\" class=\"body-link css-1kzkd1m emevuu60\"><strong data-node-id=\"48.1.0\">Con Xiaomi<\/strong><\/a>, la plataforma con la que la firma impulsa <strong data-node-id=\"48.3\">el encuentro entre talentos <\/strong>de distintos \u00e1mbitos y explora c\u00f3mo la tecnolog\u00eda puede <strong data-node-id=\"48.5\">abrir nuevos espacios de di\u00e1logo, colaboraci\u00f3n y cambio<\/strong>.<\/p>\n<p data-journey-content=\"true\" data-node-id=\"50\" class=\"css-6wxqfj emevuu60\">Porque cuando una c\u00e1mara es capaz de <strong data-node-id=\"50.1\">captar algo m\u00e1s que luz<\/strong>, la creaci\u00f3n deja de ser individual y se convierte en <strong data-node-id=\"50.3\">un acto compartido<\/strong>.<\/p>\n","protected":false},"excerpt":{"rendered":"La imagen siempre nos ha servido para fijar un instante, pero tambi\u00e9n puede actuar como punto de partida&hellip;\n","protected":false},"author":2,"featured_media":303382,"comment_status":"","ping_status":"","sticky":false,"template":"","format":"standard","meta":{"footnotes":""},"categories":[173],"tags":[229,233,231,230,13966,232,234,146,147,25,24,23],"class_list":["post-303381","post","type-post","status-publish","format-standard","has-post-thumbnail","category-arte-y-diseno","tag-arte","tag-arte-y-diseno","tag-arts","tag-arts-and-design","tag-branded","tag-design","tag-diseno","tag-entertainment","tag-entretenimiento","tag-es","tag-espana","tag-spain"],"share_on_mastodon":{"url":"https:\/\/pubeurope.com\/@es\/115769382294806475","error":""},"_links":{"self":[{"href":"https:\/\/www.europesays.com\/es\/wp-json\/wp\/v2\/posts\/303381","targetHints":{"allow":["GET"]}}],"collection":[{"href":"https:\/\/www.europesays.com\/es\/wp-json\/wp\/v2\/posts"}],"about":[{"href":"https:\/\/www.europesays.com\/es\/wp-json\/wp\/v2\/types\/post"}],"author":[{"embeddable":true,"href":"https:\/\/www.europesays.com\/es\/wp-json\/wp\/v2\/users\/2"}],"replies":[{"embeddable":true,"href":"https:\/\/www.europesays.com\/es\/wp-json\/wp\/v2\/comments?post=303381"}],"version-history":[{"count":0,"href":"https:\/\/www.europesays.com\/es\/wp-json\/wp\/v2\/posts\/303381\/revisions"}],"wp:featuredmedia":[{"embeddable":true,"href":"https:\/\/www.europesays.com\/es\/wp-json\/wp\/v2\/media\/303382"}],"wp:attachment":[{"href":"https:\/\/www.europesays.com\/es\/wp-json\/wp\/v2\/media?parent=303381"}],"wp:term":[{"taxonomy":"category","embeddable":true,"href":"https:\/\/www.europesays.com\/es\/wp-json\/wp\/v2\/categories?post=303381"},{"taxonomy":"post_tag","embeddable":true,"href":"https:\/\/www.europesays.com\/es\/wp-json\/wp\/v2\/tags?post=303381"}],"curies":[{"name":"wp","href":"https:\/\/api.w.org\/{rel}","templated":true}]}}