{"id":303467,"date":"2025-12-23T15:28:11","date_gmt":"2025-12-23T15:28:11","guid":{"rendered":"https:\/\/www.europesays.com\/es\/303467\/"},"modified":"2025-12-23T15:28:11","modified_gmt":"2025-12-23T15:28:11","slug":"la-tableta-huawei-matepad-11-5-de-2026-ya-es-oficial-con-un-nuevo-procesador","status":"publish","type":"post","link":"https:\/\/www.europesays.com\/es\/303467\/","title":{"rendered":"La tableta Huawei MatePad 11.5 de 2026 ya es oficial con un nuevo procesador"},"content":{"rendered":"<p>La firma china ha introducido en el mercado una nueva tableta de su gama media, la ya popular 11.5, que nos ofrece un tama\u00f1o de pantalla considerable y caracter\u00edsticas solventes. <b>Huawei vuelve a repetir la f\u00f3rmula con una tableta que nos ofrece mejoras <\/b>sobre todo en el rendimiento, gracias a un nuevo procesador, que va a ofrecernos un potencial solvente en cualquiera de las tareas que podemos pedirle en el d\u00eda a d\u00eda, c\u00f3mo vamos a poder comprobar a continuaci\u00f3n.<\/p>\n<p>Ficha t\u00e9cnica de la nueva Huawei MatePad 11.5 de 2026<\/p>\n<p>Junto a los Huawei Nova 15 que os detallamos ayer, el fabricante asi\u00e1tico ha desvelado ahora su potente tableta, que llega con cambios puntuales, por lo que no podemos esperar una ficha t\u00e9cnica totalmente diferente, sino m\u00e1s bien continuista. Este modelo de 2026 se estrena con un <b>nuevo procesador Kirin T82B <\/b>fabricado por la propia firma china. Este viene acompa\u00f1ado por memoria RAM de 8\u202fGB o 12\u202fGB, as\u00ed como almacenamiento interno de 128\u202fGB o 256\u202fGB.<\/p>\n<p><img loading=\"lazy\" decoding=\"async\" title=\"Huawei MatePad 11.5 de 2026\" alt=\"Huawei MatePad 11.5 de 2026\" width=\"480\" height=\"270\" src=\"https:\/\/www.europesays.com\/es\/wp-content\/uploads\/2025\/12\/huawei-matepad-115-2026_70.jpg\"\/> Huawei MatePad 11.5 de 2026 | Huawei <\/p>\n<p><b>Su pantalla vuelve a contar con un gran tama\u00f1o, de 11,5 pulgadas<\/b>, de ah\u00ed viene su denominaci\u00f3n, que cuenta con tecnolog\u00eda LCD. Esta nos ofrece una resoluci\u00f3n de 2456 x 1600 p\u00edxeles, y una tasa de refresco de 120\u202fHz, con un brillo pico de 600 nits. Llega con una edici\u00f3n adicional que cuenta en su pantalla con un recubrimiento anti reflejos, algo que viene bastante bien cuando hablamos de la visibilidad de este tipo de pantallas.<\/p>\n<p>Curiosamente, <b>este modelo con el acabado antirreflejos tiene un procesador diferente, el T82 <\/b>a secas. En el apartado fotogr\u00e1fico ofrece una combinaci\u00f3n bastante habitual, de 13 megap\u00edxeles en la parte trasera, y de 8 megap\u00edxeles en el sensor frontal, perfecto para selfies y videollamadas de calidad. A nivel de bater\u00eda es una tableta muy bien equipada.<\/p>\n<p>Tanto es as\u00ed que tiene <b>una capacidad de 10100 mAh<\/b>, pr\u00e1cticamente toca a 1000 mAh por pulgada, una ratio poco usual en las tabletas. Esta se carga con una potencia de 40W, que es bastante solvente para tratarse de una tableta. Otras caracter\u00edsticas son Wifi 6, Bluetooth 5.2, as\u00ed como cuatro altavoces est\u00e9reo que ofrecen un sonido bastante inmersivo con cualquier contenido. Como es habitual llega con HarmonyOS, sin Android, ni las apps y servicios de Google.<\/p>\n<p>Precio de la nueva Huawei MatePad 11.5 de 2026<\/p>\n<p>La nueva tableta se estrena de momento en China, donde el precio de <b>su versi\u00f3n b\u00e1sica parte de los 217 euros al cambio<\/b>. La variante m\u00e1s equipada y m\u00e1s cara, con 12GB de memoria RAM y 256GB de almacenamiento interno tiene un precio de 335 euros al cambio. Una tableta que es de esperar que llegue pronto a Espa\u00f1a, ya que su predecesora est\u00e1 actualmente a la venta en nuestro pa\u00eds, por lo que no hay argumentos para pensar por qu\u00e9 no podr\u00eda ser as\u00ed.<\/p>\n<p>   <img decoding=\"async\" title=\"Bizum\" alt=\"Bizum\" width=\"480\" height=\"270\" src=\"https:\/\/www.europesays.com\/es\/wp-content\/uploads\/2025\/12\/1766503691_207_70.jpg\" loading=\"lazy\" class=\"lazy\"\/><\/p>\n","protected":false},"excerpt":{"rendered":"La firma china ha introducido en el mercado una nueva tableta de su gama media, la ya popular&hellip;\n","protected":false},"author":2,"featured_media":303468,"comment_status":"","ping_status":"","sticky":false,"template":"","format":"standard","meta":{"footnotes":""},"categories":[81],"tags":[119,123,124,25,24,117,121,122,23,118,120],"class_list":{"0":"post-303467","1":"post","2":"type-post","3":"status-publish","4":"format-standard","5":"has-post-thumbnail","7":"category-ciencia-y-tecnologia","8":"tag-ciencia","9":"tag-ciencia-y-tecnologia","10":"tag-cienciaytecnologia","11":"tag-es","12":"tag-espana","13":"tag-science","14":"tag-science-and-technology","15":"tag-scienceandtechnology","16":"tag-spain","17":"tag-technology","18":"tag-tecnologia"},"share_on_mastodon":{"url":"https:\/\/pubeurope.com\/@es\/115769594295244761","error":""},"_links":{"self":[{"href":"https:\/\/www.europesays.com\/es\/wp-json\/wp\/v2\/posts\/303467","targetHints":{"allow":["GET"]}}],"collection":[{"href":"https:\/\/www.europesays.com\/es\/wp-json\/wp\/v2\/posts"}],"about":[{"href":"https:\/\/www.europesays.com\/es\/wp-json\/wp\/v2\/types\/post"}],"author":[{"embeddable":true,"href":"https:\/\/www.europesays.com\/es\/wp-json\/wp\/v2\/users\/2"}],"replies":[{"embeddable":true,"href":"https:\/\/www.europesays.com\/es\/wp-json\/wp\/v2\/comments?post=303467"}],"version-history":[{"count":0,"href":"https:\/\/www.europesays.com\/es\/wp-json\/wp\/v2\/posts\/303467\/revisions"}],"wp:featuredmedia":[{"embeddable":true,"href":"https:\/\/www.europesays.com\/es\/wp-json\/wp\/v2\/media\/303468"}],"wp:attachment":[{"href":"https:\/\/www.europesays.com\/es\/wp-json\/wp\/v2\/media?parent=303467"}],"wp:term":[{"taxonomy":"category","embeddable":true,"href":"https:\/\/www.europesays.com\/es\/wp-json\/wp\/v2\/categories?post=303467"},{"taxonomy":"post_tag","embeddable":true,"href":"https:\/\/www.europesays.com\/es\/wp-json\/wp\/v2\/tags?post=303467"}],"curies":[{"name":"wp","href":"https:\/\/api.w.org\/{rel}","templated":true}]}}