{"id":303482,"date":"2025-12-23T15:45:16","date_gmt":"2025-12-23T15:45:16","guid":{"rendered":"https:\/\/www.europesays.com\/es\/303482\/"},"modified":"2025-12-23T15:45:16","modified_gmt":"2025-12-23T15:45:16","slug":"jesus-martinez-y-las-criticas-al-grupo-pachuca-hemos-invertido-un-dineral-y-vamos-a-seguir-invirtiendo-en-el-real-oviedo","status":"publish","type":"post","link":"https:\/\/www.europesays.com\/es\/303482\/","title":{"rendered":"Jes\u00fas Mart\u00ednez y las cr\u00edticas al Grupo Pachuca:\u00a0\u00abHemos invertido un dineral y vamos a seguir invirtiendo en el Real Oviedo\u00bb"},"content":{"rendered":"<p>\t\t \t\t\tEl due\u00f1o del Grupo Pachuca y m\u00e1ximo accionista del Real Oviedo, Jes\u00fas Mart\u00ednez, sobre el c\u00e9sped del estadio Carlos Tartiere <strong class=\"pd-l\">J.L.Cereijido | EFE  <\/strong><\/p>\n<p>\t\t\t\t\t\tPor primera vez desde su rueda de prensa tras el despido de Paunovic, el m\u00e1ximo accionista del Real Oviedo habl\u00f3 de los \u00faltimos meses en la capital del Principado y defendi\u00f3 su gesti\u00f3n<br \/>\n\t\t\t\t\t\t<strong>23 dic 2025<\/strong> . Actualizado a las 10:40 h.\t\t\t\t\t\t<\/p>\n<p class=\"first-paragraph txt\">Fue en un canutazo r\u00e1pido con la prensa el escenario en el que<strong> Jes\u00fas Mart\u00ednez<\/strong>, m\u00e1s de dos meses despu\u00e9s de su famosa rueda de prensa en el Carlos Tartiere tras el despido de Veljko Paunovic, volvi\u00f3 a hablar en p\u00fablico sobre el <strong>Real Oviedo<\/strong>. El presidente del <strong>Grupo Pachuca,<\/strong> m\u00e1ximo accionista del Real Oviedo, fue preguntado por las cr\u00edticas a la gesti\u00f3n de Pachuca en los \u00faltimos meses y, en concreto, a la pancarta de <strong>\u00abm\u00e1s f\u00fatbol, menos negocio\u00bb<\/strong> que se despleg\u00f3 en el fondo norte del Tartiere antes del partido ante el Celta.<\/p>\n<p class=\"txt\">&#13;<br \/>\n\t\t&#13;<br \/>\n\t\t\t&#13;<br \/>\n\t\t&#13;<br \/>\n\t\t&#13;<br \/>\n\t\t&#13;<br \/>\n\t\t\t\t\t\t\t\t\t\t\t\t&#13;<br \/>\n\t\t\t\t\t\t\t\t&#13;<br \/>\n&#13;<br \/>\n&#13;<\/p>\n<p>\t\t\t&#13;<br \/>\n\t&#13;<\/p>\n<p>\t\t\t<a href=\"https:\/\/www.lavozdeasturias.es\/noticia\/azulcarbayon\/2025\/12\/23\/tertulia-azul-carbayon-disponible-youtube-ivoox-spotify-analisis-real-oviedo-celta-mercado-invernal\/00031766478608704262208.htm\" data-analytics=\"link-embed\" rel=\"nofollow noopener\" target=\"_blank\">La tertulia de Azul Carbay\u00f3n, disponible en YouTube, iVoox y Spotify: el an\u00e1lisis del Real Oviedo-Celta y el mercado invernal<\/a><\/p>\n<p class=\"a-min-author\">La Voz<\/p>\n<p>\t&#13;<br \/>\n\t&#13;<br \/>\n&#13;<br \/>\n\t\t\t\t&#13;<br \/>\n\t\t\t\t&#13;<br \/>\n\t&#13;<br \/>\n\t\t\t&#13;<br \/>\n\t\t\t&#13;<br \/>\n\t\t&#13;\n<\/p>\n<p class=\"txt\">\u00abTengo que respetar, pero yo no estoy de acuerdo en absoluto. Dec\u00eda que m\u00e1s f\u00fatbol y que menos inversi\u00f3n, menos negocio. Si hay alg\u00fan grupo que haya invertido en toda la historia del Real Oviedo, ese ha sido mi querido Carlos Slim (Grupo Carso) y el Grupo Pachuca. <strong>Hemos invertido un dineral y vamos a seguir invirtiendo, porque el resto de la afici\u00f3n s\u00ed tiene memoria y es muy agradecida<\/strong>\u00bb, dijo Jes\u00fas Mart\u00ednez. El conglomerado mexicano atraviesa su momento m\u00e1s complejo en la capital del Principado desde su llegada en el verano de 2022.<\/p>\n<p>&#13;<br \/>\n\tArchivado en:&#13;<br \/>\n\t\t\t\t\t<a href=\"https:\/\/www.lavozdeasturias.es\/temas\/real-oviedo\/\" target=\"_blank\" class=\"mg-l\" rel=\"nofollow noopener\">Real Oviedo<\/a>&#13;<br \/>\n\t\t\t\t\t<a href=\"https:\/\/www.lavozdeasturias.es\/temas\/javi-rueda\/\" target=\"_blank\" class=\"mg-l\" rel=\"nofollow noopener\">Javi Rueda<\/a>&#13;<br \/>\n\t\t\t\t\t<a href=\"https:\/\/www.lavozdeasturias.es\/temas\/empleo\/\" target=\"_blank\" class=\"mg-l\" rel=\"nofollow noopener\">Empleo<\/a>&#13;<br \/>\n\t\t\t\t\t<a href=\"https:\/\/www.lavozdeasturias.es\/temas\/celta\/\" target=\"_blank\" class=\"mg-l\" rel=\"nofollow noopener\">Celta<\/a>&#13;<br \/>\n\t\t\t\t\t<a href=\"https:\/\/www.lavozdeasturias.es\/temas\/carlos-slim\/\" target=\"_blank\" class=\"mg-l\" rel=\"nofollow noopener\">Carlos Slim<\/a>&#13;<br \/>\n\t\t\t        \t&#13;<\/p>\n","protected":false},"excerpt":{"rendered":"El due\u00f1o del Grupo Pachuca y m\u00e1ximo accionista del Real Oviedo, Jes\u00fas Mart\u00ednez, sobre el c\u00e9sped del estadio&hellip;\n","protected":false},"author":2,"featured_media":303483,"comment_status":"","ping_status":"","sticky":false,"template":"","format":"standard","meta":{"footnotes":""},"categories":[268],"tags":[27961,290,168,5509,25,24,280,282,57045,3302,281,23,167,3518],"class_list":{"0":"post-303482","1":"post","2":"type-post","3":"status-publish","4":"format-standard","5":"has-post-thumbnail","7":"category-futbol","8":"tag-carlos-slim","9":"tag-celta","10":"tag-deportes","11":"tag-empleo","12":"tag-es","13":"tag-espana","14":"tag-football","15":"tag-futbol","16":"tag-javi-rueda","17":"tag-real-oviedo","18":"tag-soccer","19":"tag-spain","20":"tag-sports","21":"tag-vigo-ciudad"},"share_on_mastodon":{"url":"https:\/\/pubeurope.com\/@es\/115769660242118560","error":""},"_links":{"self":[{"href":"https:\/\/www.europesays.com\/es\/wp-json\/wp\/v2\/posts\/303482","targetHints":{"allow":["GET"]}}],"collection":[{"href":"https:\/\/www.europesays.com\/es\/wp-json\/wp\/v2\/posts"}],"about":[{"href":"https:\/\/www.europesays.com\/es\/wp-json\/wp\/v2\/types\/post"}],"author":[{"embeddable":true,"href":"https:\/\/www.europesays.com\/es\/wp-json\/wp\/v2\/users\/2"}],"replies":[{"embeddable":true,"href":"https:\/\/www.europesays.com\/es\/wp-json\/wp\/v2\/comments?post=303482"}],"version-history":[{"count":0,"href":"https:\/\/www.europesays.com\/es\/wp-json\/wp\/v2\/posts\/303482\/revisions"}],"wp:featuredmedia":[{"embeddable":true,"href":"https:\/\/www.europesays.com\/es\/wp-json\/wp\/v2\/media\/303483"}],"wp:attachment":[{"href":"https:\/\/www.europesays.com\/es\/wp-json\/wp\/v2\/media?parent=303482"}],"wp:term":[{"taxonomy":"category","embeddable":true,"href":"https:\/\/www.europesays.com\/es\/wp-json\/wp\/v2\/categories?post=303482"},{"taxonomy":"post_tag","embeddable":true,"href":"https:\/\/www.europesays.com\/es\/wp-json\/wp\/v2\/tags?post=303482"}],"curies":[{"name":"wp","href":"https:\/\/api.w.org\/{rel}","templated":true}]}}