{"id":303495,"date":"2025-12-23T15:53:11","date_gmt":"2025-12-23T15:53:11","guid":{"rendered":"https:\/\/www.europesays.com\/es\/303495\/"},"modified":"2025-12-23T15:53:11","modified_gmt":"2025-12-23T15:53:11","slug":"conviviendo-con-los-herpes","status":"publish","type":"post","link":"https:\/\/www.europesays.com\/es\/303495\/","title":{"rendered":"Conviviendo con los herpes"},"content":{"rendered":"<p>              <strong>TP<\/strong><\/p>\n<p>Seg\u00fan la <strong>OMS<\/strong>, c<strong>erca del 80% de la poblaci\u00f3n mundial vive con un virus herpes en latencia<\/strong>. En \u00abA ciencia cierta\u00bb, <strong>Jos\u00e9 Antonio L\u00f3pez<\/strong>, <strong>JAL<\/strong>, nos propone hablar de este tipo de virus con la experta <strong>Sabina Andreu Satu\u00e9<\/strong>, vir\u00f3loga e investigadora del Grupo de Neurovirolog\u00eda y Antivirales de la Universidad Aut\u00f3noma de Madrid y del Centro de Biolog\u00eda Molecular Severo Ochoa.<\/p>\n","protected":false},"excerpt":{"rendered":"TP Seg\u00fan la OMS, cerca del 80% de la poblaci\u00f3n mundial vive con un virus herpes en latencia.&hellip;\n","protected":false},"author":2,"featured_media":303496,"comment_status":"","ping_status":"","sticky":false,"template":"","format":"standard","meta":{"footnotes":""},"categories":[92],"tags":[71862,25,24,165,71861,133,1448,1986,1987,166,23],"class_list":{"0":"post-303495","1":"post","2":"type-post","3":"status-publish","4":"format-standard","5":"has-post-thumbnail","7":"category-salud","8":"tag-conviviendo-con-los-herpes","9":"tag-es","10":"tag-espana","11":"tag-health","12":"tag-marca-espana","13":"tag-online","14":"tag-radio","15":"tag-rne","16":"tag-rtve-play","17":"tag-salud","18":"tag-spain"},"share_on_mastodon":{"url":"https:\/\/pubeurope.com\/@es\/115769691652214155","error":""},"_links":{"self":[{"href":"https:\/\/www.europesays.com\/es\/wp-json\/wp\/v2\/posts\/303495","targetHints":{"allow":["GET"]}}],"collection":[{"href":"https:\/\/www.europesays.com\/es\/wp-json\/wp\/v2\/posts"}],"about":[{"href":"https:\/\/www.europesays.com\/es\/wp-json\/wp\/v2\/types\/post"}],"author":[{"embeddable":true,"href":"https:\/\/www.europesays.com\/es\/wp-json\/wp\/v2\/users\/2"}],"replies":[{"embeddable":true,"href":"https:\/\/www.europesays.com\/es\/wp-json\/wp\/v2\/comments?post=303495"}],"version-history":[{"count":0,"href":"https:\/\/www.europesays.com\/es\/wp-json\/wp\/v2\/posts\/303495\/revisions"}],"wp:featuredmedia":[{"embeddable":true,"href":"https:\/\/www.europesays.com\/es\/wp-json\/wp\/v2\/media\/303496"}],"wp:attachment":[{"href":"https:\/\/www.europesays.com\/es\/wp-json\/wp\/v2\/media?parent=303495"}],"wp:term":[{"taxonomy":"category","embeddable":true,"href":"https:\/\/www.europesays.com\/es\/wp-json\/wp\/v2\/categories?post=303495"},{"taxonomy":"post_tag","embeddable":true,"href":"https:\/\/www.europesays.com\/es\/wp-json\/wp\/v2\/tags?post=303495"}],"curies":[{"name":"wp","href":"https:\/\/api.w.org\/{rel}","templated":true}]}}