{"id":303503,"date":"2025-12-23T15:57:07","date_gmt":"2025-12-23T15:57:07","guid":{"rendered":"https:\/\/www.europesays.com\/es\/303503\/"},"modified":"2025-12-23T15:57:07","modified_gmt":"2025-12-23T15:57:07","slug":"territorio-9-la-letra-b-de-nuestro-alfabeto-comiquero-kamen-rider-y-los-superheroes-en-japon","status":"publish","type":"post","link":"https:\/\/www.europesays.com\/es\/303503\/","title":{"rendered":"Territorio 9 &#8211; La letra \u00abB\u00bb de nuestro alfabeto comiquero | Kamen Rider y los superh\u00e9roes en Jap\u00f3n"},"content":{"rendered":"<p>              <strong>+12<\/strong><\/p>\n<p>En el programa 463 vuelve \u00d3scar D\u00edaz con su alfabeto comiquero, hoy se centra en la letra \u00abB\u00bb recomendando obras como \u00abBrought to light\u00bb o \u00abBlack Metal\u00bb. Despu\u00e9s, en la Embajada Asi\u00e1tica, Oriol Estrada nos habla de Kamen Rider y de por qu\u00e9 no han triunfado muchos superh\u00e9roes USA en Jap\u00f3n. Terminamos con las recomendaciones comiqueras de estas Navidades de Mar\u00eda Mu\u00f1oz.<\/p>\n","protected":false},"excerpt":{"rendered":"+12 En el programa 463 vuelve \u00d3scar D\u00edaz con su alfabeto comiquero, hoy se centra en la letra&hellip;\n","protected":false},"author":2,"featured_media":303504,"comment_status":"","ping_status":"","sticky":false,"template":"","format":"standard","meta":{"footnotes":""},"categories":[42],"tags":[17,18,13,14,11,61,62,63,64,71866,19,20,9,10,15,16,133,1448,1986,1987,34822,12,21,22,65,66,67],"class_list":{"0":"post-303503","1":"post","2":"type-post","3":"status-publish","4":"format-standard","5":"has-post-thumbnail","7":"category-internacional","8":"tag-breaking-news","9":"tag-breakingnews","10":"tag-featured-news","11":"tag-featurednews","12":"tag-headlines","13":"tag-internacional","14":"tag-international","15":"tag-international-news","16":"tag-internationalnews","17":"tag-la-letra-b-de-nuestro-alfabeto-comiquero-kamen-rider-y-los-superheroes-en-japon","18":"tag-latest-news","19":"tag-latestnews","20":"tag-news","21":"tag-noticias","22":"tag-noticias-destacadas","23":"tag-noticiasdestacadas","24":"tag-online","25":"tag-radio","26":"tag-rne","27":"tag-rtve-play","28":"tag-territorio-9","29":"tag-titulares","30":"tag-ultimas-noticias","31":"tag-ultimasnoticias","32":"tag-world","33":"tag-world-news","34":"tag-worldnews"},"share_on_mastodon":{"url":"","error":"Validation failed: Text character limit of 500 exceeded"},"_links":{"self":[{"href":"https:\/\/www.europesays.com\/es\/wp-json\/wp\/v2\/posts\/303503","targetHints":{"allow":["GET"]}}],"collection":[{"href":"https:\/\/www.europesays.com\/es\/wp-json\/wp\/v2\/posts"}],"about":[{"href":"https:\/\/www.europesays.com\/es\/wp-json\/wp\/v2\/types\/post"}],"author":[{"embeddable":true,"href":"https:\/\/www.europesays.com\/es\/wp-json\/wp\/v2\/users\/2"}],"replies":[{"embeddable":true,"href":"https:\/\/www.europesays.com\/es\/wp-json\/wp\/v2\/comments?post=303503"}],"version-history":[{"count":0,"href":"https:\/\/www.europesays.com\/es\/wp-json\/wp\/v2\/posts\/303503\/revisions"}],"wp:featuredmedia":[{"embeddable":true,"href":"https:\/\/www.europesays.com\/es\/wp-json\/wp\/v2\/media\/303504"}],"wp:attachment":[{"href":"https:\/\/www.europesays.com\/es\/wp-json\/wp\/v2\/media?parent=303503"}],"wp:term":[{"taxonomy":"category","embeddable":true,"href":"https:\/\/www.europesays.com\/es\/wp-json\/wp\/v2\/categories?post=303503"},{"taxonomy":"post_tag","embeddable":true,"href":"https:\/\/www.europesays.com\/es\/wp-json\/wp\/v2\/tags?post=303503"}],"curies":[{"name":"wp","href":"https:\/\/api.w.org\/{rel}","templated":true}]}}