{"id":303507,"date":"2025-12-23T15:59:13","date_gmt":"2025-12-23T15:59:13","guid":{"rendered":"https:\/\/www.europesays.com\/es\/303507\/"},"modified":"2025-12-23T15:59:13","modified_gmt":"2025-12-23T15:59:13","slug":"las-pensiones-minimas-subiran-mas-de-un-7-para-2026-y-las-no-contributivas-y-el-imv-aumentaran-un-114-economia-y-negocios","status":"publish","type":"post","link":"https:\/\/www.europesays.com\/es\/303507\/","title":{"rendered":"Las pensiones m\u00ednimas subir\u00e1n m\u00e1s de un 7% para 2026 y las no contributivas y el IMV aumentar\u00e1n un 11,4% | Econom\u00eda y negocios"},"content":{"rendered":"<p class=\"loc\">Madrid<\/p>\n<p>El <a href=\"https:\/\/cadenaser.com\/nacional\/2025\/12\/23\/el-ultimo-consejo-de-ministros-del-ano-aprueba-la-prorroga-de-las-ayudas-al-transporte-y-el-nuevo-abono-unico-de-60-euros-cadena-ser\/\" target=\"_blank\" rel=\"noreferrer nofollow noopener\" title=\"https:\/\/cadenaser.com\/nacional\/2025\/12\/23\/el-ultimo-consejo-de-ministros-del-ano-aprueba-la-prorroga-de-las-ayudas-al-transporte-y-el-nuevo-abono-unico-de-60-euros-cadena-ser\/\">Consejo de Ministros<\/a> ha aprobado este martes en su \u00faltima reuni\u00f3n del a\u00f1o la subida de las <a href=\"https:\/\/cadenaser.com\/asturias\/2025\/11\/12\/eduardo-madronal-necesitamos-un-candado-para-garantizar-las-pensiones-ser-gijon\/\" target=\"_blank\" rel=\"noreferrer nofollow noopener\" title=\"https:\/\/cadenaser.com\/asturias\/2025\/11\/12\/eduardo-madronal-necesitamos-un-candado-para-garantizar-las-pensiones-ser-gijon\/\">pensiones<\/a> contributivas y de clases pasivas en un 2,7% para 2026, as\u00ed como de las pensiones m\u00ednimas en m\u00e1s de un 7%, seg\u00fan ha anunciado la ministra de Inclusi\u00f3n, Seguridad Social y Migraciones y nueva portavoz del Gobierno, Elma Saiz.<\/p>\n<p>No obstante, las pensiones con c\u00f3nyuge a cargo y de viudedad con cargas familiares aumentar\u00e1n un 11,4% el pr\u00f3ximo a\u00f1o, igual que las pensiones no contributivas y el Ingreso M\u00ednimo Vital (IMV), que tambi\u00e9n se revalorizar\u00e1n un 11,4%, ha precisado Saiz en la rueda de prensa posterior al Consejo de Ministros.<\/p>\n<p>Estos incrementos van recogidos en un Real Decreto-ley mucho m\u00e1s amplio, aprobado por el que ha sido el \u00faltimo Consejo de Ministros del a\u00f1o 2025, para el mantenimiento del llamado &#8216;escudo social&#8217;.<\/p>\n<p>Las pensiones contributivas, atendiendo a la evoluci\u00f3n de los precios, <a href=\"https:\/\/cadenaser.com\/nacional\/2025\/11\/28\/las-pensiones-contributivas-subiran-un-27-en-2026-cadena-ser\/\" target=\"_blank\" rel=\"noreferrer nofollow noopener\" title=\"https:\/\/cadenaser.com\/nacional\/2025\/11\/28\/las-pensiones-contributivas-subiran-un-27-en-2026-cadena-ser\/\">subir\u00e1n un 2,7% para 2026.<\/a><\/p>\n<p>\u00abEl Gobierno cumple con un compromiso que es inquebrantable, el de ofrecer la certeza a los m\u00e1s de 9,4 millones de pensionistas de nuestro pa\u00eds de que si los precios suben, sus pensiones tambi\u00e9n lo van a hacer\u00bb, ha destacado Saiz.<\/p>\n","protected":false},"excerpt":{"rendered":"Madrid El Consejo de Ministros ha aprobado este martes en su \u00faltima reuni\u00f3n del a\u00f1o la subida de&hellip;\n","protected":false},"author":2,"featured_media":303508,"comment_status":"","ping_status":"","sticky":false,"template":"","format":"standard","meta":{"footnotes":""},"categories":[5],"tags":[42682,71867,17,18,42684,25,24,13,14,11,71868,28373,71869,19,20,9,10,15,16,34921,2005,23,34386,12,21,22,71870],"class_list":{"0":"post-303507","1":"post","2":"type-post","3":"status-publish","4":"format-standard","5":"has-post-thumbnail","7":"category-titulares","8":"tag-banknote","9":"tag-basic-security","10":"tag-breaking-news","11":"tag-breakingnews","12":"tag-cash","13":"tag-es","14":"tag-espana","15":"tag-featured-news","16":"tag-featurednews","17":"tag-headlines","18":"tag-inflation","19":"tag-labour","20":"tag-lack-of-money","21":"tag-latest-news","22":"tag-latestnews","23":"tag-news","24":"tag-noticias","25":"tag-noticias-destacadas","26":"tag-noticiasdestacadas","27":"tag-old-age-poverty","28":"tag-society","29":"tag-spain","30":"tag-symbol-image","31":"tag-titulares","32":"tag-ultimas-noticias","33":"tag-ultimasnoticias","34":"tag-71870"},"share_on_mastodon":{"url":"https:\/\/pubeurope.com\/@es\/115769715149904748","error":""},"_links":{"self":[{"href":"https:\/\/www.europesays.com\/es\/wp-json\/wp\/v2\/posts\/303507","targetHints":{"allow":["GET"]}}],"collection":[{"href":"https:\/\/www.europesays.com\/es\/wp-json\/wp\/v2\/posts"}],"about":[{"href":"https:\/\/www.europesays.com\/es\/wp-json\/wp\/v2\/types\/post"}],"author":[{"embeddable":true,"href":"https:\/\/www.europesays.com\/es\/wp-json\/wp\/v2\/users\/2"}],"replies":[{"embeddable":true,"href":"https:\/\/www.europesays.com\/es\/wp-json\/wp\/v2\/comments?post=303507"}],"version-history":[{"count":0,"href":"https:\/\/www.europesays.com\/es\/wp-json\/wp\/v2\/posts\/303507\/revisions"}],"wp:featuredmedia":[{"embeddable":true,"href":"https:\/\/www.europesays.com\/es\/wp-json\/wp\/v2\/media\/303508"}],"wp:attachment":[{"href":"https:\/\/www.europesays.com\/es\/wp-json\/wp\/v2\/media?parent=303507"}],"wp:term":[{"taxonomy":"category","embeddable":true,"href":"https:\/\/www.europesays.com\/es\/wp-json\/wp\/v2\/categories?post=303507"},{"taxonomy":"post_tag","embeddable":true,"href":"https:\/\/www.europesays.com\/es\/wp-json\/wp\/v2\/tags?post=303507"}],"curies":[{"name":"wp","href":"https:\/\/api.w.org\/{rel}","templated":true}]}}