{"id":303664,"date":"2025-12-23T18:09:13","date_gmt":"2025-12-23T18:09:13","guid":{"rendered":"https:\/\/www.europesays.com\/es\/303664\/"},"modified":"2025-12-23T18:09:13","modified_gmt":"2025-12-23T18:09:13","slug":"la-aventura-estadounidense-de-aday-mara-una-de-las-perlas-de-espana","status":"publish","type":"post","link":"https:\/\/www.europesays.com\/es\/303664\/","title":{"rendered":"La aventura estadounidense de Aday Mara, una de las perlas de Espa\u00f1a"},"content":{"rendered":"<p class=\"ft-text\">El baloncesto espa\u00f1ol vivi\u00f3 una generaci\u00f3n dorada con nombres pr\u00e1cticamente irrepetibles, como <strong>Pau y Marc Gasol, Juan Carlos Navarro, Rudy Fern\u00e1ndez<\/strong>, u otros como <a class=\"ft-link ft-link--decoration\" href=\"https:\/\/www.sport.es\/es\/noticias\/baloncesto\/mejor-ricky-lidera-mejor-joventut-124646596\" rel=\"nofollow noopener\" target=\"_blank\"><strong>Ricky Rubio, que todav\u00eda est\u00e1 en activo<\/strong><\/a>.<\/p>\n<p class=\"ft-text\">Sin embargo, en una clara \u00e9poca de transici\u00f3n, est\u00e1n emergiendo <strong>talentos que ilusionan al aficionado espa\u00f1ol a medio y largo plazo. Aday Mara es uno de ellos<\/strong>. El gigante de 221 cent\u00edmetros, canterano del <strong>Basket Zaragoza<\/strong>, abandon\u00f3 el club ma\u00f1o tras debutar con el primer equipo, y disputar la Liga Endesa durante la temporada 2022-23.<\/p>\n<p class=\"ft-text\">Decidi\u00f3 dar el salto y emprender una nueva aventura formativa en el baloncesto universitario de los Estados Unidos. Acept\u00f3 la oferta de la <strong>Universidad de California, en Los \u00c1ngeles (UCLA)<\/strong>, donde pas\u00f3 sus dos primeras temporadas en el otro lado del charco. Mara pag\u00f3 el peaje de la adaptaci\u00f3n, y en su periplo angelino tuvo participaciones muy secundarias, algo que pod\u00eda entrar dentro de lo &#8216;normal&#8217;.<\/p>\n<p>Sacando su mejor versi\u00f3n en Michigan<\/p>\n<p class=\"ft-text\"><strong>Este pasado verano, apost\u00f3 por un cambio de aires, firmando un nuevo contrato con Michigan Wolverine<\/strong>s, y sus prestaciones han mejorado de forma considerable. Actualmente, <strong>est\u00e1 registrando unos promedios cercanos al doble doble, con m\u00e1s de diez puntos, y casi nueve rebotes por partido<\/strong>. Lo m\u00e1s destacable, en comparaci\u00f3n con sus dos primeros cursos, es que <strong>est\u00e1 jugando m\u00e1s del doble de minutos<\/strong>.<\/p>\n<p class=\"ft-text\">Recientemente, Aday Mara se pronunci\u00f3 acerca de la decisi\u00f3n que tom\u00f3 hace pr\u00e1cticamente dos a\u00f1os y medio, asegurando que no era una cuesti\u00f3n econ\u00f3mica: \u00ab<strong>Mi decisi\u00f3n de venir a la NCAA no fue para nada econ\u00f3mica, fue una decisi\u00f3n que tom\u00e9 pensando en el futuro y en poder jugar en la NBA, que es lo que quiero<\/strong>\u00ab, coment\u00f3.<\/p>\n<p>Su deseo de jugar con la selecci\u00f3n<\/p>\n<p class=\"ft-text\">M\u00e1s all\u00e1 de cumplir el sue\u00f1o de jugar en la NBA, otro de los grandes objetivos a medio y largo plazo en la cabeza de Aday Mara es el de <strong>establecerse como jugador en la selecci\u00f3n espa\u00f1ola<\/strong>. Con el equipo dirigido por <strong>Chus Mateo<\/strong> en plena reconstrucci\u00f3n, el gigante espa\u00f1ol tiene n\u00fameros de ser importante para el futuro de la selecci\u00f3n: \u00ab<strong>Con Chus hablamos de vez en cuando y muy bien. Que se est\u00e9 fijando en lo que hago y me vaya preguntando es muy bueno. En enero vendr\u00e1 a vernos tambi\u00e9n, le estoy muy agradecido<\/strong>\u00ab, coment\u00f3 en\u00a0&#8216;esRadio&#8217;.<\/p>\n","protected":false},"excerpt":{"rendered":"El baloncesto espa\u00f1ol vivi\u00f3 una generaci\u00f3n dorada con nombres pr\u00e1cticamente irrepetibles, como Pau y Marc Gasol, Juan Carlos&hellip;\n","protected":false},"author":2,"featured_media":303665,"comment_status":"","ping_status":"","sticky":false,"template":"","format":"standard","meta":{"footnotes":""},"categories":[269],"tags":[302,68421,299,298,42076,168,25,24,665,3714,23,167,491],"class_list":{"0":"post-303664","1":"post","2":"type-post","3":"status-publish","4":"format-standard","5":"has-post-thumbnail","7":"category-baloncesto","8":"tag-acb","9":"tag-aday-mara","10":"tag-baloncesto","11":"tag-basketball","12":"tag-chus-mateo","13":"tag-deportes","14":"tag-es","15":"tag-espana","16":"tag-liga-endesa","17":"tag-seleccion-espanola","18":"tag-spain","19":"tag-sports","20":"tag-zaragoza"},"share_on_mastodon":{"url":"https:\/\/pubeurope.com\/@es\/115770226489104295","error":""},"_links":{"self":[{"href":"https:\/\/www.europesays.com\/es\/wp-json\/wp\/v2\/posts\/303664","targetHints":{"allow":["GET"]}}],"collection":[{"href":"https:\/\/www.europesays.com\/es\/wp-json\/wp\/v2\/posts"}],"about":[{"href":"https:\/\/www.europesays.com\/es\/wp-json\/wp\/v2\/types\/post"}],"author":[{"embeddable":true,"href":"https:\/\/www.europesays.com\/es\/wp-json\/wp\/v2\/users\/2"}],"replies":[{"embeddable":true,"href":"https:\/\/www.europesays.com\/es\/wp-json\/wp\/v2\/comments?post=303664"}],"version-history":[{"count":0,"href":"https:\/\/www.europesays.com\/es\/wp-json\/wp\/v2\/posts\/303664\/revisions"}],"wp:featuredmedia":[{"embeddable":true,"href":"https:\/\/www.europesays.com\/es\/wp-json\/wp\/v2\/media\/303665"}],"wp:attachment":[{"href":"https:\/\/www.europesays.com\/es\/wp-json\/wp\/v2\/media?parent=303664"}],"wp:term":[{"taxonomy":"category","embeddable":true,"href":"https:\/\/www.europesays.com\/es\/wp-json\/wp\/v2\/categories?post=303664"},{"taxonomy":"post_tag","embeddable":true,"href":"https:\/\/www.europesays.com\/es\/wp-json\/wp\/v2\/tags?post=303664"}],"curies":[{"name":"wp","href":"https:\/\/api.w.org\/{rel}","templated":true}]}}