{"id":303691,"date":"2025-12-23T18:24:17","date_gmt":"2025-12-23T18:24:17","guid":{"rendered":"https:\/\/www.europesays.com\/es\/303691\/"},"modified":"2025-12-23T18:24:17","modified_gmt":"2025-12-23T18:24:17","slug":"vox-expulsa-de-su-ejecutiva-a-ortega-smith-ultimo-superviviente-del-primer-nucleo-duro-de-abascal","status":"publish","type":"post","link":"https:\/\/www.europesays.com\/es\/303691\/","title":{"rendered":"Vox expulsa de su Ejecutiva a Ortega Smith, \u00faltimo superviviente del primer n\u00facleo duro de Abascal"},"content":{"rendered":"<p class=\"article-text\">\n        Vox ha expulsado a Javier Ortega Smith de su Ejecutiva tras meses de desencuentros y le sustituir\u00e1 la actual portavoz de Juventud de la formaci\u00f3n, J\u00falia Calvet, seg\u00fan ha informado el partido este martes. Ortega Smith era el \u00faltimo superviviente <a href=\"https:\/\/www.eldiario.es\/politica\/vox-relega-ortega-smith-aparta-portavocia-adjunta-congreso_1_12738020.html\" target=\"_blank\" data-mrf-recirculation=\"links-noticia\" class=\"link\" rel=\"nofollow noopener\">del primer n\u00facleo duro de Santiago Abascal.<\/a>\n    <\/p>\n<p>    <a href=\"https:\/\/www.eldiario.es\/politica\/hice-socia-revuelta-ano-paso-dinero_1_12853793.html\" data-mrf-recirculation=\"saber-mas\" data-dl-event=\"saber-mas\" rel=\"nofollow noopener\" target=\"_blank\"><\/p>\n<p class=\"know-more__title\">Me hice socia de Revuelta hace un a\u00f1o y esto es lo que pas\u00f3 con mi dinero<\/p>\n<p>            <img decoding=\"async\" class=\"lazy\" loading=\"lazy\" data-src=\"https:\/\/static.eldiario.es\/clip\/4d5324a4-94ab-4fee-a6d4-8e955933e486_16-9-aspect-ratio_default_0.jpg\" src=\"data:image\/svg+xml,%3Csvg xmlns=\" http:=\"\" viewbox=\"0 0 880 495\" alt=\"Me hice socia de Revuelta hace un a\u00f1o y esto es lo que pas\u00f3 con mi dinero\"\/><\/p>\n<p>                        <\/a><\/p>\n<p class=\"article-text\">\n        La relaci\u00f3n entre el a\u00fan diputado y portavoz en el Ayuntamiento de Madrid, uno de los fundadores de Vox, y el partido se ha deteriorado en los \u00faltimos meses. Vox ya le apart\u00f3 de la portavoc\u00eda adjunta en el Congreso a principios de noviembre. Le sustituy\u00f3 el diputado por M\u00e1laga y portavoz nacional de Vivienda de Vox, Carlos H. Quero.\n    <\/p>\n<p class=\"article-text\">\n        Pero, en realidad, es la culminaci\u00f3n de una ruptura que viene de largo. Ortega Smith lleg\u00f3 a desempe\u00f1arse como secretario general, de donde fue apartado por Abascal en 2022 para poner a Ignacio Garriga en su lugar. En 2023, en una entrevista concedida a Europa Press, el entonces vicepresidente de Vox advirti\u00f3 de que el partido \u201cno puede convertirse en una agencia de colocaci\u00f3n\u201d. La relaci\u00f3n con la direcci\u00f3n de Vox termin\u00f3 de torcerse tras conocerse informaciones que apuntaban a que se planteaba disputar el liderazgo de Vox a Santiago Abascal en la Asamblea de 2024.\n    <\/p>\n<p class=\"article-text\">\n        Abascal lo releg\u00f3 de la vicepresidencia de Vox tras esa Asamblea de 2024, pero no lo sac\u00f3 de la direcci\u00f3n de Vox, que es el paso que la Ejecutiva ha aprobado este martes. Ortega Smith compart\u00eda vicepresidencia con Jorge Buxad\u00e9 y Reyes Romero, y los tres pasaron a ser vocales.\n    <\/p>\n<p class=\"article-text\">\n        M\u00e1s recientemente Ortega Smith ha protagonizado episodios que han sido interpretados como provocaciones por la direcci\u00f3n de Vox. Asisti\u00f3 a la presentaci\u00f3n del &#8216;think tank&#8217; del exdirigente de Vox Iv\u00e1n Espinosa de los Monteros y aleg\u00f3 que \u201cnadie pod\u00eda molestarse porque fuera a abrazar a un amigo\u201d. Adem\u00e1s, se dej\u00f3 ver en la tribuna de autoridades en el desfile militar del 12 de octubre, despu\u00e9s de que Abascal rechazara acudir por no coincidir con el Gobierno.\n    <\/p>\n<p class=\"article-text\">\n         En una entrevista en ABC hace tres d\u00edas, Ortega Smith se\u00f1alaba que mantiene una relaci\u00f3n \u201cdistante\u201d con el l\u00edder de Vox desde que Abascal pens\u00f3 \u201cya no le era necesario\u201d.\n    <\/p>\n<p class=\"article-text\">\n        \u201cCuando \u00e9l me cesa como secretario general, tendr\u00eda sus razones. Yo nunca las comprend\u00ed. No voy a decir que las comparto porque no las comparto (&#8230;) Yo sigo defendiendo los mismos valores y los mismos principios. Sigo diciendo lo mismo y la prueba est\u00e1 ah\u00ed. Ojal\u00e1 todos puedan decir lo mismo\u201d, dice en esa entrevista.\n    <\/p>\n<p>    <a href=\"https:\/\/www.eldiario.es\/politica\/vox-relega-ortega-smith-aparta-portavocia-adjunta-congreso_1_12738020.html\" data-mrf-recirculation=\"saber-mas-abajo\" data-dl-event=\"saber-mas-abajo\" rel=\"nofollow noopener\" target=\"_blank\"><\/p>\n<p class=\"know-more__title\">Vox relega a Ortega Smith y lo aparta de la portavoc\u00eda adjunta del Congreso\n<\/p>\n<p>            <img decoding=\"async\" class=\"lazy\" loading=\"lazy\" data-src=\"https:\/\/static.eldiario.es\/clip\/1218cac4-306c-4664-acf2-bc897f49b6af_16-9-aspect-ratio_default_0.jpg\" src=\"data:image\/svg+xml,%3Csvg xmlns=\" http:=\"\" viewbox=\"0 0 880 495\" alt=\"Vox relega a Ortega Smith y lo aparta de la portavoc\u00eda adjunta del Congreso\"\/><\/p>\n<p>                        <\/a><\/p>\n<p class=\"article-text\">\n        Calvet, jurista, es un valor al alza en Vox. Expresidenta de la plataforma estudiantil S&#8217;ha Acabat!, J\u00falia Calvet tambi\u00e9n es diputada auton\u00f3mica en el Parlamento de Catalu\u00f1a.\n    <\/p>\n","protected":false},"excerpt":{"rendered":"Vox ha expulsado a Javier Ortega Smith de su Ejecutiva tras meses de desencuentros y le sustituir\u00e1 la&hellip;\n","protected":false},"author":2,"featured_media":303692,"comment_status":"","ping_status":"","sticky":false,"template":"","format":"standard","meta":{"footnotes":""},"categories":[5],"tags":[686,17,18,54749,25,24,13637,13,14,11,19,20,9,10,15,16,32847,4813,977,1930,23,19114,12,21,22,3667,624],"class_list":{"0":"post-303691","1":"post","2":"type-post","3":"status-publish","4":"format-standard","5":"has-post-thumbnail","7":"category-titulares","8":"tag-abascal","9":"tag-breaking-news","10":"tag-breakingnews","11":"tag-ejecutiva","12":"tag-es","13":"tag-espana","14":"tag-expulsa","15":"tag-featured-news","16":"tag-featurednews","17":"tag-headlines","18":"tag-latest-news","19":"tag-latestnews","20":"tag-news","21":"tag-noticias","22":"tag-noticias-destacadas","23":"tag-noticiasdestacadas","24":"tag-nucleo","25":"tag-ortega","26":"tag-primer","27":"tag-smith","28":"tag-spain","29":"tag-superviviente","30":"tag-titulares","31":"tag-ultimas-noticias","32":"tag-ultimasnoticias","33":"tag-ultimo","34":"tag-vox"},"share_on_mastodon":{"url":"https:\/\/pubeurope.com\/@es\/115770285327234232","error":""},"_links":{"self":[{"href":"https:\/\/www.europesays.com\/es\/wp-json\/wp\/v2\/posts\/303691","targetHints":{"allow":["GET"]}}],"collection":[{"href":"https:\/\/www.europesays.com\/es\/wp-json\/wp\/v2\/posts"}],"about":[{"href":"https:\/\/www.europesays.com\/es\/wp-json\/wp\/v2\/types\/post"}],"author":[{"embeddable":true,"href":"https:\/\/www.europesays.com\/es\/wp-json\/wp\/v2\/users\/2"}],"replies":[{"embeddable":true,"href":"https:\/\/www.europesays.com\/es\/wp-json\/wp\/v2\/comments?post=303691"}],"version-history":[{"count":0,"href":"https:\/\/www.europesays.com\/es\/wp-json\/wp\/v2\/posts\/303691\/revisions"}],"wp:featuredmedia":[{"embeddable":true,"href":"https:\/\/www.europesays.com\/es\/wp-json\/wp\/v2\/media\/303692"}],"wp:attachment":[{"href":"https:\/\/www.europesays.com\/es\/wp-json\/wp\/v2\/media?parent=303691"}],"wp:term":[{"taxonomy":"category","embeddable":true,"href":"https:\/\/www.europesays.com\/es\/wp-json\/wp\/v2\/categories?post=303691"},{"taxonomy":"post_tag","embeddable":true,"href":"https:\/\/www.europesays.com\/es\/wp-json\/wp\/v2\/tags?post=303691"}],"curies":[{"name":"wp","href":"https:\/\/api.w.org\/{rel}","templated":true}]}}