{"id":303701,"date":"2025-12-23T18:37:11","date_gmt":"2025-12-23T18:37:11","guid":{"rendered":"https:\/\/www.europesays.com\/es\/303701\/"},"modified":"2025-12-23T18:37:11","modified_gmt":"2025-12-23T18:37:11","slug":"avance-del-capitulo-322-de-valle-salvaje-la-serie-de-tve-y-netflix","status":"publish","type":"post","link":"https:\/\/www.europesays.com\/es\/303701\/","title":{"rendered":"Avance del cap\u00edtulo 322 de &#8216;Valle Salvaje&#8217;, la serie de TVE y Netflix"},"content":{"rendered":"<p data-journey-content=\"true\" data-node-id=\"3\" class=\"css-6wxqfj emevuu60\">Anteriormente en &#8216;<a href=\"https:\/\/www.diezminutos.es\/valle-salvaje\/\" target=\"_blank\" data-vars-ga-outbound-link=\"https:\/\/www.diezminutos.es\/valle-salvaje\/\" data-vars-ga-ux-element=\"Hyperlink\" data-vars-ga-call-to-action=\"Valle Salvaje\" data-node-id=\"3.1\" class=\"body-link css-177bzfx emevuu60\" rel=\"nofollow noopener\">Valle Salvaje<\/a>&#8216;, todos est\u00e1n sorprendidos por los \u00faltimos acontecimientos\u2026 <a href=\"https:\/\/www.diezminutos.es\/telenovela\/espanolas\/a64564256\/valle-salvaje-capitulos-141-al-145-resumen-semanal-21-al-25-abril-tve-netflix\/\" target=\"_blank\" data-vars-ga-outbound-link=\"https:\/\/www.diezminutos.es\/telenovela\/espanolas\/a64564256\/valle-salvaje-capitulos-141-al-145-resumen-semanal-21-al-25-abril-tve-netflix\/\" data-vars-ga-ux-element=\"Hyperlink\" data-vars-ga-call-to-action=\"La tensi\u00f3n entre Adriana y Victoria\" data-node-id=\"3.3\" class=\"body-link css-177bzfx emevuu60\" rel=\"nofollow noopener\">La tensi\u00f3n entre Adriana y Victoria<\/a> Al mismo tiempo, <strong data-node-id=\"3.5\">Leonardo decide confiar en Irene<\/strong> y le comparte su firme prop\u00f3sito de ayudar a Luisa, convencido de que su apoyo puede marcar la diferencia. Sin embargo, lo que esperaba como respaldo por parte de don Sebasti\u00e1n se convierte en un golpe inesperado: en lugar de aliento, recibe una noticia capaz de alterar el rumbo de todos. <strong data-node-id=\"3.7\">La revelaci\u00f3n, envuelta en misterio, amenaza con transformar las relaciones<\/strong> y desatar nuevas tensiones en el palacio. <\/p>\n<p><img draggable=\"true\" alt=\"valle salvaje\" title=\"Valle Salvaje\" loading=\"lazy\" width=\"4096\" height=\"2731\" decoding=\"async\" data-nimg=\"1\" style=\"color:transparent;width:100%;height:auto;\"   src=\"https:\/\/www.europesays.com\/es\/wp-content\/uploads\/2025\/12\/g67ig6gwuaa287z-69354d18ca2fe.jpg\" class=\"css-0 e1g79fud0\"\/><\/p>\n<p>Add RTVE<\/p>\n<p>Mercedes recibe otro an\u00f3nimo en &#8216;Valle Salvaje&#8217; <\/p>\n<p data-journey-content=\"true\" data-node-id=\"8\" class=\"css-6wxqfj emevuu60\">Jos\u00e9 Luis, presionado por las amenazas de D\u00e1maso, decide dar un paso arriesgado y acudir directamente al juez para pedir la liberaci\u00f3n de Luisa. Sabe que apenas queda un d\u00eda para el juicio y que cualquier movimiento puede cambiarlo todo, pero aun as\u00ed se aferra a la esperanza de lograrlo. Mientras tanto, <strong data-node-id=\"8.1\">B\u00e1rbara recibe la noticia de que Leonardo ha tenido que marcharse<\/strong> de forma repentina. La revelaci\u00f3n la deja desconcertada y con un amargo sentimiento de p\u00e9rdida: no ha podido despedirse de \u00e9l, y ese vac\u00edo pesa m\u00e1s de lo que est\u00e1 dispuesta a admitir.<\/p>\n<p data-journey-content=\"true\" data-node-id=\"10\" class=\"css-6wxqfj emevuu60\">En el cap\u00edtulo de este mi\u00e9rcoles, en TVE, Irene decide presentarse ante el duque movida por la inquietud que la consume desde hace d\u00edas. Necesita saber qu\u00e9 ser\u00e1 de su compromiso si finalmente <strong data-node-id=\"10.1\">don Hernando no logra superar su delicado estado de salud<\/strong>. Lo que no espera es la reacci\u00f3n del duque, cuya respuesta la desconcierta tanto por su frialdad como por la determinaci\u00f3n que deja entrever. Al mismo tiempo, Pepa acude a visitar a Luisa, preocupada por su silencio reciente. <\/p>\n<p>Pepa descubre que Luisa quiso matarse en &#8216;Valle Salvaje&#8217;<img draggable=\"true\" alt=\"valle salvaje\" title=\"Valle Salvaje\" loading=\"lazy\" width=\"4096\" height=\"2731\" decoding=\"async\" data-nimg=\"1\" style=\"color:transparent;width:100%;height:auto;\"   src=\"https:\/\/www.europesays.com\/es\/wp-content\/uploads\/2025\/12\/1766515031_513_g6is3jhx0aakcy7-6926dd87853ac.jpg\" class=\"css-0 e1g79fud0\"\/><\/p>\n<p>Add RTVE<\/p>\n<p data-journey-content=\"true\" data-node-id=\"16\" class=\"css-6wxqfj emevuu60\">La conversaci\u00f3n entre ambas la deja profundamente afectada cuando descubre que Luisa, abrumada por la desesperaci\u00f3n, lleg\u00f3 a contemplar la idea de poner fin a su vida. <strong data-node-id=\"16.1\">Ese hallazgo sacude a Pepa<\/strong>, que intenta ofrecerle consuelo y apoyo. Mientras estas tensiones personales se desarrollan, el duque mueve sus hilos en la sombra para asegurarse de que Alejo cumpla estrictamente con el pacto que ambos sellaron, decidido a que nada ni nadie altere sus planes.<\/p>\n<p><img src=\"https:\/\/www.europesays.com\/es\/wp-content\/uploads\/2025\/12\/1766515031_743_43af9b8f-983e-4e74-8e74-9a7479b0966b_1681831601.file\" alt=\"Headshot of Pilar Mart\u00ednez\" title=\"Headshot of Pilar Mart\u00ednez\" width=\"100%\" height=\"100%\" decoding=\"async\" loading=\"lazy\" class=\"css-o0wq4v ev8dhu53\"\/><\/p>\n<p>Pilar Mart\u00ednez es periodista especializada en contenidos de televisi\u00f3n y cultura, se gradu\u00f3 en la carrera en Periodismo en la Facultad de Ciencias de la Informaci\u00f3n (Universidad Complutense de Madrid) en el a\u00f1o 2018. Desde entonces ha pasado por las redacciones de Ecoteuve (El Economista), donde realiz\u00f3 sus primeras pr\u00e1cticas durante el verano del 2016.<\/p>\n<p>Posteriormente, concretamente, en el a\u00f1o 2017 se pas\u00f3 al grupo Hearst Espa\u00f1a, donde comenz\u00f3 su andadura en las revistas de televisi\u00f3n: Supertele, Teleprograma, Telenovela. Ahora colabora con Diez Minutos, en su versi\u00f3n web, donde se encarga de realizar los avances semanales de las ficciones diarias de moda, as\u00ed como entrevistas y art\u00edculos sobre los melodramas o telenovelas que aterrizan en nuestro pa\u00eds y aquellos que est\u00e1n por venir.<\/p>\n<p>Toda una cazadora de exclusivas. A esto, se suma su puesto como redactora jefe de la secci\u00f3n de novela narrativa en la revista Culturamas, medio digital de alto impacto al que lleva unida desde el a\u00f1o 2013. \u00c1vida lectora, cin\u00e9fila y seri\u00e9fila de primer nivel, ha hecho de su vocaci\u00f3n su oficio. \u00a0<\/p>\n","protected":false},"excerpt":{"rendered":"Anteriormente en &#8216;Valle Salvaje&#8216;, todos est\u00e1n sorprendidos por los \u00faltimos acontecimientos\u2026 La tensi\u00f3n entre Adriana y Victoria Al&hellip;\n","protected":false},"author":2,"featured_media":303702,"comment_status":"","ping_status":"","sticky":false,"template":"","format":"standard","meta":{"footnotes":""},"categories":[171],"tags":[253,146,147,25,24,23,214],"class_list":{"0":"post-303701","1":"post","2":"type-post","3":"status-publish","4":"format-standard","5":"has-post-thumbnail","7":"category-tv","8":"tag-discover","9":"tag-entertainment","10":"tag-entretenimiento","11":"tag-es","12":"tag-espana","13":"tag-spain","14":"tag-tv"},"share_on_mastodon":{"url":"https:\/\/pubeurope.com\/@es\/115770336918110465","error":""},"_links":{"self":[{"href":"https:\/\/www.europesays.com\/es\/wp-json\/wp\/v2\/posts\/303701","targetHints":{"allow":["GET"]}}],"collection":[{"href":"https:\/\/www.europesays.com\/es\/wp-json\/wp\/v2\/posts"}],"about":[{"href":"https:\/\/www.europesays.com\/es\/wp-json\/wp\/v2\/types\/post"}],"author":[{"embeddable":true,"href":"https:\/\/www.europesays.com\/es\/wp-json\/wp\/v2\/users\/2"}],"replies":[{"embeddable":true,"href":"https:\/\/www.europesays.com\/es\/wp-json\/wp\/v2\/comments?post=303701"}],"version-history":[{"count":0,"href":"https:\/\/www.europesays.com\/es\/wp-json\/wp\/v2\/posts\/303701\/revisions"}],"wp:featuredmedia":[{"embeddable":true,"href":"https:\/\/www.europesays.com\/es\/wp-json\/wp\/v2\/media\/303702"}],"wp:attachment":[{"href":"https:\/\/www.europesays.com\/es\/wp-json\/wp\/v2\/media?parent=303701"}],"wp:term":[{"taxonomy":"category","embeddable":true,"href":"https:\/\/www.europesays.com\/es\/wp-json\/wp\/v2\/categories?post=303701"},{"taxonomy":"post_tag","embeddable":true,"href":"https:\/\/www.europesays.com\/es\/wp-json\/wp\/v2\/tags?post=303701"}],"curies":[{"name":"wp","href":"https:\/\/api.w.org\/{rel}","templated":true}]}}