{"id":303714,"date":"2025-12-23T18:44:10","date_gmt":"2025-12-23T18:44:10","guid":{"rendered":"https:\/\/www.europesays.com\/es\/303714\/"},"modified":"2025-12-23T18:44:10","modified_gmt":"2025-12-23T18:44:10","slug":"confianza-del-consumidor-en-ee-uu-cae-por-quinto-mes-consecutivo","status":"publish","type":"post","link":"https:\/\/www.europesays.com\/es\/303714\/","title":{"rendered":"Confianza del consumidor en EE.UU. cae por quinto mes consecutivo"},"content":{"rendered":"<p>    <img fetchpriority=\"high\" decoding=\"async\" src=\"data:image\/gif;base64,R0lGODlhAQABAIAAAAAAAP\/\/\/ywAAAAAAQABAAACAUwAOw==\" alt=\"Foto: Adam Gray\/Bloomberg\" loading=\"eager\" height=\"640\" width=\"960\" class=\"yf-lglytj loader\"\/> Foto: Adam Gray\/Bloomberg      <\/p>\n<p class=\"yf-7hmkaz\">(Bloomberg) &#8212; La confianza del consumidor estadounidense disminuy\u00f3 por quinto mes consecutivo debido a opiniones m\u00e1s pesimistas sobre el mercado laboral y las condiciones empresariales.<\/p>\n<p class=\"yf-7hmkaz\">El indicador del Conference Board descendi\u00f3 a 89,1, desde 92,9 el mes pasado, seg\u00fan datos publicados el martes. La mediana de las estimaciones en una encuesta de Bloomberg a economistas era de 91.<\/p>\n<p class=\"yf-7hmkaz\">Lo m\u00e1s le\u00eddo de Bloomberg<\/p>\n<p class=\"yf-7hmkaz\">Un indicador de las condiciones actuales cay\u00f3 a 116,8, el nivel m\u00e1s bajo desde febrero de 2021, mientras que una medida de las expectativas para los pr\u00f3ximos seis meses se mantuvo estable en diciembre.<\/p>\n<p class=\"yf-7hmkaz\">El impacto de los precios elevados y las preocupaciones sobre el mercado laboral han pesado sobre los consumidores durante todo el a\u00f1o, manteniendo el \u00edndice en torno a unos de los niveles m\u00e1s bajos desde la pandemia. El crecimiento del empleo es d\u00e9bil, el desempleo est\u00e1 en alza y la inflaci\u00f3n sigue por encima del objetivo de la Reserva Federal.<\/p>\n<p class=\"yf-7hmkaz\">Los economistas proyectan que la contrataci\u00f3n seguir\u00e1 d\u00e9bil el pr\u00f3ximo a\u00f1o y que la tasa de desempleo mostrar\u00e1 escasa mejora, lo que podr\u00eda continuar afectando la confianza. Tambi\u00e9n anticipan que el crecimiento salarial se enfriar\u00e1 a\u00fan m\u00e1s en 2026, lo que apunta a profundizar una brecha en el gasto seg\u00fan el nivel de ingresos.<\/p>\n<p class=\"yf-7hmkaz\">Nota Original: US Consumer Confidence Drops for Fifth Straight Month<\/p>\n<p class=\"yf-7hmkaz\">M\u00c1S CONTENIDO EN ESPA\u00d1OL:<\/p>\n<ul class=\"yf-h8k6hx\">\n<li class=\"yf-h8k6hx\">\n<p class=\"yf-7hmkaz\">Suscr\u00edbase aqu\u00ed al bolet\u00edn Cinco Cosas<\/p>\n<\/li>\n<li class=\"yf-h8k6hx\">\n<p class=\"yf-7hmkaz\">Bloomberg en espa\u00f1ol est\u00e1 en LinkedIn<\/p>\n<\/li>\n<li class=\"yf-h8k6hx\">\n<p class=\"yf-7hmkaz\">Conozca nuestro canal de WhatsApp<\/p>\n<\/li>\n<li class=\"yf-h8k6hx\">\n<p class=\"yf-7hmkaz\">Usuarios terminal: vea la versi\u00f3n espa\u00f1ol de Daybreak en DAYB<\/p>\n<\/li>\n<\/ul>\n<p class=\"yf-7hmkaz\">\u00a0<\/p>\n<p class=\"yf-7hmkaz\">&#8211;Con la colaboraci\u00f3n de Michael Sasso.<\/p>\n<p class=\"yf-7hmkaz\">\u00a92025 Bloomberg L.P.<\/p>\n","protected":false},"excerpt":{"rendered":"Foto: Adam Gray\/Bloomberg (Bloomberg) &#8212; La confianza del consumidor estadounidense disminuy\u00f3 por quinto mes consecutivo debido a opiniones&hellip;\n","protected":false},"author":2,"featured_media":303715,"comment_status":"","ping_status":"","sticky":false,"template":"","format":"standard","meta":{"footnotes":""},"categories":[80],"tags":[14278,82,95,94,25,24,71910,23,16541],"class_list":{"0":"post-303714","1":"post","2":"type-post","3":"status-publish","4":"format-standard","5":"has-post-thumbnail","7":"category-economia","8":"tag-bloomberg","9":"tag-business","10":"tag-economia","11":"tag-economy","12":"tag-es","13":"tag-espana","14":"tag-la-confianza-del-consumidor","15":"tag-spain","16":"tag-tasa-de-desempleo"},"share_on_mastodon":{"url":"https:\/\/pubeurope.com\/@es\/115770364033243599","error":""},"_links":{"self":[{"href":"https:\/\/www.europesays.com\/es\/wp-json\/wp\/v2\/posts\/303714","targetHints":{"allow":["GET"]}}],"collection":[{"href":"https:\/\/www.europesays.com\/es\/wp-json\/wp\/v2\/posts"}],"about":[{"href":"https:\/\/www.europesays.com\/es\/wp-json\/wp\/v2\/types\/post"}],"author":[{"embeddable":true,"href":"https:\/\/www.europesays.com\/es\/wp-json\/wp\/v2\/users\/2"}],"replies":[{"embeddable":true,"href":"https:\/\/www.europesays.com\/es\/wp-json\/wp\/v2\/comments?post=303714"}],"version-history":[{"count":0,"href":"https:\/\/www.europesays.com\/es\/wp-json\/wp\/v2\/posts\/303714\/revisions"}],"wp:featuredmedia":[{"embeddable":true,"href":"https:\/\/www.europesays.com\/es\/wp-json\/wp\/v2\/media\/303715"}],"wp:attachment":[{"href":"https:\/\/www.europesays.com\/es\/wp-json\/wp\/v2\/media?parent=303714"}],"wp:term":[{"taxonomy":"category","embeddable":true,"href":"https:\/\/www.europesays.com\/es\/wp-json\/wp\/v2\/categories?post=303714"},{"taxonomy":"post_tag","embeddable":true,"href":"https:\/\/www.europesays.com\/es\/wp-json\/wp\/v2\/tags?post=303714"}],"curies":[{"name":"wp","href":"https:\/\/api.w.org\/{rel}","templated":true}]}}