{"id":303718,"date":"2025-12-23T18:46:14","date_gmt":"2025-12-23T18:46:14","guid":{"rendered":"https:\/\/www.europesays.com\/es\/303718\/"},"modified":"2025-12-23T18:46:14","modified_gmt":"2025-12-23T18:46:14","slug":"mercasantander-impulsara-el-plan-estrategico-para-el-periodo-2026-2030","status":"publish","type":"post","link":"https:\/\/www.europesays.com\/es\/303718\/","title":{"rendered":"Mercasantander impulsar\u00e1 el Plan Estrat\u00e9gico para el periodo 2026-2030"},"content":{"rendered":"<p>\t\t\t\t\t\tConsejo Mercasantander &#8211; archivo\t\t\t\t\t<\/p>\n<tr>\n<td>\n\t\t\t\t\t\t<img decoding=\"async\" src=\"https:\/\/www.europesays.com\/es\/wp-content\/uploads\/2025\/12\/consejo_mercasantander.jpg\" alt=\"noticias\/imagen-asociada\/2025\/12\/consejo_mercasantander.jpg\" class=\"col-xs-12 col-md-12 img-responsive img-left\"\/>\n\t\t\t\t\t<\/td>\n<\/tr>\n<p class=\"lead\">\n\t\t\t\tEl Consejo de Administraci\u00f3n acuerda la realizaci\u00f3n de este plan que incluir\u00e1 las directrices e inversiones que llevar\u00e1 a cabo Mercasantander en este periodo.\t\t\t<\/p>\n<p style=\"text-align: justify;\">El Consejo de Administraci\u00f3n de Mercasantander (compuesto por el Ayuntamiento de Santander con una participaci\u00f3n del 51,18% y la empresa p\u00fablica de la Administraci\u00f3n del Estado, Mercasa, que posee el 48,81%) ha acordado en su reuni\u00f3n de hoy el impulso de un Plan Estrat\u00e9gico para el periodo 2026-2030.<\/p>\n<p style=\"text-align: justify;\">As\u00ed lo ha anunciado el presidente del Consejo de Administraci\u00f3n de la Sociedad, \u00c1lvaro Lav\u00edn, quien ha explicado que ha sido el \u00f3rgano rector de la entidad quien ha acordado licitar el contrato para elaborar el plan, en el que se incluir\u00e1n las directrices e inversiones que Mercasantander llevar\u00e1 a cabo en este periodo. Este Plan Estrat\u00e9gico 2026-2031 indicar\u00e1 el camino a seguir para el desarrollo futuro de Mercasantander.<\/p>\n<p style=\"text-align: justify;\">Asimismo, durante la reuni\u00f3n, se ha analizado la marcha de la sociedad y presentado un avance del presupuesto de explotaci\u00f3n para el ejercicio 2026, en el que se prev\u00e9 un resultado positivo de 398.900 euros, donde se incluye una partida relativa a inversiones para el a\u00f1o 2026 en el que se destinar\u00e1 un 45% del beneficio previsto para ese a\u00f1o a la mejora y adecuaci\u00f3n del pol\u00edgono en el que se ubica Mercasantander y que se desarrollar\u00e1 en una pr\u00f3xima reuni\u00f3n del Consejo.<\/p>\n<p style=\"text-align: justify;\">En concreto, se prev\u00e9 una actuaci\u00f3n en suelos y pavimentos, as\u00ed como limpieza y saneamiento de la estructura interior. De este modo, se dar\u00e1 un tratamiento al suelo del pasillo central del Pabell\u00f3n de Frutas y Hortalizas, se reparar\u00e1 el suelo de los andenes exteriores del citado pabell\u00f3n, y se limpiar\u00e1n y sanear\u00e1n las cerchas interiores.<\/p>\n<p style=\"text-align: justify;\">Mercasantander forma parte de la Red de Mercas de Mercasa, la mayor red p\u00fablica de mercados mayoristas de productos frescos del mundo con 24 unidades alimentarias en toda Espa\u00f1a. Esta Red abastece de alimentos a m\u00e1s de 30 millones de personas y es un eslab\u00f3n fundamental en la cadena de valor agroalimentaria.<\/p>\n","protected":false},"excerpt":{"rendered":"Consejo Mercasantander &#8211; archivo El Consejo de Administraci\u00f3n acuerda la realizaci\u00f3n de este plan que incluir\u00e1 las directrices&hellip;\n","protected":false},"author":2,"featured_media":303719,"comment_status":"","ping_status":"","sticky":false,"template":"","format":"standard","meta":{"footnotes":""},"categories":[8],"tags":[17,18,25,24,13,14,11,19,20,9,10,15,16,23,12,21,22],"class_list":{"0":"post-303718","1":"post","2":"type-post","3":"status-publish","4":"format-standard","5":"has-post-thumbnail","7":"category-espana","8":"tag-breaking-news","9":"tag-breakingnews","10":"tag-es","11":"tag-espana","12":"tag-featured-news","13":"tag-featurednews","14":"tag-headlines","15":"tag-latest-news","16":"tag-latestnews","17":"tag-news","18":"tag-noticias","19":"tag-noticias-destacadas","20":"tag-noticiasdestacadas","21":"tag-spain","22":"tag-titulares","23":"tag-ultimas-noticias","24":"tag-ultimasnoticias"},"share_on_mastodon":{"url":"https:\/\/pubeurope.com\/@es\/115770372754547269","error":""},"_links":{"self":[{"href":"https:\/\/www.europesays.com\/es\/wp-json\/wp\/v2\/posts\/303718","targetHints":{"allow":["GET"]}}],"collection":[{"href":"https:\/\/www.europesays.com\/es\/wp-json\/wp\/v2\/posts"}],"about":[{"href":"https:\/\/www.europesays.com\/es\/wp-json\/wp\/v2\/types\/post"}],"author":[{"embeddable":true,"href":"https:\/\/www.europesays.com\/es\/wp-json\/wp\/v2\/users\/2"}],"replies":[{"embeddable":true,"href":"https:\/\/www.europesays.com\/es\/wp-json\/wp\/v2\/comments?post=303718"}],"version-history":[{"count":0,"href":"https:\/\/www.europesays.com\/es\/wp-json\/wp\/v2\/posts\/303718\/revisions"}],"wp:featuredmedia":[{"embeddable":true,"href":"https:\/\/www.europesays.com\/es\/wp-json\/wp\/v2\/media\/303719"}],"wp:attachment":[{"href":"https:\/\/www.europesays.com\/es\/wp-json\/wp\/v2\/media?parent=303718"}],"wp:term":[{"taxonomy":"category","embeddable":true,"href":"https:\/\/www.europesays.com\/es\/wp-json\/wp\/v2\/categories?post=303718"},{"taxonomy":"post_tag","embeddable":true,"href":"https:\/\/www.europesays.com\/es\/wp-json\/wp\/v2\/tags?post=303718"}],"curies":[{"name":"wp","href":"https:\/\/api.w.org\/{rel}","templated":true}]}}