{"id":303720,"date":"2025-12-23T18:47:24","date_gmt":"2025-12-23T18:47:24","guid":{"rendered":"https:\/\/www.europesays.com\/es\/303720\/"},"modified":"2025-12-23T18:47:24","modified_gmt":"2025-12-23T18:47:24","slug":"facua-denuncia-a-amazon-aliexpress-y-leroy-merlin-por-vender-balizas-no-homologadas-por-la-dgt-pese-a-que-ponen-que-si-economia-y-negocios","status":"publish","type":"post","link":"https:\/\/www.europesays.com\/es\/303720\/","title":{"rendered":"Facua denuncia a Amazon, AliExpress y Leroy Merlin por vender balizas no homologadas por la DGT pese a que ponen que s\u00ed | Econom\u00eda y negocios"},"content":{"rendered":"<p class=\"loc\">Madrid<\/p>\n<p><a href=\"https:\/\/cadenaser.com\/nacional\/2025\/12\/03\/facua-planta-cara-a-la-dgt-por-su-pasividad-ante-la-venta-de-balizas-v16-no-homologadas-nos-estan-enganando-cadena-ser\/\" target=\"_blank\" rel=\"noreferrer nofollow noopener\" title=\"https:\/\/cadenaser.com\/nacional\/2025\/12\/03\/facua-planta-cara-a-la-dgt-por-su-pasividad-ante-la-venta-de-balizas-v16-no-homologadas-nos-estan-enganando-cadena-ser\/\">Facua contin\u00faa con su lucha contra la venta de balizas V16<\/a> fraudulenta. A partir del pr\u00f3ximo 1 de enero todos aquellos dispositivos de ese tipo que no tengan conectividad con la <a href=\"https:\/\/cadenaser.com\/aragon\/2025\/12\/17\/atencion-conductores-desde-enero-la-baliza-v16-sera-tu-nueva-companera-en-carretera-radio-zaragoza\/\" target=\"_blank\" rel=\"noreferrer nofollow noopener\" title=\"https:\/\/cadenaser.com\/aragon\/2025\/12\/17\/atencion-conductores-desde-enero-la-baliza-v16-sera-tu-nueva-companera-en-carretera-radio-zaragoza\/\">DGT<\/a> dejar\u00e1n de estar permitidos pero sin embargo se siguen vendiendo bajo el reclamo de \u00abhomologados por la DGT\u00bb.<\/p>\n<p>La organizaci\u00f3n de consumidores ha denunciado en concreto a tres plataformas online \u2014Amazon, AliExpress y Leroy Merlin\u2014 porque considera que no ofrecen \u00abinformaci\u00f3n clara\u00bb sobre esas <a href=\"https:\/\/cadenaser.com\/nacional\/2025\/12\/22\/desgranando-la-polemica-baliza-v16-bulos-y-criticas-legitimas-al-nuevo-dispositivo-obligatorio-en-carretera-cadena-ser\/\" target=\"_blank\" rel=\"noreferrer nofollow noopener\" title=\"https:\/\/cadenaser.com\/nacional\/2025\/12\/22\/desgranando-la-polemica-baliza-v16-bulos-y-criticas-legitimas-al-nuevo-dispositivo-obligatorio-en-carretera-cadena-ser\/\">balizas<\/a> que tienen en venta: \u00abEn cuya descripci\u00f3n aparece &#8216;homologada por la DGT&#8217; pero no aclaran que su vigencia, como mero complemento de los tri\u00e1ngulos de se\u00f1alizaci\u00f3n, caducar\u00e1 con el fin de este a\u00f1o 2025\u00bb, critican. <\/p>\n<p><img decoding=\"async\" src=\"https:\/\/www.europesays.com\/es\/wp-content\/uploads\/2025\/12\/https:\/\/sdmedia.playser.cadenaser.com\/playser\/image\/202512\/22\/1766420200964_1766421999_asset_still.p.jpeg\" alt=\"Expediente Precedo | V16, la baliza de la desinformaci\u00f3n\" width=\"655\"   loading=\"lazy\"\/><\/p>\n<p class=\"tit\">Expediente Precedo | V16, la baliza de la desinformaci\u00f3n<\/p>\n<p>00:00:0012:34<\/p>\n<p>El c\u00f3digo iframe se ha copiado en el portapapeles<\/p>\n<p>FacebookTwitterLinkedinWhatsAppCerrar<\/p>\n<p>Facua denuncia que estas plataformas, pese a ser conocedoras de ello, no han hecho nada al respecto y permiten a los vendedores seguir teniendo en el mercado estos productos pese a que sus anuncios tienen una flagrante falta de informaci\u00f3n, como denuncian los algunos usuarios en los comentarios.<\/p>\n<p>La asociaci\u00f3n destaca en su denuncia todos los puntos de la ley general para la Defensa de los Consumidores y Usuarios que est\u00e1n vulnerando esas plataformas. Pide a Consumo que abra expedientes sancionadores a estas webs, adem\u00e1s de la obligaci\u00f3n de informar con transparencia.<\/p>\n<p>El portavoz de Facua, Rub\u00e9n S\u00e1nchez, lleva tiempo criticando la pasividad de la DGT ante lo que considera un fraude: \u00abSe ha desentendido de las reclamaciones de la asociaci\u00f3n y ni siquiera ha lanzado un comunicado de alerta para aclarar que las balizas sin conectividad que usan su logotipo como reclamo est\u00e1n incurriendo en publicidad enga\u00f1osa si no advierten de que no ser\u00e1n v\u00e1lidas a partir de enero\u00bb.<\/p>\n<p>La organizaci\u00f3n recuerda adem\u00e1s a los usuarios que aquellos que hayan comprado balizas V16 sin conectividad con la DGT sin saber que en realidad no est\u00e1n \u00abhomologadas\u00bb, como se marca en la caja, tienen derecho a reclamar que les devuelvan el dinero.<\/p>\n","protected":false},"excerpt":{"rendered":"Madrid Facua contin\u00faa con su lucha contra la venta de balizas V16 fraudulenta. A partir del pr\u00f3ximo 1&hellip;\n","protected":false},"author":2,"featured_media":303721,"comment_status":"","ping_status":"","sticky":false,"template":"","format":"standard","meta":{"footnotes":""},"categories":[5],"tags":[17,18,25,24,13,14,11,19,20,9,10,15,16,23,12,21,22],"class_list":{"0":"post-303720","1":"post","2":"type-post","3":"status-publish","4":"format-standard","5":"has-post-thumbnail","7":"category-titulares","8":"tag-breaking-news","9":"tag-breakingnews","10":"tag-es","11":"tag-espana","12":"tag-featured-news","13":"tag-featurednews","14":"tag-headlines","15":"tag-latest-news","16":"tag-latestnews","17":"tag-news","18":"tag-noticias","19":"tag-noticias-destacadas","20":"tag-noticiasdestacadas","21":"tag-spain","22":"tag-titulares","23":"tag-ultimas-noticias","24":"tag-ultimasnoticias"},"share_on_mastodon":{"url":"https:\/\/pubeurope.com\/@es\/115770375924624373","error":""},"_links":{"self":[{"href":"https:\/\/www.europesays.com\/es\/wp-json\/wp\/v2\/posts\/303720","targetHints":{"allow":["GET"]}}],"collection":[{"href":"https:\/\/www.europesays.com\/es\/wp-json\/wp\/v2\/posts"}],"about":[{"href":"https:\/\/www.europesays.com\/es\/wp-json\/wp\/v2\/types\/post"}],"author":[{"embeddable":true,"href":"https:\/\/www.europesays.com\/es\/wp-json\/wp\/v2\/users\/2"}],"replies":[{"embeddable":true,"href":"https:\/\/www.europesays.com\/es\/wp-json\/wp\/v2\/comments?post=303720"}],"version-history":[{"count":0,"href":"https:\/\/www.europesays.com\/es\/wp-json\/wp\/v2\/posts\/303720\/revisions"}],"wp:featuredmedia":[{"embeddable":true,"href":"https:\/\/www.europesays.com\/es\/wp-json\/wp\/v2\/media\/303721"}],"wp:attachment":[{"href":"https:\/\/www.europesays.com\/es\/wp-json\/wp\/v2\/media?parent=303720"}],"wp:term":[{"taxonomy":"category","embeddable":true,"href":"https:\/\/www.europesays.com\/es\/wp-json\/wp\/v2\/categories?post=303720"},{"taxonomy":"post_tag","embeddable":true,"href":"https:\/\/www.europesays.com\/es\/wp-json\/wp\/v2\/tags?post=303720"}],"curies":[{"name":"wp","href":"https:\/\/api.w.org\/{rel}","templated":true}]}}