{"id":303722,"date":"2025-12-23T18:51:20","date_gmt":"2025-12-23T18:51:20","guid":{"rendered":"https:\/\/www.europesays.com\/es\/303722\/"},"modified":"2025-12-23T18:51:20","modified_gmt":"2025-12-23T18:51:20","slug":"la-ryder-cup-de-camiral-sera-la-mejor-de-la-historia-si-cuenta-con-campo-propio","status":"publish","type":"post","link":"https:\/\/www.europesays.com\/es\/303722\/","title":{"rendered":"La Ryder Cup de Camiral ser\u00e1 la mejor de la historia si cuenta con campo propio"},"content":{"rendered":"<p class=\"ft-text ft-helper-align-justify\">\u00c1ngel Gallardo (Sitges, 1943), jugador de golf venerado en las Islas Brir\u00e1nicas y poco reconocido en Espa\u00f1a a pesar de sus \u00e9xitos como profesional, es miembro honorario del PGA European Tour y fue el encargado de poner en marcha el campo del PGA Catalunya, <a class=\"ft-link ft-link--decoration\" href=\"https:\/\/www.sport.es\/es\/noticias\/deportes\/golf\/golf-catalan-celebra-ilusion-llegada-124893789\" rel=\"nofollow noopener\" target=\"_blank\">conocido actualmente como Camiral Golf, donde se celebrar\u00e1 la Ryder Cup 2031<\/a><\/p>\n<p class=\"ft-text ft-helper-align-justify\"><strong>\u00bfLa Ryder Cup 2031 es un sue\u00f1o hecho finalmente realidad, no?<\/strong><\/p>\n<p class=\"ft-text ft-helper-align-justify\">Ha sido un trabajo muy largo, pero al final, todo ha valido la pena.<\/p>\n<p class=\"ft-text ft-helper-align-justify\"><strong>\u00bfEste campo se hizo para acoger la Ryder?<\/strong><\/p>\n<p class=\"ft-text ft-helper-align-justify\">Efectivamente. Y de hecho, Camiral, que entonces se llamaba PGA Catalunya, ya ten\u00eda que haber acogido la Ryder en 1997 y que se volvi\u00f3 a escapar en 2023 que fue a Roma.<\/p>\n<p class=\"ft-text ft-helper-align-justify\"><strong>\u00bfSe siente como el padre de todo este proceso?<\/strong><\/p>\n<p class=\"ft-text ft-helper-align-justify\">Yo dir\u00eda que si alguien influy\u00f3 para que la Ryder saliera de las Islas Brit\u00e1nicas fui yo\u2026<\/p>\n<p class=\"ft-text ft-helper-align-justify\"><strong>La presencia de jugadores europeos como Seve o Langer, tambi\u00e9n debi\u00f3 influir\u2026<\/strong><\/p>\n<p class=\"ft-text ft-helper-align-justify\">Efectivamente, se dieron cuenta en Inglaterra que en Europa hab\u00eda jugadores con mucho tir\u00f3n y yo propuse que la Ryder Cup saliera de las Islas y la acogiera, por ejemplo, Catalunya. A los ingleses les costaba reconocer que fuera de su mundo hubiera tanto talento.<\/p>\n<p><img decoding=\"async\" src=\"https:\/\/www.europesays.com\/es\/wp-content\/uploads\/2025\/12\/4e667d1b-2578-4113-9dfb-9189888e8650_alta-libre-aspect-ratio_default_0.jpg\" width=\"1200\" height=\"800\" alt=\"Gallardo posa para SPORT en Golf Terramar, donde nos explic\u00f3 todo el proceso para conseguir la Ryder Cup 2031\" class=\"ft-helper-img-rd\" loading=\"lazy\"\/><\/p>\n<p class=\"ft-helper-fontColor-quaternary ft-helper-fontSize-body-S ft-helper-spacer-t-xxs\">Gallardo posa para SPORT en Golf Terramar, donde nos explic\u00f3 todo el proceso para conseguir la Ryder Cup 2031  \/ SPORT<\/p>\n<p>Schofield crey\u00f3 en Catalunya<\/p>\n<p class=\"ft-text ft-helper-align-justify\"><strong>\u00bfEncontr\u00f3 apoyo para aquella idea que lanz\u00f3?<\/strong><\/p>\n<p class=\"ft-text ft-helper-align-justify\">El entonces m\u00e1ximo responsable del European Tour, el escoc\u00e9s Ken Schofield, enseguida recogi\u00f3 el guante porque dec\u00eda que Catalunya, de la que se enamor\u00f3 comiendo pan con tomate y jam\u00f3n, era el lugar ideal para jugar la Ryder, y todav\u00eda m\u00e1s despu\u00e9s del \u00e9xito de los Juegos de Barcelona\u201992.<\/p>\n<p class=\"ft-text ft-helper-align-justify\"><strong>\u00bfY que ocurri\u00f3?<\/strong><\/p>\n<p class=\"ft-text ft-helper-align-justify\">Pues me asignaron la tarea de encontrar un terreno para construir un campo del PGA European Tour con vistas a la Ryder, y despu\u00e9s de mucha b\u00fasqueda, encontr\u00e9 los terrenos de Caldas de Malavella, que pertenec\u00edan al RACC, ya que en un principio quer\u00edan construir el Circuit de Catalunya all\u00ed, pero al final lo descartaron al ser lejos de Barcelona.<\/p>\n<p><img decoding=\"async\" src=\"https:\/\/www.europesays.com\/es\/wp-content\/uploads\/2025\/12\/6dd852ab-9b7a-4b32-ad43-5fbd6674faaf_alta-libre-aspect-ratio_default_0.jpg\" width=\"1200\" height=\"900\" alt=\"\u00c1ngel Gallardo siempre crey\u00f3 en el proyecto de la Ryder en Camiral, aunque ha llegado m\u00e1s tarde de lo previsto\" class=\"ft-helper-img-rd\" loading=\"lazy\"\/><\/p>\n<p class=\"ft-helper-fontColor-quaternary ft-helper-fontSize-body-S ft-helper-spacer-t-xxs\">\u00c1ngel Gallardo siempre crey\u00f3 en el proyecto de la Ryder en Camiral, aunque ha llegado m\u00e1s tarde de lo previsto  \/ SPORT<\/p>\n<p class=\"ft-text ft-helper-align-justify\"><strong>\u00bfSe compr\u00f3 esa finca y qu\u00e9 sucedi\u00f3?<\/strong><\/p>\n<p class=\"ft-text ft-helper-align-justify\">Pues European Tour me asign\u00f3 el seguimiento y la construcci\u00f3n del campo de Camiral, donde estuve tres a\u00f1os supervisando todo, el dise\u00f1o del campo, el tipo de hierba, absolutamente todo. La idea era que se disputara en 1997.<\/p>\n<p class=\"ft-text ft-helper-align-justify\"><strong>\u00bfY por qu\u00e9 no se pudo celebrar entonces la Ryder?<\/strong><\/p>\n<p class=\"ft-text ft-helper-align-justify\">No llegamos a tiempo para hacer la competici\u00f3n. Y los ingleses, que ten\u00edan el cien por cien de las acciones de la Ryder, quer\u00edan que se celebrara de todas formas, si no era posible hacerla en ese momento en Camiral y Schofield me pidi\u00f3 que buscara un buen sitio para hacer la Ryder Cup si no era posible en Catalunya en ese momento.<\/p>\n<p>Valderrama, nuevo destino<\/p>\n<p class=\"ft-text ft-helper-align-justify\"><strong>\u00bfY a qu\u00e9 puerta fue a llamar?<\/strong><\/p>\n<p class=\"ft-text ft-helper-align-justify\">Pues conoc\u00eda a un empresario con muchos recursos como Jaime Ort\u00edz-Pati\u00f1o, y cuando le propuse que llegara a Valderrama por primera vez la Ryder, no se lo pens\u00f3. Luego, todos sabemos lo que signific\u00f3 aquella Ryder con Seve, y la victoria espa\u00f1ola.<\/p>\n<p class=\"ft-text ft-helper-align-justify\"><strong>\u00bf Y qu\u00e9 pas\u00f3 con Camiral?<\/strong><\/p>\n<p class=\"ft-text ft-helper-align-justify\">Al no poderse disputar la Ryder, el campo se inaugur\u00f3 con muchas dificultades en 1999 y PGA European Tour, al ver que no lo pod\u00eda mantener ni darle el uso para el que se cre\u00f3, lo puso en venta y acab\u00f3 en manos del actual propietario, el irland\u00e9s Denis O\u2019Brien.<\/p>\n<p><img decoding=\"async\" src=\"https:\/\/www.europesays.com\/es\/wp-content\/uploads\/2025\/12\/7e476b02-5797-44ee-a52a-12d473a5f470_alta-libre-aspect-ratio_default_0.jpg\" width=\"1200\" height=\"800\" alt=\"\u00c1ngel Gallardo charla con el propietario de Camiral, Denis O'Brien, en la 'Nit del Golf' catal\u00e1n\" class=\"ft-helper-img-rd\" loading=\"lazy\"\/><\/p>\n<p class=\"ft-helper-fontColor-quaternary ft-helper-fontSize-body-S ft-helper-spacer-t-xxs\">\u00c1ngel Gallardo charla con el propietario de Camiral, Denis O&#8217;Brien, en la &#8216;Nit del Golf&#8217; catal\u00e1n  \/ JORGE ANDREU<\/p>\n<p class=\"ft-text ft-helper-align-justify\"><strong>\u00bfPor qu\u00e9 se lo qued\u00f3 el millonario irland\u00e9s?<\/strong><\/p>\n<p class=\"ft-text ft-helper-align-justify\">Sali\u00f3 en un diario ingl\u00e9s que el campo estaba en venta. Se qued\u00f3 el resort y la parte inmobiliaria. Creo que el se\u00f1or O\u2019Brien, de la inversi\u00f3n que hizo, no ha empezado a ganar dinero hasta ahora\u2026<\/p>\n<p class=\"ft-text ft-helper-align-justify\"><strong>\u00bfComo dio empuje a la Ryder?<\/strong><\/p>\n<p class=\"ft-text ft-helper-align-justify\">O\u2019Brien ten\u00eda un poco de rivalidad con otro multimillonario irland\u00e9s JP McManus, que se qued\u00f3 precisamente Adare Manor en 2015 que acoger\u00e1 la pr\u00f3xima Ryder Cup, y a O\u2019Brien tambi\u00e9n le hac\u00eda ilusi\u00f3n poder acoger el torneo en sus instalaciones.<\/p>\n<p>Desilusi\u00f3n y vuelta a empezar<\/p>\n<p class=\"ft-text ft-helper-align-justify\"><strong>Parec\u00eda que la Ryder iba a llegar finalmente al PGA Catalunya en 2023\u2026<\/strong><\/p>\n<p class=\"ft-text ft-helper-align-justify\">Estuvo muy cerca, aunque al final se la llev\u00f3 Roma porque puso encima de la mesa mucho dinero y O\u2019Brien no fue r\u00e1pido en ese momento a pesar de que se lo advert\u00ed\u2026dicen las malas lenguas que puso el dinero la familia Agnelli.<\/p>\n<p class=\"ft-text ft-helper-align-justify\"><strong>Fue una decepci\u00f3n muy grande en ese momento\u2026<\/strong><\/p>\n<p class=\"ft-text ft-helper-align-justify\">Si, porque se dio cuenta O&#8217;Bien que quer\u00eda la Ryder de la que se enamor\u00f3 en la edici\u00f3n de Par\u00eds. Cuando le dije que si depositaba el dinero tendr\u00edamos la Ryder y se escap\u00f3, se decidi\u00f3 a que se llevara adelante.<\/p>\n<p><img decoding=\"async\" src=\"https:\/\/www.europesays.com\/es\/wp-content\/uploads\/2025\/12\/7f036143-3a97-435f-8564-0d949f5ba2af_alta-libre-aspect-ratio_default_0.jpg\" width=\"1200\" height=\"800\" alt=\"David Plana, CEO de Camiral, junto a \u00c1ngel Gallardo y el Conseller d'Esports, Berni Rodr\u00edguez, en la 'Nit del Golf'\" class=\"ft-helper-img-rd\" loading=\"lazy\"\/><\/p>\n<p class=\"ft-helper-fontColor-quaternary ft-helper-fontSize-body-S ft-helper-spacer-t-xxs\">David Plana, CEO de Camiral, junto a \u00c1ngel Gallardo y el Conseller d&#8217;Esports, Berni Rodr\u00edguez, en la &#8216;Nit del Golf&#8217;  \/ JORGE ANDREU<\/p>\n<p class=\"ft-text ft-helper-align-justify\"><strong>\u00bfAunque no era f\u00e1cil porque Camiral no la pod\u00eda pedir directamente, no?<\/strong><\/p>\n<p class=\"ft-text ft-helper-align-justify\">La Ryder la tiene que pedir un pa\u00eds y tiene que haber una apuesta econ\u00f3mica clara desde el propio Gobierno, y en Catalunya hubieron muchas dudas, tantas que ya se posicion\u00f3 Madrid para llevarla al barrio de Tres Cantos, e incluso Bilbao para acogerla. El entonces presidente de la Federaci\u00f3n Espa\u00f1ola, Gonzaga Escauriaza, hizo todo lo que ten\u00eda en sus manos para que se hiciera en Camiral.<\/p>\n<p class=\"ft-text ft-helper-align-justify\"><strong>\u00bfHab\u00eda que poner un dinero para la garant\u00eda y no llegaba?<\/strong><\/p>\n<p class=\"ft-text ft-helper-align-justify\">Era indispensable. En una conversaci\u00f3n que tuve con el propietario de Empord\u00e0 Golf, Emili Cuatrecases, le dije que la Ryder no se har\u00eda en Catalunya si no se firmaba el acuerdo con European Tour, y \u00e9l me dijo que ayudar\u00eda a solucionar la garant\u00eda financiera para que la Ryder no se moviera de Catalunya, y lo logr\u00f3. Sin duda, su paso adelante fue clave para desatascar el tema.<\/p>\n<p>\u00bfHabr\u00e1 nuevo campo?<\/p>\n<p class=\"ft-text ft-helper-align-justify\"><strong>\u00bfLa Ryder Cup 2031 se har\u00e1 en un campo para la ocasi\u00f3n?<\/strong><\/p>\n<p class=\"ft-text ft-helper-align-justify\">Yo dir\u00eda que el 90% est\u00e1 casi decidido y la decisi\u00f3n no podr\u00e1 alargarse mucho. Es una decisi\u00f3n que debe tomar la Generalitat. En la situaci\u00f3n actual se har\u00eda una buena Ryder Cup, pero con un campo a medida, estoy convencido que ser\u00e1 la mejor de la historia, pero todav\u00eda se tiene que aprobar. Podr\u00e1n acceder 60.000 espectadores sin poner una grada, para velar por la seguridad de todos los asistentes.<\/p>\n<p class=\"ft-text ft-helper-align-justify\"><strong>\u00bfDecir que ser\u00e1 la mejor de la historia es atrevido, no?<\/strong><\/p>\n<p class=\"ft-text ft-helper-align-justify\">No tengo ninguna duda. Un campo espectacular si se contruye, con conexiones con Barcelona en tren cada 20 minutos tipo lanzadera, un aeropuerto a 8 minutos. Habr\u00e1 parking para 10.000 coches. Hect\u00e1reas hay de sobras para todo lo necesario.<\/p>\n<p><img decoding=\"async\" src=\"https:\/\/www.europesays.com\/es\/wp-content\/uploads\/2025\/12\/892c9248-f632-44b4-869d-bd43f0636c60_alta-libre-aspect-ratio_default_0.jpg\" width=\"1200\" height=\"800\" alt=\"Gallardo cree que el apoyo de los medios ser\u00e1 b\u00e1sico para darle un empuj\u00f3n a la Ryder\" class=\"ft-helper-img-rd\" loading=\"lazy\"\/><\/p>\n<p class=\"ft-helper-fontColor-quaternary ft-helper-fontSize-body-S ft-helper-spacer-t-xxs\">Gallardo cree que el apoyo de los medios ser\u00e1 b\u00e1sico para darle un empuj\u00f3n a la Ryder  \/ SPORT<\/p>\n<p class=\"ft-text ft-helper-align-justify\"><strong>\u00bfQue significar\u00e1 la llegada de la Ryder a Catalunya?<\/strong><\/p>\n<p class=\"ft-text ft-helper-align-justify\">Ser\u00e1 un impacto brutal. Ahora hay que darle un impulso al golf con la construcci\u00f3n de campos municipales o p\u00fablicos. Hasta que eso no suceda, no lograremos nada. Si queremos que el golf sea popular en Espa\u00f1a, nos hacen falta 100 campos p\u00fablicos de golf. En Inglaterra hay 400 campos municipales, en cualquier rinc\u00f3n del pa\u00eds tienes uno. Esa cultura hay que crearla. Ahora mismo tenemos unas 300.000 licencias, y deber\u00edamos alcanzar un mill\u00f3n.<\/p>\n<p class=\"ft-text ft-helper-align-justify\"><strong>Es un camino muy largo\u2026<\/strong><\/p>\n<p class=\"ft-text ft-helper-align-justify\">Si no rompemos esa barrera, no nos sacaremos de encima el mantra que el golf es un deporte de ricos. Y los clubs elitistas tambi\u00e9n lo han fomentado en su momento. Pero ya no tiene sitio en la nueva realidad del golf. Si lo hacemos popular, tendr\u00e1 m\u00e1s salida en los medios y crear\u00e1 m\u00e1s inter\u00e9s. Hay que empezar ya&#8230;<\/p>\n","protected":false},"excerpt":{"rendered":"\u00c1ngel Gallardo (Sitges, 1943), jugador de golf venerado en las Islas Brir\u00e1nicas y poco reconocido en Espa\u00f1a a&hellip;\n","protected":false},"author":2,"featured_media":303723,"comment_status":"","ping_status":"","sticky":false,"template":"","format":"standard","meta":{"footnotes":""},"categories":[275],"tags":[71911,71917,71913,71915,168,25,24,329,71912,71914,71916,23,167],"class_list":{"0":"post-303722","1":"post","2":"type-post","3":"status-publish","4":"format-standard","5":"has-post-thumbnail","7":"category-golf","8":"tag-angel-gallardo","9":"tag-con-campo-propio","10":"tag-de-camiral","11":"tag-de-la-historia","12":"tag-deportes","13":"tag-es","14":"tag-espana","15":"tag-golf","16":"tag-la-ryder-cup","17":"tag-sera-la-mejor","18":"tag-si-cuenta","19":"tag-spain","20":"tag-sports"},"share_on_mastodon":{"url":"https:\/\/pubeurope.com\/@es\/115770392536118972","error":""},"_links":{"self":[{"href":"https:\/\/www.europesays.com\/es\/wp-json\/wp\/v2\/posts\/303722","targetHints":{"allow":["GET"]}}],"collection":[{"href":"https:\/\/www.europesays.com\/es\/wp-json\/wp\/v2\/posts"}],"about":[{"href":"https:\/\/www.europesays.com\/es\/wp-json\/wp\/v2\/types\/post"}],"author":[{"embeddable":true,"href":"https:\/\/www.europesays.com\/es\/wp-json\/wp\/v2\/users\/2"}],"replies":[{"embeddable":true,"href":"https:\/\/www.europesays.com\/es\/wp-json\/wp\/v2\/comments?post=303722"}],"version-history":[{"count":0,"href":"https:\/\/www.europesays.com\/es\/wp-json\/wp\/v2\/posts\/303722\/revisions"}],"wp:featuredmedia":[{"embeddable":true,"href":"https:\/\/www.europesays.com\/es\/wp-json\/wp\/v2\/media\/303723"}],"wp:attachment":[{"href":"https:\/\/www.europesays.com\/es\/wp-json\/wp\/v2\/media?parent=303722"}],"wp:term":[{"taxonomy":"category","embeddable":true,"href":"https:\/\/www.europesays.com\/es\/wp-json\/wp\/v2\/categories?post=303722"},{"taxonomy":"post_tag","embeddable":true,"href":"https:\/\/www.europesays.com\/es\/wp-json\/wp\/v2\/tags?post=303722"}],"curies":[{"name":"wp","href":"https:\/\/api.w.org\/{rel}","templated":true}]}}