{"id":303724,"date":"2025-12-23T18:55:15","date_gmt":"2025-12-23T18:55:15","guid":{"rendered":"https:\/\/www.europesays.com\/es\/303724\/"},"modified":"2025-12-23T18:55:15","modified_gmt":"2025-12-23T18:55:15","slug":"horario-y-donde-ver-el-partido-de-euroliga-ante-kosner-baskonia","status":"publish","type":"post","link":"https:\/\/www.europesays.com\/es\/303724\/","title":{"rendered":"Horario y d\u00f3nde ver el partido de Euroliga ante Kosner Baskonia"},"content":{"rendered":"<p class=\"ft-text\"><a class=\"ft-link ft-link--decoration\" href=\"https:\/\/www.superdeporte.es\/valencia-basket\/\" rel=\"nofollow noopener\" target=\"_blank\">El Valencia Basket<\/a> regresa al Roig Arena para disputar su cuarto partido en ocho d\u00edas recibiendo al Kosner Baskonia Vitoria-Gasteiz, correspondiente a la jornada 18 de la EuroLeague. El encuentro se disputa este <strong>martes 23 de diciembre a las 20:00 horas <\/strong>y podr\u00e1 verse en directo a trav\u00e9s de<strong> #Vamos. <\/strong>Tambi\u00e9n puedes <strong>seguir el partido en Superdeporte.es <\/strong><\/p>\n<p class=\"ft-text\">Despu\u00e9s de una dura semana de tres salidas consecutivas, <a class=\"ft-link ft-link--decoration\" href=\"https:\/\/www.superdeporte.es\/valencia-basket\/2025\/12\/22\/valencia-basket-resurgir-roig-arena-baskonia-euroliga-125054646.html\" rel=\"nofollow noopener\" target=\"_blank\">el primer equipo masculino del conjunto taronja<\/a> contar\u00e1 con el calor de sus aficionados para<strong> intentar volver a la senda del triunfo<\/strong> y tratar de romper su mala racha reciente ante este rival en Euroliga, ya que ha perdido sus \u00faltimos cuatro enfrentamientos de competici\u00f3n continental ante los alaveses. Hace poco m\u00e1s de dos semanas se impuso en Vitoria en partido de Liga Endesa con una canasta ganadora de Kameron Taylor aunque respecto a ese choque el equipo taronja recupera a Key, su rival no tendr\u00e1 que realizar descartes entre sus extracomunitarios y ha incorporado a Omoruyi.<\/p>\n<p class=\"ft-text\">Un choque entre dos de los equipos que juegan a mayor ritmo de la competici\u00f3n, Valencia Basket necesitar\u00e1 buscar la versi\u00f3n defensiva que ha mostrado en sus \u00faltimos partidos como local en Euroliga (0,99 puntos encajados por posesi\u00f3n en sus \u00faltimos seis triunfos en casa) para oponer a un rival que es el mejor del torneo en la eficacia de tiro de dos y que tiene en Timothe Luwawu-Cabarrot al mejor anotador de la Euroliga y a Markus Howard en un momento de ebullici\u00f3n ofensiva. El alero Xabi L\u00f3pez-Arostegui (con una lesi\u00f3n muscular en su pierna derecha) se mantiene como la \u00fanica ausencia confirmada para este encuentro.<strong> Valencia Basket comienza esta jornada en la <\/strong><a class=\"ft-link ft-link--decoration\" href=\"https:\/\/www.euroleaguebasketball.net\/euroleague\/\" rel=\"nofollow noopener\" target=\"_blank\"><strong>tercera posici\u00f3n de la EuroLeague<\/strong><\/a><strong> con un balance de 11-6.<\/strong><\/p>\n<p><img decoding=\"async\" src=\"https:\/\/www.europesays.com\/es\/wp-content\/uploads\/2025\/12\/723c822c-3068-4725-9ca0-ec3f3ade3352_alta-libre-aspect-ratio_default_0_x1171y668.jpg\" width=\"1200\" height=\"796\" alt=\"Jean Montero, en uno de los \u00faltimos entrenamientos del Valencia Basket en el Roig Arena.\" class=\"ft-helper-img-rd\" loading=\"lazy\"\/><\/p>\n<p class=\"ft-helper-fontColor-quaternary ft-helper-fontSize-body-S ft-helper-spacer-t-xxs\">Jean Montero, en uno de los \u00faltimos entrenamientos del Valencia Basket en el Roig Arena.  \/ F. Calabuig<\/p>\n<p>As\u00ed llega el rival <\/p>\n<p class=\"ft-text\">El <a class=\"ft-link ft-link--decoration\" href=\"https:\/\/www.superdeporte.es\/tags\/baskonia\/\" rel=\"nofollow noopener\" target=\"_blank\">Kosner Baskonia Vitoria-Gasteiz <\/a>se ha repuesto de su mal inicio en esta competici\u00f3n con una racha como local que le ha permitido subir hasta la 15\u00aa posici\u00f3n con un 6-11 en su casillero. Y aunque no ha conseguido traducir esa mejora general en triunfos como visitante en este torneo, compiti\u00f3 muy bien en la pista del Real Madrid, solo cay\u00f3 la semana pasada en la cancha del FC Barcelona tras tres pr\u00f3rrogas y viene de sacar el triunfo en la pista del Unicaja en su partido de ayer en la Liga Endesa con una impresionante remontada de la mano de Markus Howard. El conjunto vasco mantiene la ausencia de su capit\u00e1n, Tadas Sedekerskis, y conf\u00eda en recuperar a Kurucs y Spagnolo para este partido, ausentes el domingo por gastroenteritis.<\/p>\n","protected":false},"excerpt":{"rendered":"El Valencia Basket regresa al Roig Arena para disputar su cuarto partido en ocho d\u00edas recibiendo al Kosner&hellip;\n","protected":false},"author":2,"featured_media":303725,"comment_status":"","ping_status":"","sticky":false,"template":"","format":"standard","meta":{"footnotes":""},"categories":[269],"tags":[299,1918,298,4714,168,13463,25,24,35572,833,319,62853,23,167,68438,235,2916,2177],"class_list":{"0":"post-303724","1":"post","2":"type-post","3":"status-publish","4":"format-standard","5":"has-post-thumbnail","7":"category-baloncesto","8":"tag-baloncesto","9":"tag-basket","10":"tag-basketball","11":"tag-baskonia","12":"tag-deportes","13":"tag-el-valencia","14":"tag-es","15":"tag-espana","16":"tag-euroleague","17":"tag-euroliga","18":"tag-horario","19":"tag-kosner","20":"tag-spain","21":"tag-sports","22":"tag-turkish-airlines-euroleague","23":"tag-valencia","24":"tag-valencia-basket","25":"tag-vitoria"},"share_on_mastodon":{"url":"https:\/\/pubeurope.com\/@es\/115770407779086544","error":""},"_links":{"self":[{"href":"https:\/\/www.europesays.com\/es\/wp-json\/wp\/v2\/posts\/303724","targetHints":{"allow":["GET"]}}],"collection":[{"href":"https:\/\/www.europesays.com\/es\/wp-json\/wp\/v2\/posts"}],"about":[{"href":"https:\/\/www.europesays.com\/es\/wp-json\/wp\/v2\/types\/post"}],"author":[{"embeddable":true,"href":"https:\/\/www.europesays.com\/es\/wp-json\/wp\/v2\/users\/2"}],"replies":[{"embeddable":true,"href":"https:\/\/www.europesays.com\/es\/wp-json\/wp\/v2\/comments?post=303724"}],"version-history":[{"count":0,"href":"https:\/\/www.europesays.com\/es\/wp-json\/wp\/v2\/posts\/303724\/revisions"}],"wp:featuredmedia":[{"embeddable":true,"href":"https:\/\/www.europesays.com\/es\/wp-json\/wp\/v2\/media\/303725"}],"wp:attachment":[{"href":"https:\/\/www.europesays.com\/es\/wp-json\/wp\/v2\/media?parent=303724"}],"wp:term":[{"taxonomy":"category","embeddable":true,"href":"https:\/\/www.europesays.com\/es\/wp-json\/wp\/v2\/categories?post=303724"},{"taxonomy":"post_tag","embeddable":true,"href":"https:\/\/www.europesays.com\/es\/wp-json\/wp\/v2\/tags?post=303724"}],"curies":[{"name":"wp","href":"https:\/\/api.w.org\/{rel}","templated":true}]}}