{"id":303726,"date":"2025-12-23T18:56:11","date_gmt":"2025-12-23T18:56:11","guid":{"rendered":"https:\/\/www.europesays.com\/es\/303726\/"},"modified":"2025-12-23T18:56:11","modified_gmt":"2025-12-23T18:56:11","slug":"la-futbolista-malaguena-lucia-nunes-clama-ante-la-ola-de-criticas-en-las-redes-por-su-fisico-a-mi-no-me-ha-afectado-pero-luego-salen-casos-de-personas-que-se-suicidan-por-esto","status":"publish","type":"post","link":"https:\/\/www.europesays.com\/es\/303726\/","title":{"rendered":"La futbolista malague\u00f1a Luc\u00eda Nunes, clama ante la ola de cr\u00edticas en las redes por su f\u00edsico: \u00abA mi no me ha afectado, pero luego salen casos de personas que se suicidan por esto\u00bb"},"content":{"rendered":"<p>Hace unos d\u00edas, y como viene siendo habitual, el Granada subi\u00f3 a sus redes sociales una foto de una de sus jugadoras en la previa  &#8230; del partido de su filial, ante el Betis B. Una foto b\u00e1sica, en la que se ve\u00eda a la centrocampista Luc\u00eda Nunes, de 20 a\u00f1os, trotando, sin m\u00e1s. La pol\u00e9mica comenz\u00f3 horas despu\u00e9s, cuando un usuario an\u00f3nimo subi\u00f3 esta misma imagen a la red social &#8216;X&#8217; incentivando a burlarse del f\u00edsico de la joven deportista. Tanto aqu\u00ed como en Instagram, comenz\u00f3 entonces una aut\u00e9ntica oleada de comentarios despectivos hacia la misma. Una realidad que, por desgracia y en pleno siglo XXI, aun sigue siendo tan habitual como da\u00f1ina y lamentable.<\/p>\n<p class=\"v-p\">Luc\u00eda Nunes es una joven malague\u00f1a, natural de La Cala del Moral, que se forj\u00f3 en la cantera malaguista hasta llegar a su equipo filial. Posteriormente, compiti\u00f3 una temporada en las filas del M\u00e1laga City antes de regresar a la entidad de Martiricos en la campa\u00f1a 2023-24, ya como miembro del primer equipo. Fue en el verano de 2024 cuando sali\u00f3 por primera vez de la provincia para alistarse en el filial del Granada, que compite en la Segunda RFEF, la misma categor\u00eda en la que compite actualmente el M\u00e1laga femenino. Luc\u00eda es una joven risue\u00f1a, familiar y seg\u00fan ella misma describe, con \u00abmuch\u00edsima visi\u00f3n de juego desde el centro del campo, buen golpeo de bal\u00f3n para hacer cambios de orientaci\u00f3n y chutar cuando llegue al \u00e1rea\u00ab. Cualidades que ha demostrado una y mil veces sobre el verde. Pero adem\u00e1s, Nunes es una persona con un buen nivel de autoestima y mucha personalidad, lo que la llev\u00f3 a alzar la voz en su cuenta de Tik Tok para hacer frente a aquellos que la han criticado estos d\u00edas.<\/p>\n<p><img decoding=\"async\" loading=\"lazy\" src=\"https:\/\/www.europesays.com\/es\/wp-content\/uploads\/2025\/12\/WhatsApp Image 2025-12-23 at 14.29.12-U20257264600BLP-650x975@Diario Sur.jpeg\" class=\"v-a-img\" width=\"650\" height=\"975\" alt=\"La foto que subi\u00f3 el Granada CF a sus redes y con la que comenz\u00f3 todo.\" data-voc-vtm-id=\"in-text-traffic\"\/><\/p>\n<p>La foto que subi\u00f3 el Granada CF a sus redes y con la que comenz\u00f3 todo.<\/p>\n<p>GRANADA CF<\/p>\n<p class=\"v-p\">Sin miedo alguno y con mucha naturalidad, la malague\u00f1a comenz\u00f3 su v\u00eddeo exponiendo que hac\u00eda esto para darle visibilidad a la gordofobia que sigue existiendo a d\u00eda de hoy. Caso que ella est\u00e1 sufriendo en primera persona. Tras explicar c\u00f3mo se inici\u00f3 esta pol\u00e9mica y comentar otros casos de la actualidad al respecto, sentenci\u00f3, estoica: \u00abA mi, en este caso, no me ha llegado a afectar, pero a luego salen casos de otras personas que se suicidan porque se han metido con su f\u00edsico y eso lo incentiv\u00e1is los que sub\u00eds cosas as\u00ed, que luego a la cara no sois capaces de decir nada\u00bb.<\/p>\n<p class=\"v-p\">Y continu\u00f3 exponiendo con contundencia su mensaje, dejando claro que su fortaleza es tal que no se ver\u00e1 afectada por las burlas de personas que se esconden tras un perfil falso o que, sencillamente, se dedican a insultar gratuitamente a una persona que es feliz disfrutando de lo que hace. Para empezar, se dirige a los &#8216;trolls&#8217;: \u00abA todos los que comentan barbaridades: \u00bfPor qu\u00e9 lo quer\u00e9is hacer? \u00bfPara hacerme da\u00f1o? Lo digo porque este ha sido mi caso. Me parece de cobarde estar diciendo barbaridades detr\u00e1s de una pantalla, con cuentas an\u00f3nimas, maleducados\u2026 A mi no se me ocurrir\u00eda meterme con el f\u00edsico de alguien y menos as\u00ed, no s\u00e9 si es que me han educado de esa forma\u00bb.<\/p>\n<p class=\"v-p\">Y contin\u00faa, exponiendo a las personas que la han criticado y defendiendo su mensaje: \u00ab\u00bfEs que por jugar al f\u00fatbol tengo que tener una figura delgada? Entiendo que para jugar al f\u00fatbol hay que tener un f\u00edsico estupendo. Yo no lo tengo y punto, no pasa nada. Yo juego al f\u00fatbol, amo jugar y esta es mi vida. \u00bfQue en este momento no estoy igual que el resto de mis compa\u00f1eras? No. \u00bfY qu\u00e9 pasa? Si f\u00edsicamente no estoy, pero rindo en el campo, \u00bfqu\u00e9 pasa? \u00bfMe has visto jugar alguna vez como para decirme que estoy gorda o me hace falta una bombona de ox\u00edgeno para correr? No s\u00e9 si esto lo hacen para incitar a la muerte a alguien, para que se suicide, para hacerle da\u00f1o, para que esa persona se encierre en su casa y no quiera salir\u2026\u00bb.<\/p>\n<p class=\"v-p\">Despu\u00e9s del sensacional mensaje de la malague\u00f1a, las redes se han volcado con ella, con cientos e incluso miles de comentarios de personas que apoyan su lucha y condenan los comentarios rid\u00edculos de usuarios que se esconden bajo una m\u00e1scara. Adem\u00e1s, seg\u00fan publica el diario El Ideal, el propio Granada CF condena estas conductas y estudia tomar medidas legales al respecto. En este mismo medio, la jugadora valor\u00f3: \u00abMe siento arropada y acogida por el club. Todos se han puesto en contacto conmigo para darme su apoyo y ver c\u00f3mo estaba. Ahora se quieren preparar para defenderme\u00bb.<\/p>\n","protected":false},"excerpt":{"rendered":"Hace unos d\u00edas, y como viene siendo habitual, el Granada subi\u00f3 a sus redes sociales una foto de&hellip;\n","protected":false},"author":2,"featured_media":303727,"comment_status":"","ping_status":"","sticky":false,"template":"","format":"standard","meta":{"footnotes":""},"categories":[268],"tags":[21917,1575,858,46303,6621,168,25,24,2723,280,282,14231,22968,3007,3477,2311,19791,281,23,167,71918],"class_list":{"0":"post-303726","1":"post","2":"type-post","3":"status-publish","4":"format-standard","5":"has-post-thumbnail","7":"category-futbol","8":"tag-afectado","9":"tag-ante","10":"tag-casos","11":"tag-clama","12":"tag-criticas","13":"tag-deportes","14":"tag-es","15":"tag-espana","16":"tag-fisico","17":"tag-football","18":"tag-futbol","19":"tag-lucia","20":"tag-nunes","21":"tag-ola","22":"tag-personas","23":"tag-redes","24":"tag-salen","25":"tag-soccer","26":"tag-spain","27":"tag-sports","28":"tag-suicidan"},"share_on_mastodon":{"url":"https:\/\/pubeurope.com\/@es\/115770411759577671","error":""},"_links":{"self":[{"href":"https:\/\/www.europesays.com\/es\/wp-json\/wp\/v2\/posts\/303726","targetHints":{"allow":["GET"]}}],"collection":[{"href":"https:\/\/www.europesays.com\/es\/wp-json\/wp\/v2\/posts"}],"about":[{"href":"https:\/\/www.europesays.com\/es\/wp-json\/wp\/v2\/types\/post"}],"author":[{"embeddable":true,"href":"https:\/\/www.europesays.com\/es\/wp-json\/wp\/v2\/users\/2"}],"replies":[{"embeddable":true,"href":"https:\/\/www.europesays.com\/es\/wp-json\/wp\/v2\/comments?post=303726"}],"version-history":[{"count":0,"href":"https:\/\/www.europesays.com\/es\/wp-json\/wp\/v2\/posts\/303726\/revisions"}],"wp:featuredmedia":[{"embeddable":true,"href":"https:\/\/www.europesays.com\/es\/wp-json\/wp\/v2\/media\/303727"}],"wp:attachment":[{"href":"https:\/\/www.europesays.com\/es\/wp-json\/wp\/v2\/media?parent=303726"}],"wp:term":[{"taxonomy":"category","embeddable":true,"href":"https:\/\/www.europesays.com\/es\/wp-json\/wp\/v2\/categories?post=303726"},{"taxonomy":"post_tag","embeddable":true,"href":"https:\/\/www.europesays.com\/es\/wp-json\/wp\/v2\/tags?post=303726"}],"curies":[{"name":"wp","href":"https:\/\/api.w.org\/{rel}","templated":true}]}}