{"id":303728,"date":"2025-12-23T18:57:17","date_gmt":"2025-12-23T18:57:17","guid":{"rendered":"https:\/\/www.europesays.com\/es\/303728\/"},"modified":"2025-12-23T18:57:17","modified_gmt":"2025-12-23T18:57:17","slug":"ana-obregon-lydia-lozano-chenoa-y-la-princesa-leonor-protagonizan-las-portadas","status":"publish","type":"post","link":"https:\/\/www.europesays.com\/es\/303728\/","title":{"rendered":"Ana Obreg\u00f3n, Lydia Lozano, Chenoa y la princesa Leonor protagonizan las portadas"},"content":{"rendered":"<p class=\"paragraph\">\u00a1Hola! nos trae a uno de sus personajes de cabecera, Ana Obreg\u00f3n, que recibe en casa a la revista y posa con la peque\u00f1a Anita para celebrar la Navidad. El fald\u00f3n viene abundante de temas: los planes de la princesa Leonor para estas fiestas, Raquel Mero\u00f1o presenta a sus hijas, marta Hazas y Javier Veiga se muestran muy enamorados y Manuel D\u00edaz \u2018el Cordob\u00e9s\u2019 y Virginia Troconis celebran 25 a\u00f1os juntos y felices.<\/p>\n<p><img decoding=\"async\" class=\"w-full\"   alt=\"Portada de \u00a1Hola!\" data-full-src=\"https:\/\/www.lavanguardia.com\/uploads\/2025\/12\/23\/694a9eb1ec8d6.png\" src=\"https:\/\/www.europesays.com\/es\/wp-content\/uploads\/2025\/12\/694a9eb1ec8d6.png\" width=\"449\" height=\"609\" loading=\"lazy\"\/>Portada de \u00a1Hola!LVD<\/p>\n<p class=\"paragraph\">Semana publica la noticia m\u00e1s bonita para Lydia Lozano tras vivir, precisamente, el peor a\u00f1o de su vida: \u201cMi mejor regalo de Navidad es tener a Charly en casa\u201d. La periodista celebra la recuperaci\u00f3n de su marido, que tras pasar casi tres meses hospitalizado por complicaciones tras una operaci\u00f3n, finalmente ha recibido el alta. No son tan halag\u00fce\u00f1as las noticias que dan \u00c1lvaro Morata y Alice Campello: finalmente, la pareja no ha superado la crisis matrimonial que vivieron meses atr\u00e1s y hacen vidas separadas. Finalmente, las Campos, que tampoco van a vivir la Navidad m\u00e1s pl\u00e1cida de su vida.<\/p>\n<p><img decoding=\"async\" class=\"w-full\"   alt=\"Portada de Semana.\" data-full-src=\"https:\/\/www.lavanguardia.com\/uploads\/2025\/12\/23\/694a9ed7be250.png\" src=\"https:\/\/www.europesays.com\/es\/wp-content\/uploads\/2025\/12\/694a9ed7be250.png\" width=\"449\" height=\"599\" loading=\"lazy\"\/>Portada de Semana.LVD<\/p>\n<p class=\"paragraph\">Diez Minutos ensalza a Chenoa, que culmina un a\u00f1o muy pr\u00f3spero con el anuncio de su protagonismo en las campanadas de TVE: la cantante y presentadora estar\u00e1 con el d\u00fao Estopa en la Puerta del Sol el pr\u00f3ximo 31 de diciembre. La revista se hace eco del anuncio de Eduardo Casanova: el actor y director ha anunciado que tiene VIH con el objeto de concienciar a la poblaci\u00f3n sobre la importancia de la prevenci\u00f3n. Cristina Pedroche vive en el programa El hormiguero la pedida de mano de Dabiz Mu\u00f1oz, su pareja y padre de sus hijos, y Ana Obreg\u00f3n cierra el asunto m\u00e1s pol\u00e9mico de los \u00faltimos d\u00edas: \u201cJeffrey Epstein me da asco y punto\u201d.<\/p>\n<p><img decoding=\"async\" class=\"w-full\"   alt=\"Portada de Diez Minutos.\" data-full-src=\"https:\/\/www.lavanguardia.com\/uploads\/2025\/12\/23\/694a9f8a9acc5.png\" src=\"https:\/\/www.europesays.com\/es\/wp-content\/uploads\/2025\/12\/694a9f8a9acc5.png\" width=\"449\" height=\"639\" loading=\"lazy\"\/>Portada de Diez Minutos.LVD<\/p>\n<p class=\"paragraph\">Lecturas se centra en la princesa de Asturias, a la que vemos vestida con el uniforme del Ej\u00e9rcito de Aire y tambi\u00e9n en la carlinga de un caza con el casco preceptivo: \u201cLeonor pilota sola un avi\u00f3n\u201d, reza el titular. La presentadora Emma Garc\u00eda, vestida de gala, se confiesa en Navidad para la revista: \u201cAntes me proteg\u00eda tras una coraza\u201d. Finalmente, Julia Otero, que conf\u00eda en poder decir muy pronto \u201cestoy curada\u201d, en referencia al c\u00e1ncer que la afecta desde hace algo m\u00e1s de un a\u00f1o.<\/p>\n<p><img decoding=\"async\" class=\"w-full\"   alt=\"Portada de Lecturas.\" data-full-src=\"https:\/\/www.lavanguardia.com\/uploads\/2025\/12\/23\/694a9f9f841ba.png\" src=\"https:\/\/www.europesays.com\/es\/wp-content\/uploads\/2025\/12\/694a9f9f841ba.png\" width=\"449\" height=\"593\" loading=\"lazy\"\/>Portada de Lecturas.LVD<img decoding=\"async\" width=\"65\" height=\"65\" loading=\"lazy\" src=\"https:\/\/www.europesays.com\/es\/wp-content\/uploads\/2025\/12\/6343f4748c61f.jpeg\" alt=\"Andr\u00e9s Guerra Acosta\"\/><\/p>\n<p class=\"author_bio\">Entre Paris Hilton y Umberto Eco. Licenciado en Derecho por la UB y en Periodismo por la UPF, colaboro con La Vanguardia desde 2016. Antes, en Vanity Fair, Grazia, Vanitatis, Coraz\u00f3n TVE, Qu\u00e9 Leer y Lecturas.<\/p>\n","protected":false},"excerpt":{"rendered":"\u00a1Hola! nos trae a uno de sus personajes de cabecera, Ana Obreg\u00f3n, que recibe en casa a la&hellip;\n","protected":false},"author":2,"featured_media":303729,"comment_status":"","ping_status":"","sticky":false,"template":"","format":"standard","meta":{"footnotes":""},"categories":[174],"tags":[255,146,147,25,24,256,23],"class_list":{"0":"post-303728","1":"post","2":"type-post","3":"status-publish","4":"format-standard","5":"has-post-thumbnail","7":"category-famosos","8":"tag-celebrities","9":"tag-entertainment","10":"tag-entretenimiento","11":"tag-es","12":"tag-espana","13":"tag-famosos","14":"tag-spain"},"share_on_mastodon":{"url":"https:\/\/pubeurope.com\/@es\/115770415832792056","error":""},"_links":{"self":[{"href":"https:\/\/www.europesays.com\/es\/wp-json\/wp\/v2\/posts\/303728","targetHints":{"allow":["GET"]}}],"collection":[{"href":"https:\/\/www.europesays.com\/es\/wp-json\/wp\/v2\/posts"}],"about":[{"href":"https:\/\/www.europesays.com\/es\/wp-json\/wp\/v2\/types\/post"}],"author":[{"embeddable":true,"href":"https:\/\/www.europesays.com\/es\/wp-json\/wp\/v2\/users\/2"}],"replies":[{"embeddable":true,"href":"https:\/\/www.europesays.com\/es\/wp-json\/wp\/v2\/comments?post=303728"}],"version-history":[{"count":0,"href":"https:\/\/www.europesays.com\/es\/wp-json\/wp\/v2\/posts\/303728\/revisions"}],"wp:featuredmedia":[{"embeddable":true,"href":"https:\/\/www.europesays.com\/es\/wp-json\/wp\/v2\/media\/303729"}],"wp:attachment":[{"href":"https:\/\/www.europesays.com\/es\/wp-json\/wp\/v2\/media?parent=303728"}],"wp:term":[{"taxonomy":"category","embeddable":true,"href":"https:\/\/www.europesays.com\/es\/wp-json\/wp\/v2\/categories?post=303728"},{"taxonomy":"post_tag","embeddable":true,"href":"https:\/\/www.europesays.com\/es\/wp-json\/wp\/v2\/tags?post=303728"}],"curies":[{"name":"wp","href":"https:\/\/api.w.org\/{rel}","templated":true}]}}