{"id":303746,"date":"2025-12-23T19:09:09","date_gmt":"2025-12-23T19:09:09","guid":{"rendered":"https:\/\/www.europesays.com\/es\/303746\/"},"modified":"2025-12-23T19:09:09","modified_gmt":"2025-12-23T19:09:09","slug":"el-pma-refuerza-la-ayuda-ante-el-recrudecimiento-del-conflicto-en-la-rd-congo","status":"publish","type":"post","link":"https:\/\/www.europesays.com\/es\/303746\/","title":{"rendered":"El PMA refuerza la ayuda ante el recrudecimiento del conflicto en la RD Congo"},"content":{"rendered":"<p>El <a href=\"http:\/\/es.wfp.org\/\" rel=\"nofollow noopener\" target=\"_blank\">Programa Mundial de Alimentos<\/a> (<a href=\"http:\/\/es.wfp.org\/\" rel=\"nofollow noopener\" target=\"_blank\">PMA<\/a>) est\u00e1 reforzando la asistencia a los millones de desplazados por los combates en el este de la Rep\u00fablica Democr\u00e1tica del Congo (RDC).<\/p>\n<p>Aunque se han podido posicionar reservas de alimentos en algunas zonas afectadas, el PMA advierte que, sin recursos adicionales inmediatos, sus operaciones podr\u00edan interrumpirse r\u00e1pidamente. Seg\u00fan la agencia, 2,8 millones de personas ya se enfrentan a una inseguridad alimentaria aguda en la provincia, de las cuales cerca de un mill\u00f3n se encuentran en situaci\u00f3n de emergencia. Para enero de 2026, el n\u00famero de personas afectadas podr\u00eda multiplicarse por siete.<\/p>\n<p>\u201cEsta crisis alimentaria corre el riesgo de agravarse si no se toman medidas urgentes\u201d, advirti\u00f3 en un comunicado Cynthia Jones, representante del PMA en la RDC.<\/p>\n<p>La ofensiva del M23<\/p>\n<p>En el mes de enero, el Movimiento 23 de Marzo (M23), un grupo rebelde que afirma defender a los tutsis congole\u00f1os, lanz\u00f3 una ofensiva rel\u00e1mpago en la regi\u00f3n. En pocas semanas, los rebeldes, apoyados -seg\u00fan la ONU- por la vecina Rwanda (algo que Kigali niega), se apoderaron de las capitales de las provincias de Kivu del Sur (Bukavu) y Kivu del Norte (Goma), donde establecieron administraciones paralelas.<\/p>\n<p>Un a<strong>cuerdo de paz firmado el 4 de diciembre en Washington entre la RDC y Rwuanda, <\/strong>bajo los auspicios del presidente estadounidense Donald Trump, hab\u00eda hecho albergar esperanzas de distensi\u00f3n.<\/p>\n<p>Pero menos de una semana despu\u00e9s, los rebeldes tomaron el control de varias localidades en Kivu del Sur, incluida, el 9 de diciembre, la ciudad de Uvira. Situada a orillas del lago Tanganica, cerca de Burundi, Uvira se hab\u00eda convertido en la capital provincial tras la toma de Bukavu por los rebeldes en febrero.<\/p>\n<p>        <img decoding=\"async\" src=\"https:\/\/www.europesays.com\/es\/wp-content\/uploads\/2025\/12\/1766516949_263_image770x420cropped.jpg\" width=\"770\" height=\"420\" alt=\"Un grupo de refugiados y solicitantes de asilo, incluidos ni\u00f1os, llevan sus pertenencias sobre la cabeza y la espalda mientras caminan por un campo de hierba en Burundi, huyendo de la violencia en el este de la Rep\u00fablica Democr\u00e1tica del Congo.\" loading=\"lazy\"\/><\/p>\n<p>Servicios p\u00fablicos paralizados, \u00e9xodo masivo<\/p>\n<p>Desde la reanudaci\u00f3n de los combates, la situaci\u00f3n humanitaria en Kivu del Sur se ha deteriorado de forma abrupta. <strong>Miles de civiles han sido asesinados o heridos<\/strong>, mientras que los enfrentamientos han obligado a cientos de miles de personas a huir.<\/p>\n<p>Cuando la provincia ya contaba con 1,2 millones de desplazados, cerca de 500.000 personas adicionales se han visto forzadas a abandonar sus hogares desde el 1 de diciembre. Como consecuencia de esta afluencia, los servicios esenciales est\u00e1n al borde del colapso: centros de salud saqueados, escasez de medicamentos, escuelas cerradas. M\u00e1s de 391.000 ni\u00f1os est\u00e1n hoy fuera del sistema escolar, mientras numerosas comunidades se encuentran privadas de agua potable, atenci\u00f3n sanitaria y medios de subsistencia.<\/p>\n<p>Cuando la acogida se convierte en un factor de escasez<\/p>\n<p>La crisis no afecta solo a los desplazados. \u201cNo solo las personas obligadas a huir est\u00e1n necesitadas, sino tambi\u00e9n las familias que les han ofrecido refugio, que ya viven en condiciones de inseguridad alimentaria extrema y comparten sus \u00faltimas reservas de alimentos con sus vecinos desplazados, empuj\u00e1ndolos a todos hacia la desesperaci\u00f3n absoluta\u201d, subraya Cynthia Jones.<\/p>\n<p>Ante esta espiral, el PMA intensifica su asistencia para llegar a <strong>m\u00e1s de 210.000 de las personas <\/strong>m\u00e1s vulnerables. La ayuda consiste en kits alimentarios de supervivencia -cereales, legumbres, aceite vegetal y alimentos especializados- destinados a prevenir la malnutrici\u00f3n, en particular entre los ni\u00f1os peque\u00f1os y las mujeres embarazadas o lactantes.<\/p>\n<p>Una crisis regional insuficientemente financiada<\/p>\n<p>La violencia tambi\u00e9n ha provocado movimientos de huida hacia los pa\u00edses vecinos. En Burundi, el PMA apoya a cerca de 94.000 nuevos llegados congole\u00f1os mediante la distribuci\u00f3n de comidas calientes en los centros de tr\u00e1nsito. En Rwanda, hasta mil personas han recibido asistencia alimentaria y nutricional de emergencia.<\/p>\n<p>Pero la agencia advierte que <strong>su margen de maniobra es casi inexistente<\/strong>. El lunes, el PMA anunci\u00f3 que hab\u00eda reducido en un 75% las raciones alimentarias destinadas a los refugiados en Burundi. \u201cSin ayuda de emergencia y sin financiaci\u00f3n adicional, no podemos responder a una crisis que est\u00e1 al borde de una cat\u00e1strofe alimentaria\u201d, insiste Cynthia Jones.<\/p>\n<p>Adem\u00e1s de los 67 millones de d\u00f3lares necesarios para Kivu del Sur y las regiones circundantes, el PMA indica que necesita 350 millones de d\u00f3lares para mantener sus operaciones en la RDC. A ello se suman llamados de fondos por 39 millones de d\u00f3lares para Burundi y 17 millones para Rwanda, en un contexto de falta de financiaci\u00f3n cr\u00f3nica que amenaza con suspender la ayuda vital a millones de personas.<\/p>\n","protected":false},"excerpt":{"rendered":"El Programa Mundial de Alimentos (PMA) est\u00e1 reforzando la asistencia a los millones de desplazados por los combates&hellip;\n","protected":false},"author":2,"featured_media":303747,"comment_status":"","ping_status":"","sticky":false,"template":"","format":"standard","meta":{"footnotes":""},"categories":[42],"tags":[17,18,13,14,11,61,62,63,64,19,20,9,10,15,16,12,21,22,65,66,67],"class_list":{"0":"post-303746","1":"post","2":"type-post","3":"status-publish","4":"format-standard","5":"has-post-thumbnail","7":"category-internacional","8":"tag-breaking-news","9":"tag-breakingnews","10":"tag-featured-news","11":"tag-featurednews","12":"tag-headlines","13":"tag-internacional","14":"tag-international","15":"tag-international-news","16":"tag-internationalnews","17":"tag-latest-news","18":"tag-latestnews","19":"tag-news","20":"tag-noticias","21":"tag-noticias-destacadas","22":"tag-noticiasdestacadas","23":"tag-titulares","24":"tag-ultimas-noticias","25":"tag-ultimasnoticias","26":"tag-world","27":"tag-world-news","28":"tag-worldnews"},"share_on_mastodon":{"url":"https:\/\/pubeurope.com\/@es\/115770462705262618","error":""},"_links":{"self":[{"href":"https:\/\/www.europesays.com\/es\/wp-json\/wp\/v2\/posts\/303746","targetHints":{"allow":["GET"]}}],"collection":[{"href":"https:\/\/www.europesays.com\/es\/wp-json\/wp\/v2\/posts"}],"about":[{"href":"https:\/\/www.europesays.com\/es\/wp-json\/wp\/v2\/types\/post"}],"author":[{"embeddable":true,"href":"https:\/\/www.europesays.com\/es\/wp-json\/wp\/v2\/users\/2"}],"replies":[{"embeddable":true,"href":"https:\/\/www.europesays.com\/es\/wp-json\/wp\/v2\/comments?post=303746"}],"version-history":[{"count":0,"href":"https:\/\/www.europesays.com\/es\/wp-json\/wp\/v2\/posts\/303746\/revisions"}],"wp:featuredmedia":[{"embeddable":true,"href":"https:\/\/www.europesays.com\/es\/wp-json\/wp\/v2\/media\/303747"}],"wp:attachment":[{"href":"https:\/\/www.europesays.com\/es\/wp-json\/wp\/v2\/media?parent=303746"}],"wp:term":[{"taxonomy":"category","embeddable":true,"href":"https:\/\/www.europesays.com\/es\/wp-json\/wp\/v2\/categories?post=303746"},{"taxonomy":"post_tag","embeddable":true,"href":"https:\/\/www.europesays.com\/es\/wp-json\/wp\/v2\/tags?post=303746"}],"curies":[{"name":"wp","href":"https:\/\/api.w.org\/{rel}","templated":true}]}}