{"id":303750,"date":"2025-12-23T19:11:26","date_gmt":"2025-12-23T19:11:26","guid":{"rendered":"https:\/\/www.europesays.com\/es\/303750\/"},"modified":"2025-12-23T19:11:26","modified_gmt":"2025-12-23T19:11:26","slug":"dos-okupas-matan-de-una-paliza-a-dos-personas-que-intentaron-desalojarles-de-un-chale-en-elche-alicante-ya-han-sido-detenidos","status":"publish","type":"post","link":"https:\/\/www.europesays.com\/es\/303750\/","title":{"rendered":"Dos okupas matan de una paliza a dos personas que intentaron desalojarles de un chal\u00e9 en Elche (Alicante): ya han sido detenidos"},"content":{"rendered":"<p><img alt=\"Dos hombres han muerto y\" class=\"global-image\" decoding=\"async\" fetchpriority=\"high\" height=\"1280\" loading=\"eager\" src=\"https:\/\/www.europesays.com\/es\/wp-content\/uploads\/2025\/12\/TYXWG46OPBEKFPDVAIMZUFGHQA.jpg\" width=\"1920\"\/>Dos hombres han muerto y un tercero se encuentra ingresado grave en el Hospital de Elche tras ser apaleados. (EFE\/ Morell)<\/p>\n<p class=\"paragraph\">Dos hombres de origen polaco se han encerrado en una vivienda de la zona de El Pinet, en el municipio de Elche (Alicante), despu\u00e9s de que hayan fallecido presuntamente dos personas y otra haya resultado gravemente herida en un incidente que ocurri\u00f3 este lunes. Fuentes de la <a rel=\"noopener noreferrer nofollow\" href=\"https:\/\/www.infobae.com\/espana\/2025\/12\/21\/la-guardia-civil-denuncia-al-influencer-alfonso-santaella-por-realizar-actividades-ilegales-en-el-parque-regional-de-la-sierra-de-gredos\/\" target=\"_blank\" title=\"https:\/\/www.infobae.com\/espana\/2025\/12\/21\/la-guardia-civil-denuncia-al-influencer-alfonso-santaella-por-realizar-actividades-ilegales-en-el-parque-regional-de-la-sierra-de-gredos\/\">Guardia Civil<\/a> han informado a EFE, de que<b> los asesinados han muerto a consecuencia de una paliza<\/b>. Sin embargo, nada apunta a que sea un ajuste de cuentas. <\/p>\n<p class=\"paragraph\">Seg\u00fan ha adelantado El Pa\u00eds, se trata de dos okupas que, cuando tres personas de nacionalidad alemana la intentaron echarlos del chal\u00e9, situado en una zona aislada de la pedan\u00eda de la Marina los agredieron, supuestamente mataron a dos y a un tercero lo dejaron gravemente herido. Tras horas atrincherados, <b>los dos hombres han sido detenidos por la Guardia Civil<\/b>, seg\u00fan han informado a EFE fuentes del instituto armado.Ninguno de los agredidos trabajaba para una empresa de desokupaci\u00f3n.<\/p>\n<p class=\"paragraph\">Estos tres hombres pretend\u00edan desalojar a los dos presuntos homicidas, quienes se hab\u00edan instalado de manera ilegal en la propiedad ubicada en esta zona, pr\u00f3xima a la costa, habitada mayoritariamente por residentes extranjeros y descrita como aislada y de car\u00e1cter residencial, seg\u00fan narra el citado diario. <\/p>\n<p><img alt=\"Dos hombres han muerto y\" class=\"global-image\" decoding=\"async\" fetchpriority=\"low\" height=\"1280\" loading=\"lazy\" src=\"https:\/\/www.europesays.com\/es\/wp-content\/uploads\/2025\/12\/DGXBXFO63NCMRPJA6RWQEFUFVY.jpg\" width=\"1920\"\/>Dos hombres han muerto y un tercero se encuentra ingresado grave en el Hospital de Elche tras ser apaleados en la pedan\u00eda ilicitana de la Marina. (EFE\/ Morell)<\/p>\n<p class=\"paragraph\">El dispositivo policial desplegado desde la tarde del lunes incluy\u00f3 la intervenci\u00f3n inmediata tanto de la Polic\u00eda Local de Elche como de la Unidad de Seguridad Ciudadana de la Comandancia de Alicante (Usecic). El arresto se ha producido a las dos de la tarde este martes y los presuntos autores ser\u00e1n puestos a disposici\u00f3n judicial lo antes posible. El Juzgado que dirige la causa ha decretado el secreto de las actuaciones.<\/p>\n<p class=\"paragraph\">La actuaci\u00f3n se produjo tras la alerta de un vecino, que habr\u00eda escuchao la pelea y avistado los cuerpos sin vida en una carretera cercana. Desde la Comandancia de la Guardia Civil en Alicante han precisado que el operativo de cerco y negociaci\u00f3n ha continuado durante toda la noche y se ha reanudado en la madrugada, con el objetivo de detener a los dos presuntos autores, quienes siguen en el interior del domicilio seg\u00fan ha detallado el propio cuerpo alicantino.<\/p>\n<p class=\"paragraph\">La tercera persona, herida de gravedad, permanece hospitalizada en un centro sanitario de Elche. El operativo policial sigue activo mientras se espera poder resolver el caso y esclarecer sus circunstancias.<\/p>\n","protected":false},"excerpt":{"rendered":"Dos hombres han muerto y un tercero se encuentra ingresado grave en el Hospital de Elche tras ser&hellip;\n","protected":false},"author":2,"featured_media":303751,"comment_status":"","ping_status":"","sticky":false,"template":"","format":"standard","meta":{"footnotes":""},"categories":[5],"tags":[17,18,25,24,13,14,11,19,20,9,10,15,16,23,12,21,22],"class_list":{"0":"post-303750","1":"post","2":"type-post","3":"status-publish","4":"format-standard","5":"has-post-thumbnail","7":"category-titulares","8":"tag-breaking-news","9":"tag-breakingnews","10":"tag-es","11":"tag-espana","12":"tag-featured-news","13":"tag-featurednews","14":"tag-headlines","15":"tag-latest-news","16":"tag-latestnews","17":"tag-news","18":"tag-noticias","19":"tag-noticias-destacadas","20":"tag-noticiasdestacadas","21":"tag-spain","22":"tag-titulares","23":"tag-ultimas-noticias","24":"tag-ultimasnoticias"},"share_on_mastodon":{"url":"https:\/\/pubeurope.com\/@es\/115770470482377813","error":""},"_links":{"self":[{"href":"https:\/\/www.europesays.com\/es\/wp-json\/wp\/v2\/posts\/303750","targetHints":{"allow":["GET"]}}],"collection":[{"href":"https:\/\/www.europesays.com\/es\/wp-json\/wp\/v2\/posts"}],"about":[{"href":"https:\/\/www.europesays.com\/es\/wp-json\/wp\/v2\/types\/post"}],"author":[{"embeddable":true,"href":"https:\/\/www.europesays.com\/es\/wp-json\/wp\/v2\/users\/2"}],"replies":[{"embeddable":true,"href":"https:\/\/www.europesays.com\/es\/wp-json\/wp\/v2\/comments?post=303750"}],"version-history":[{"count":0,"href":"https:\/\/www.europesays.com\/es\/wp-json\/wp\/v2\/posts\/303750\/revisions"}],"wp:featuredmedia":[{"embeddable":true,"href":"https:\/\/www.europesays.com\/es\/wp-json\/wp\/v2\/media\/303751"}],"wp:attachment":[{"href":"https:\/\/www.europesays.com\/es\/wp-json\/wp\/v2\/media?parent=303750"}],"wp:term":[{"taxonomy":"category","embeddable":true,"href":"https:\/\/www.europesays.com\/es\/wp-json\/wp\/v2\/categories?post=303750"},{"taxonomy":"post_tag","embeddable":true,"href":"https:\/\/www.europesays.com\/es\/wp-json\/wp\/v2\/tags?post=303750"}],"curies":[{"name":"wp","href":"https:\/\/api.w.org\/{rel}","templated":true}]}}