{"id":303761,"date":"2025-12-23T19:25:16","date_gmt":"2025-12-23T19:25:16","guid":{"rendered":"https:\/\/www.europesays.com\/es\/303761\/"},"modified":"2025-12-23T19:25:16","modified_gmt":"2025-12-23T19:25:16","slug":"paul-dianno-ex-iron-maiden-grabo-su-nuevo-album-en-directo-menos-de-dos-meses-antes-de-su-muerte","status":"publish","type":"post","link":"https:\/\/www.europesays.com\/es\/303761\/","title":{"rendered":"Paul Di&#8217;Anno (ex-Iron Maiden) grab\u00f3 su nuevo \u00e1lbum en directo menos de dos meses antes de su muerte"},"content":{"rendered":"<p>A comienzos de diciembre anunciamos un epitafio musical de <strong>Paul Di\u2019Anno<\/strong> que ver\u00e1 la luz en 2026 y <strong><a target=\"_blank\" href=\"https:\/\/mariskalrock.com\/actualidad\/el-epitafio-musical-de-paul-dianno-ex-iron-maiden-vera-la-luz-en-2026-y-hara-sentir-muy-orgullosos-a-los-fans\/\" rel=\"nofollow noopener\">\u201char\u00e1 sentir muy orgullosos a los fans\u201d<\/a><\/strong>. Hablamos, por supuesto, de un nuevo \u00e1lbum en directo grabado a finales de agosto de 2024 en el festival <strong>Stonedead<\/strong> de Newark Showground, celebrado en Newark-on-Trent, Inglaterra. Ser\u00e1 desde luego un documento \u00fanico, pues se grab\u00f3 menos dos meses antes de <strong><a target=\"_blank\" href=\"https:\/\/mariskalrock.com\/actualidad\/muere-paul-dianno-vocalista-de-iron-maiden-en-su-debut-y-killers-a-los-66-anos\/\" rel=\"nofollow noopener\">su muerte<\/a><\/strong>.<\/p>\n<p>Este era el mensaje que se compart\u00eda <strong><a target=\"_blank\" href=\"https:\/\/www.facebook.com\/reel\/1392298039190418\" rel=\"nofollow noopener\">en redes sociales<\/a><\/strong> al respecto: \u201cQueridos fans. Hace menos de un mes anunciamos que el \u00faltimo \u00e1lbum en directo de Paul Di\u2019Anno se publicar\u00e1 en 2026, grabado durante su \u00faltima gira por el Reino Unido, concretamente en el Stonedead Festival de 2024, menos de dos meses antes de su fallecimiento.<\/p>\n<p>Nos gustar\u00eda dar las gracias al promotor Chris Sumby, que nos cedi\u00f3 gratuitamente los archivos de audio y hizo posible que este \u00e1lbum pudiera ver finalmente la luz.<\/p>\n<p style=\"text-align: center;\">\n<p>La banda noruega que acompa\u00f1aba a Paul, junto con los productores y el sello discogr\u00e1fico, est\u00e1 trabajando con dedicaci\u00f3n en este proyecto, cuyo nombre y portada hemos decidido revelar en los primeros meses de 2026. Al mismo tiempo, se anunciar\u00e1 el sello discogr\u00e1fico y, mientras tanto, Henrik Haugsnes Kaupang, el bater\u00eda de Paul, ha realizado un v\u00eddeo en el que explica las motivaciones para publicar este \u00e1lbum.<\/p>\n<p>Hemos escuchado vuestros deseos y, aunque el plan inicial era lanzar \u00fanicamente vinilos, tambi\u00e9n habr\u00e1 una cantidad m\u00e1s reducida de CDs a la venta para los fans y coleccionistas que as\u00ed lo deseen. Todos los derechos y beneficios de Paul derivados de este \u00e1lbum pasar\u00e1n, por supuesto, a su heredero legal.<\/p>\n<p>Os deseamos a todos unas felices fiestas y un pr\u00f3spero A\u00f1o Nuevo. En estos d\u00edas se publicar\u00e1 el esperado tercer libro de la trilog\u00eda \u201cThe Beast\u201d, titulado \u2018The Last Days Of The Beast\u2019, que podr\u00e9is pedir en <strong><a target=\"_blank\" href=\"http:\/\/www.maidencroatia.com\" rel=\"nofollow noopener\">www.maidencroatia.com<\/a><\/strong>\u201d.<\/p>\n<p style=\"text-align: center;\">\n<p>Si quieres echar un vistazo a esa hist\u00f3rica actuaci\u00f3n de <strong>Paul Di\u2019Anno<\/strong> en <strong>Stonedead<\/strong>, <a target=\"_blank\" href=\"https:\/\/www.youtube.com\/watch?v=Me146iBs-xU\" rel=\"nofollow noopener\"><strong>aqu\u00ed<\/strong> <\/a>puedes hacerlo. Pero ese no ser\u00e1 el \u00fanico lanzamiento en recuerdo al otrora vocalista de <strong>Iron Maiden<\/strong> que nos llegar\u00e1 en 2026, pues tambi\u00e9n se estrenara <strong>\u2018Di\u2019Anno: Iron Maiden\u2019s Lost Singer\u2019<\/strong>, una pel\u00edcula dirigida por <strong>Wes Orshoski<\/strong>, codirector y productor del aclamado filme de 2010 <strong>\u2018Lemmy\u2019<\/strong>, centrado en la vida del legendario frontman de <strong>Mot\u00f6rhead<\/strong>.<\/p>\n<p><a target=\"_blank\" href=\"https:\/\/www.europesays.com\/es\/wp-content\/uploads\/2025\/11\/rock-imperium-2026-des-2.jpg\"><img fetchpriority=\"high\" decoding=\"async\" class=\"size-full wp-image-375768 aligncenter\" src=\"https:\/\/www.europesays.com\/es\/wp-content\/uploads\/2025\/11\/rock-imperium-2026-des-2.jpg\" alt=\"\" width=\"900\" height=\"550\"  \/><\/a><\/p>\n<p>Respecto a la que fuera su banda, <strong>Iron Maiden<\/strong>, los brit\u00e1nicos formar\u00e1n parte tanto del cartel del <strong>Rock Imperium Festival<\/strong>, que se celebrar\u00e1 del <strong>3 al 5 de julio en el Parque El Batel de Cartagena<\/strong> (entradas <strong><a target=\"_blank\" href=\"https:\/\/www.rockimperiumfestival.es\/es\/entradas\/\" rel=\"nofollow noopener\">aqu\u00ed<\/a><\/strong>), como del <strong>Resurrection Fest<\/strong>, que tendr\u00e1 lugar en <strong>Viveiro del 1 al 4 de julio<\/strong> (puedes conseguir tickets <strong><a target=\"_blank\" href=\"https:\/\/www.resurrectionfest.es\/entradas\/\" rel=\"nofollow noopener\">en este enlace<\/a><\/strong>).<\/p>\n<p><a target=\"_blank\" href=\"https:\/\/www.europesays.com\/es\/wp-content\/uploads\/2025\/12\/resurrection-fest-2026-cartel-por-dias.webp.webp\"><img loading=\"lazy\" decoding=\"async\" class=\"size-full wp-image-380760 aligncenter\" src=\"https:\/\/www.europesays.com\/es\/wp-content\/uploads\/2025\/12\/resurrection-fest-2026-cartel-por-dias.webp.webp\" alt=\"\" width=\"560\" height=\"700\"  \/><\/a><\/p>\n<p>                         <a target=\"_blank\" href=\"http:\/\/\/\/mariskalrock.com\/author\/alfredo-villaescusa\" class=\"url\" title=\"Alfredo Villaescusa\" rel=\"nofollow\"> <img loading=\"lazy\" decoding=\"async\" alt=\"Alfredo Villaescusa\" src=\"https:\/\/www.europesays.com\/es\/wp-content\/uploads\/2025\/12\/1766517916_964_530a443b1b382213cd8904d80e5db5b65050f07dbbdf467c1fe992f8b069826e\"  class=\"avatar avatar-250 photo\" height=\"250\" width=\"250\"\/><\/a> <\/p>\n<p>Eclecticismo en vena. No hay nadie que no dispare el viernes por la noche, ni hay quien esquive los disparos.<\/p>\n<p> <a href=\"http:\/\/\/\/mariskalrock.com\/author\/alfredo-villaescusa\" class=\"url\" target=\"_blank\" title=\"Alfredo Villaescusa\" rel=\"nofollow\"><img loading=\"lazy\" decoding=\"async\" alt=\"Alfredo Villaescusa\" src=\"https:\/\/www.europesays.com\/es\/wp-content\/uploads\/2025\/12\/1766517916_964_530a443b1b382213cd8904d80e5db5b65050f07dbbdf467c1fe992f8b069826e\"  class=\"avatar avatar-250 photo\" height=\"250\" width=\"250\"\/><\/a>\u00daltimas entradas de Alfredo Villaescusa (<a target=\"_blank\" href=\"https:\/\/mariskalrock.com\/author\/alfredo-villaescusa\/\" rel=\"nofollow noopener\">ver todo<\/a>)  <\/p>\n","protected":false},"excerpt":{"rendered":"A comienzos de diciembre anunciamos un epitafio musical de Paul Di\u2019Anno que ver\u00e1 la luz en 2026 y&hellip;\n","protected":false},"author":2,"featured_media":303762,"comment_status":"","ping_status":"","sticky":false,"template":"","format":"standard","meta":{"footnotes":""},"categories":[170],"tags":[146,147,25,24,71920,4622,184,185,8953,23],"class_list":{"0":"post-303761","1":"post","2":"type-post","3":"status-publish","4":"format-standard","5":"has-post-thumbnail","7":"category-musica","8":"tag-entertainment","9":"tag-entretenimiento","10":"tag-es","11":"tag-espana","12":"tag-ex-iron-maiden","13":"tag-mr2022","14":"tag-music","15":"tag-musica","16":"tag-paul-dianno","17":"tag-spain"},"share_on_mastodon":{"url":"https:\/\/pubeurope.com\/@es\/115770525863699807","error":""},"_links":{"self":[{"href":"https:\/\/www.europesays.com\/es\/wp-json\/wp\/v2\/posts\/303761","targetHints":{"allow":["GET"]}}],"collection":[{"href":"https:\/\/www.europesays.com\/es\/wp-json\/wp\/v2\/posts"}],"about":[{"href":"https:\/\/www.europesays.com\/es\/wp-json\/wp\/v2\/types\/post"}],"author":[{"embeddable":true,"href":"https:\/\/www.europesays.com\/es\/wp-json\/wp\/v2\/users\/2"}],"replies":[{"embeddable":true,"href":"https:\/\/www.europesays.com\/es\/wp-json\/wp\/v2\/comments?post=303761"}],"version-history":[{"count":0,"href":"https:\/\/www.europesays.com\/es\/wp-json\/wp\/v2\/posts\/303761\/revisions"}],"wp:featuredmedia":[{"embeddable":true,"href":"https:\/\/www.europesays.com\/es\/wp-json\/wp\/v2\/media\/303762"}],"wp:attachment":[{"href":"https:\/\/www.europesays.com\/es\/wp-json\/wp\/v2\/media?parent=303761"}],"wp:term":[{"taxonomy":"category","embeddable":true,"href":"https:\/\/www.europesays.com\/es\/wp-json\/wp\/v2\/categories?post=303761"},{"taxonomy":"post_tag","embeddable":true,"href":"https:\/\/www.europesays.com\/es\/wp-json\/wp\/v2\/tags?post=303761"}],"curies":[{"name":"wp","href":"https:\/\/api.w.org\/{rel}","templated":true}]}}