{"id":303769,"date":"2025-12-23T19:29:16","date_gmt":"2025-12-23T19:29:16","guid":{"rendered":"https:\/\/www.europesays.com\/es\/303769\/"},"modified":"2025-12-23T19:29:16","modified_gmt":"2025-12-23T19:29:16","slug":"tengo-muchas-raices-y-no-lo-cambiaria-por-ningun-otro","status":"publish","type":"post","link":"https:\/\/www.europesays.com\/es\/303769\/","title":{"rendered":"Tengo muchas ra\u00edces y no lo cambiar\u00eda por ning\u00fan otro"},"content":{"rendered":"<p class=\"description\"><b>Especial Navidad<\/b>: Suscr\u00edbete hoy a Viajes National Geographic por solo <b>1\u20ac\/mes<\/b>. \u00a1Por tiempo limitado!<\/p>\n<p><a href=\"https:\/\/tienda.rba.es\/revistas\/landing-suscripcion-oferta-1e-12m-ngmv?ORIGIN=REF&amp;rba_click=RBA_rev_ngmv_es_web_conv_pur_pro_noa_oferta-especial-2025_sus-plu_precio_fns&amp;rba_bh=ngmv\" class=\"more-link\" data-ga4_event=\"custom_event\" data-ga4_event_name=\"click_cta\" data-ga4_link_url=\"https:\/\/tienda.rba.es\/revistas\/landing-suscripcion-oferta-1e-12m-ngmv?ORIGIN=REF&amp;rba_click=RBA_rev_ngmv_es_web_conv_pur_pro_noa_oferta-especial-2025_sus-plu_precio_fns&amp;rba_bh=ngmv\" data-ga4_content_type=\"lead\" data-ga4_element=\"article_phrase\" rel=\"nofollow noopener\" target=\"_blank\">DESC\u00daBRELO<\/a><\/p>\n<p>Hubo un tiempo en el que lo habitual era<strong> pasar cada verano en el mismo destino<\/strong>. Quien \u201cten\u00eda un pueblo\u201d, ra\u00edces en un rinc\u00f3n alejado de las grandes ciudades, pasaba entre sus calles los d\u00edas m\u00e1s c\u00e1lidos del a\u00f1o, disfrutando de su calma pegajosa y sus fiestas patronales. <strong>Quien no lo heredaba de nacimiento, lo buscaba<\/strong>.\u00a0Fue el caso de Almudena Grandes y su marido, el poeta Luis Garc\u00eda Montero. Buscaron un para\u00edso estival en el que refugiarse del calor de Madrid, ciudad que la escritora amaba con pasi\u00f3n. \u201cYo vivo en Madrid y no me gustar\u00eda vivir en otro lugar\u201d, aseguraba para el Blog del Instituto Cervantes.<\/p>\n<p>\u00a0<\/p>\n<p>Su segundo hogar lo encontr\u00f3 <strong>en la costa gaditana,<\/strong> en un pueblo que tiempo despu\u00e9s describir\u00eda como \u201cla luz de todos sus veranos\u201d y el \u201c<strong>territorio de la felicidad<\/strong>\u201d. Un \u201cpara\u00edso anual\u201d en el que ech\u00f3 profundas ra\u00edces y que jam\u00e1s la olvidar\u00e1. Almudena Grandes es\u00a0<strong>Hija Adoptiva de este ed\u00e9n gaditano<\/strong>, y sus calles, plazas y vecinos la recuerdan con un profundo amor correspondido.<\/p>\n<p>\u00a0<\/p>\n<p>&#13;&#13;<\/p>\n<p>Cargando v\u00eddeo: Pueblos c\u00e1diz<\/p>\n<p>Amor a primera vista<img loading=\"lazy\" decoding=\"async\"   src=\"https:\/\/www.europesays.com\/es\/wp-content\/uploads\/2025\/12\/shutterstock-2257390059_f6702136_251219123439_1200x783.webp.webp\" alt=\"shutterstock 2257390059\" class=\"lazyload\" width=\"1200\" height=\"783\" data-aspectratio=\"1200\/783\"\/><\/p>\n<p>&#13;&#13;Foto: Shutterstock&#13;<\/p>\n<p>\u201cTuve la suerte de que Almudena se enamorara de m\u00ed y quisiera pasar nuestros veranos junto al mar\u201d, dir\u00eda Luis Garc\u00eda Montero en aquel peque\u00f1o pueblo que durante m\u00e1s de veinte a\u00f1os fue su segundo hogar. \u201cSe convenci\u00f3 de que <strong>no hab\u00eda mejor sitio para pasar sus veranos<\/strong>\u201d. Las palabras lo descubren en <strong>Rota<\/strong>, el \u201cpara\u00edso anual\u201d de la pareja en el que la escritora dio forma a muchas de sus novelas. Todas a partir de Atlas de geograf\u00eda humana, seg\u00fan el que fue su marido. \u201cNo lo cambiar\u00eda por ning\u00fan otro\u201d, declaraba Grandes en el medio citado previamente: \u201cTengo muchas ra\u00edces, y no me gustar\u00eda vivir en otros sitios distintos de donde vivo\u201d.<\/p>\n<p><a href=\"https:\/\/viajes.nationalgeographic.com.es\/a\/miguel-unamuno-filosofo-y-escritor-sobre-belleza-espana-prefiero-cualquier-bravio-rincon-montana-a-jardines-todos-versalles_23982\" class=\"rel\" rel=\"nofollow noopener\" target=\"_blank\">&#13;&#13;<img loading=\"lazy\" decoding=\"async\" src=\"https:\/\/www.europesays.com\/es\/wp-content\/uploads\/2025\/12\/adobestock-213215016_61eab4a3_251211180140_550x807.webp.webp\" alt=\"AdobeStock 213215016\" class=\"imagenRelacionado lazyload\" width=\"550\" height=\"807\" data-aspectratio=\"550\/807\"\/>&#13;&#13;<\/p>\n<p class=\"relatedTitle\">Seguir viajando<\/p>\n<p class=\"supertitle\">Belleza rural <\/p>\n<p class=\"title\">Espa\u00f1a en los ojos de Unamuno<\/p>\n<p class=\"subtitle\">Miguel de Unamuno narr\u00f3 Espa\u00f1a en sus art\u00edculos, en sus novelas y en sus ensayos. Para \u00e9l, el pa\u00eds que lo vio nacer ten\u00eda una belleza incomparable frente a las grandes ciudades europeas. <\/p>\n<p><a href=\"https:\/\/viajes.nationalgeographic.com.es\/a\/miguel-unamuno-filosofo-y-escritor-sobre-belleza-espana-prefiero-cualquier-bravio-rincon-montana-a-jardines-todos-versalles_23982\" class=\"readarticle\" rel=\"nofollow noopener\" target=\"_blank\">Leer art\u00edculo<\/a><\/p>\n<p><\/a><\/p>\n<p>La pareja comenz\u00f3 a pasar sus veranos en Rota all\u00e1 por 1990, apenas un a\u00f1o despu\u00e9s de que Grandes ganara el Premio Sonrisa Vertical por Las edades de Lul\u00fa, libro que la lanz\u00f3 a la fama. En el 94, recuerda el periodista rote\u00f1o Balsa Cirrito, la pareja se alojaba a\u00fan <strong>en casa de un buen amigo<\/strong> y compa\u00f1ero de profesi\u00f3n, <strong>Pepe Moreno.<\/strong><\/p>\n<p>\u00a0<\/p>\n<p>La casa, \u201cuna vivienda llena de libros y con un n\u00famero infinito de habitaciones de techos alt\u00edsimo\u201d, describe Balsa en Rota al d\u00eda, se encontraba<strong> cerca de la plaza Barroso<\/strong>, una de las muchas postales rote\u00f1as. De peque\u00f1o tama\u00f1o y forma acogedora, <strong>la plaza Barroso se encuentra en pleno centro hist\u00f3rico<\/strong>, a pocos metros del Castillo de Luna, con \u00e1rboles, bancos y alguna terraza para sentarse a tomar algo. Es <strong>una de las plazas con m\u00e1s encanto del casco antiguo<\/strong>: conecta con calles tradicionales como P\u00e9rez de Bedoya, y es, quiz\u00e1, el punto de partida perfecto para una ruta a pie que permita descubrir este precioso pueblo.<\/p>\n<p>\u00a0<\/p>\n<p>\u00bfQuieres viajar por los pueblos m\u00e1s monumentales de Espa\u00f1a? <strong><a href=\"https:\/\/participa.nationalgeographic.com.es\/quiz\/1654292_1125\/pueblos-monumentales.html\" target=\"_blank\" rel=\"nofollow noopener\">\u00a1Descarga gratis nuestro eBook<\/a><\/strong> y descubre cu\u00e1les son!<\/p>\n<p>\u00a0<\/p>\n<p>En las calles de Rota<img loading=\"lazy\" decoding=\"async\"   src=\"https:\/\/www.europesays.com\/es\/wp-content\/uploads\/2025\/12\/adobestock-1207945923_36fe0176_251219123636_1200x1800.webp.webp\" alt=\"AdobeStock 1207945923\" class=\"lazyload\" width=\"1200\" height=\"1800\" data-aspectratio=\"1200\/1800\"\/><\/p>\n<p>&#13;&#13;Foto: Adobe Stock&#13;<\/p>\n<p>Alrededor de Almudena Grandes se configura<strong> un grupo de artistas e intelectuales <\/strong>que, gracias a ella y al encanto natural de Rota, deciden pasar cada verano frente a su costa. Son Joaqu\u00edn Sabina, Jes\u00fas Garc\u00eda, Felipe Ben\u00edtez Reyes, Benjam\u00edn Prado, Miguel R\u00edos, Juan Vida, \u00c1ngel Gonz\u00e1lez y \u00c1ngeles Aguilera, entre otros muchos nombres que cada verano se reun\u00edan en las casas de unos y otros. Tras aquellos maravillosos veranos en casas de amigos, Grandes y su marido decidieron adquirir <strong>una vivienda ubicada cerca de Punta Candor,<\/strong> cuya avenida principal lleva hoy el nombre de la escritora.<\/p>\n<p>\u00a0<\/p>\n<p>Su relaci\u00f3n con Rota no era la de un visitante puntual.<strong> Almudena se implic\u00f3 con el pueblo<\/strong>, y Rota la correspondi\u00f3. Cada verano, recuerdan en Cope, y gracias a la autora, escritores de talla nacional se reun\u00edan en la plaza del pueblo, a la linde del Castillo de Luna y la Iglesia de Nuestra Se\u00f1ora de la O, para ofrecer a Rota un regalo cultural. <strong>Noches literarias y completamente altruistas<\/strong> para el disfrute de todos.<\/p>\n<p><a href=\"https:\/\/viajes.nationalgeographic.com.es\/lifestyle\/miguel-cervantes-celebre-escritor-que-fue-apasionado-viajero-el-que-lee-mucho-anda-mucho-ve-mucho-sabe-mucho_23871\" class=\"rel\" rel=\"nofollow noopener\" target=\"_blank\">&#13;&#13;<img loading=\"lazy\" decoding=\"async\" src=\"https:\/\/www.europesays.com\/es\/wp-content\/uploads\/2025\/12\/lepanto_634b349c_251124141326_550x807.webp.webp\" alt=\"Lepanto\" class=\"imagenRelacionado lazyload\" width=\"550\" height=\"807\" data-aspectratio=\"550\/807\"\/>&#13;&#13;<\/p>\n<p class=\"relatedTitle\">Seguir viajando<\/p>\n<p class=\"supertitle\">Un viajero apasionado<\/p>\n<p class=\"title\">Los viajes de Miguel de Cervantes<\/p>\n<p class=\"subtitle\">El escritor m\u00e1s importante de la literatura en lengua castellana fue, adem\u00e1s, un ac\u00e9rrimo viajero, amante de las aventuras y un hombre apasionado por descubrir el mundo m\u00e1s all\u00e1 de su natal Alcal\u00e1 de Henares. <\/p>\n<p><a href=\"https:\/\/viajes.nationalgeographic.com.es\/lifestyle\/miguel-cervantes-celebre-escritor-que-fue-apasionado-viajero-el-que-lee-mucho-anda-mucho-ve-mucho-sabe-mucho_23871\" class=\"readarticle\" rel=\"nofollow noopener\" target=\"_blank\">Leer art\u00edculo<\/a><\/p>\n<p><\/a><\/p>\n<p>Estos dos edificios son parte de la arquitectura que da su encanto a Rota, y parte de la historia de Almudena con el pueblo. <strong>El Castillo de Luna,<\/strong> fortaleza del siglo XIII levantada sobre un antiguo ribat musulm\u00e1n, es hoy sede del Ayuntamiento y un s\u00edmbolo hist\u00f3rico de Rota. En cuanto a la<strong> Iglesia de Nuestra Se\u00f1ora de la O<\/strong>, es el coraz\u00f3n del casco hist\u00f3rico. Su fachada y su torre marcan uno de los perfiles m\u00e1s reconocibles de la villa desde el siglo XVI.<\/p>\n<p>\u00a0<\/p>\n<p>Cerca de all\u00ed se encuentra otro de los lugares favoritos de Almudena, seg\u00fan recuerdan sus amistades: <strong>el Mercado Central de Abastos<\/strong>. Era all\u00ed donde, cada ma\u00f1ana, la escritora se hac\u00eda con el pescado fresco del d\u00eda. \u201cShosho, hoy no compres de este g\u00e9nero\u201d, \u201cShosho, mira qu\u00e9 pescado tengo hoy\u201d, recuerda el periodista Juan Cruz (El Peri\u00f3dico) que compart\u00edan las pescaderas con la escritora, a la que consideraban una m\u00e1s del pueblo.<\/p>\n<p>\u00a0<\/p>\n<p>Junto a la orilla<img loading=\"lazy\" decoding=\"async\"   src=\"https:\/\/www.europesays.com\/es\/wp-content\/uploads\/2025\/12\/shutterstock-2696093637_f55e0ab9_251219123511_1200x800.webp.webp\" alt=\"shutterstock 2696093637\" class=\"lazyload\" width=\"1200\" height=\"800\" data-aspectratio=\"1200\/800\"\/><\/p>\n<p>&#13;&#13;Foto: Shutterstock&#13;<\/p>\n<p>El pueblo de Rota, en todo su esplendor, fue hogar emocional de la autora. Y as\u00ed lo recuerdan con su<strong> t\u00edtulo p\u00f3stumo de Hija Adoptiva de la Villa de Rota<\/strong>. Adem\u00e1s, de entre todos los rincones del pueblo, su favorito\u00a0se encontraba en el litoral, en <strong>Punta Candor.<\/strong>\u00a0Esta playa seminatural, en la periferia occidental de Rota y con <strong>m\u00e1s de 1 km de arena fina y dorada <\/strong>fue el escenario habitual de sus d\u00edas.<\/p>\n<p>\u00a0<\/p>\n<p dir=\"ltr\"><a href=\"https:\/\/www.whatsapp.com\/channel\/0029Va858M88vd1KkudYW539\u201d rel=\u201cnofollow\u201d target=\u201c_blank\" rel=\"nofollow noopener\" target=\"_blank\"><strong>\u00a1Viajes National Geographic, directo en tu Whatsapp! S\u00edguenos para descubrir lugares fascinantes, destinos sorprendentes y sabores impresionantes.<\/strong><\/a><\/p>\n<p>\u00a0<\/p>\n<p>\u00a0<\/p>\n<p>En temporada alta, los servicios b\u00e1sicos y los chiringuitos dan la bienvenida a los visitantes. Aunque para Almudena lo esencial estaba en lo profundo del mar, en los paseos, en los atardeceres. En aquel segundo hogar junto al que<strong> escribi\u00f3 algunas de sus grandes novelas,<\/strong> y en el que a\u00fan sigue record\u00e1ndose su memoria con un cari\u00f1o especial.<\/p>\n","protected":false},"excerpt":{"rendered":"Especial Navidad: Suscr\u00edbete hoy a Viajes National Geographic por solo 1\u20ac\/mes. \u00a1Por tiempo limitado! DESC\u00daBRELO Hubo un tiempo&hellip;\n","protected":false},"author":2,"featured_media":303770,"comment_status":"","ping_status":"","sticky":false,"template":"","format":"standard","meta":{"footnotes":""},"categories":[91],"tags":[119,146,147,25,24,1408,448,1407,1409,23,226],"class_list":{"0":"post-303769","1":"post","2":"type-post","3":"status-publish","4":"format-standard","5":"has-post-thumbnail","7":"category-entretenimiento","8":"tag-ciencia","9":"tag-entertainment","10":"tag-entretenimiento","11":"tag-es","12":"tag-espana","13":"tag-geographic","14":"tag-historia","15":"tag-national","16":"tag-naturaleza","17":"tag-spain","18":"tag-viajes"},"share_on_mastodon":{"url":"https:\/\/pubeurope.com\/@es\/115770542186824050","error":""},"_links":{"self":[{"href":"https:\/\/www.europesays.com\/es\/wp-json\/wp\/v2\/posts\/303769","targetHints":{"allow":["GET"]}}],"collection":[{"href":"https:\/\/www.europesays.com\/es\/wp-json\/wp\/v2\/posts"}],"about":[{"href":"https:\/\/www.europesays.com\/es\/wp-json\/wp\/v2\/types\/post"}],"author":[{"embeddable":true,"href":"https:\/\/www.europesays.com\/es\/wp-json\/wp\/v2\/users\/2"}],"replies":[{"embeddable":true,"href":"https:\/\/www.europesays.com\/es\/wp-json\/wp\/v2\/comments?post=303769"}],"version-history":[{"count":0,"href":"https:\/\/www.europesays.com\/es\/wp-json\/wp\/v2\/posts\/303769\/revisions"}],"wp:featuredmedia":[{"embeddable":true,"href":"https:\/\/www.europesays.com\/es\/wp-json\/wp\/v2\/media\/303770"}],"wp:attachment":[{"href":"https:\/\/www.europesays.com\/es\/wp-json\/wp\/v2\/media?parent=303769"}],"wp:term":[{"taxonomy":"category","embeddable":true,"href":"https:\/\/www.europesays.com\/es\/wp-json\/wp\/v2\/categories?post=303769"},{"taxonomy":"post_tag","embeddable":true,"href":"https:\/\/www.europesays.com\/es\/wp-json\/wp\/v2\/tags?post=303769"}],"curies":[{"name":"wp","href":"https:\/\/api.w.org\/{rel}","templated":true}]}}