{"id":303773,"date":"2025-12-23T19:31:16","date_gmt":"2025-12-23T19:31:16","guid":{"rendered":"https:\/\/www.europesays.com\/es\/303773\/"},"modified":"2025-12-23T19:31:16","modified_gmt":"2025-12-23T19:31:16","slug":"el-banco-de-espana-revisa-al-alza-las-previsiones-de-crecimiento-para-2025-y-2026","status":"publish","type":"post","link":"https:\/\/www.europesays.com\/es\/303773\/","title":{"rendered":"El Banco de Espa\u00f1a revisa al alza las previsiones de crecimiento para 2025 y 2026"},"content":{"rendered":"<p>    <img src=\"https:\/\/www.europesays.com\/es\/wp-content\/uploads\/2025\/12\/2025-12-23T163A423A58Z-90683938.jpg\" width=\"1024\" height=\"563\" alt=\"\" loading=\"eager\" decoding=\"sync\" fetchpriority=\"high\"\/><\/p>\n<p>            afp_tickers        <\/p>\n<p>        Este contenido fue publicado en    <\/p>\n<p>        23 diciembre 2025 &#8211; 17:42\n<\/p>\n<p>El Banco de Espa\u00f1a revis\u00f3 este martes sus previsiones de crecimiento del PIB para 2025 y 2026, confirmando el dinamismo de una econom\u00eda que contrasta con otros pa\u00edses de la regi\u00f3n.\u00a0<\/p>\n<p>El banco proyecta una expansi\u00f3n de la econom\u00eda de 2,9% este a\u00f1o, frente a una estimaci\u00f3n anterior de 2,6%. Esta nueva proyecci\u00f3n es m\u00e1s del doble de la media prevista para la zona euro en este mismo periodo.<\/p>\n<p>Esta mejora coincide con las previsiones hechas por el gobierno del socialista Pedro S\u00e1nchez.\u00a0<\/p>\n<p>Para 2026, el Banco de Espa\u00f1a prev\u00e9 un crecimiento del 2,2%, frente al 1,8% de su informe trimestral de septiembre.<\/p>\n<p>\u00abLas previsiones se revisan al alza por los \u00faltimos datos de PIB, la fortaleza del consumo, el dinamismo de las exportaciones de servicios no tur\u00edsticos y los menores precios de la energ\u00eda\u00bb, explic\u00f3 la instituci\u00f3n.\u00a0<\/p>\n<p>La previsi\u00f3n para la inflaci\u00f3n \u2013 una preocupaci\u00f3n importante para los espa\u00f1oles muy afectados por el alza de los precios inmobiliarios \u2013 fue revisada al alza a un 2,7% (0,2 pp) para 2025 con una estabilizaci\u00f3n a 2,1% en 2026.<\/p>\n<p>El banco revis\u00f3 ligeramente a la baja sus proyecciones para el desempleo y estima que alcance un 10,6% en 2025 y un 10% el pr\u00f3ximo a\u00f1o, un nivel que est\u00e1 entre los m\u00e1s altos de los pa\u00edses de la Organizaci\u00f3n para la Cooperaci\u00f3n y el Desarrollo Econ\u00f3micos (OCDE).<\/p>\n<p>Tambi\u00e9n mejor\u00f3 la proyecci\u00f3n del d\u00e9ficit p\u00fablico, a 2,5% para 2026 \u00abpor la buena situaci\u00f3n econ\u00f3mica\u00bb y al alza el 2027 por \u00abel posible impacto del acuerdo salarial en el sector p\u00fablico\u00bb, dentro de los l\u00edmites marcados por la Uni\u00f3n Europea.\u00a0<\/p>\n<p>En este contexto econ\u00f3mico, el Gobierno aprob\u00f3 el martes, en el \u00faltimo Consejo de Ministros del a\u00f1o, un aumento del 2,7% de las pensiones generales en 2026 y de m\u00e1s del 7% de las pensiones m\u00ednimas.<\/p>\n<p>rbj\/CHZ\/an\/mb<\/p>\n","protected":false},"excerpt":{"rendered":"afp_tickers Este contenido fue publicado en 23 diciembre 2025 &#8211; 17:42 El Banco de Espa\u00f1a revis\u00f3 este martes&hellip;\n","protected":false},"author":2,"featured_media":303774,"comment_status":"","ping_status":"","sticky":false,"template":"","format":"standard","meta":{"footnotes":""},"categories":[80],"tags":[82,95,9516,94,84,10018,25,24,10020,10021,87,23,90,34360,5722],"class_list":{"0":"post-303773","1":"post","2":"type-post","3":"status-publish","4":"format-standard","5":"has-post-thumbnail","7":"category-economia","8":"tag-business","9":"tag-economia","10":"tag-economic-indicator","11":"tag-economy","12":"tag-economy-general","13":"tag-employment","14":"tag-es","15":"tag-espana","16":"tag-inflation-and-deflation","17":"tag-labor-market","18":"tag-macro-economics","19":"tag-spain","20":"tag-ticker","21":"tag-unemployment","22":"tag-work"},"share_on_mastodon":{"url":"https:\/\/pubeurope.com\/@es\/115770549324277558","error":""},"_links":{"self":[{"href":"https:\/\/www.europesays.com\/es\/wp-json\/wp\/v2\/posts\/303773","targetHints":{"allow":["GET"]}}],"collection":[{"href":"https:\/\/www.europesays.com\/es\/wp-json\/wp\/v2\/posts"}],"about":[{"href":"https:\/\/www.europesays.com\/es\/wp-json\/wp\/v2\/types\/post"}],"author":[{"embeddable":true,"href":"https:\/\/www.europesays.com\/es\/wp-json\/wp\/v2\/users\/2"}],"replies":[{"embeddable":true,"href":"https:\/\/www.europesays.com\/es\/wp-json\/wp\/v2\/comments?post=303773"}],"version-history":[{"count":0,"href":"https:\/\/www.europesays.com\/es\/wp-json\/wp\/v2\/posts\/303773\/revisions"}],"wp:featuredmedia":[{"embeddable":true,"href":"https:\/\/www.europesays.com\/es\/wp-json\/wp\/v2\/media\/303774"}],"wp:attachment":[{"href":"https:\/\/www.europesays.com\/es\/wp-json\/wp\/v2\/media?parent=303773"}],"wp:term":[{"taxonomy":"category","embeddable":true,"href":"https:\/\/www.europesays.com\/es\/wp-json\/wp\/v2\/categories?post=303773"},{"taxonomy":"post_tag","embeddable":true,"href":"https:\/\/www.europesays.com\/es\/wp-json\/wp\/v2\/tags?post=303773"}],"curies":[{"name":"wp","href":"https:\/\/api.w.org\/{rel}","templated":true}]}}