{"id":303777,"date":"2025-12-23T19:33:20","date_gmt":"2025-12-23T19:33:20","guid":{"rendered":"https:\/\/www.europesays.com\/es\/303777\/"},"modified":"2025-12-23T19:33:20","modified_gmt":"2025-12-23T19:33:20","slug":"abascal-saca-a-ortega-smith-de-la-ejecutiva-de-vox-espana","status":"publish","type":"post","link":"https:\/\/www.europesays.com\/es\/303777\/","title":{"rendered":"Abascal saca a Ortega Smith de la ejecutiva de Vox | Espa\u00f1a"},"content":{"rendered":"<p class=\"\">El l\u00edder de Vox, Santiago Abascal, ha decidido sacar del Comit\u00e9 Ejecutivo Nacional (CEN) de la formaci\u00f3n, m\u00e1ximo \u00f3rgano de direcci\u00f3n entre asambleas, a <a href=\"https:\/\/elpais.com\/noticias\/francisco-javier-ortega-smith-molina\/\" target=\"_self\" rel=\"nofollow noopener\" title=\"https:\/\/elpais.com\/noticias\/francisco-javier-ortega-smith-molina\/\">Javier Ortega Smith<\/a> en lo que constituye un paso m\u00e1s en el proceso de marginaci\u00f3n de quien fue uno de los fundadores del partido ultra y secretario general del mismo durante a\u00f1os. Recientemente, Ortega Smith ya <a href=\"https:\/\/elpais.com\/espana\/2025-11-03\/vox-aparta-a-ortega-smith-de-la-portavocia-adjunta-del-congreso.html\" target=\"_self\" rel=\"nofollow noopener\" title=\"https:\/\/elpais.com\/espana\/2025-11-03\/vox-aparta-a-ortega-smith-de-la-portavocia-adjunta-del-congreso.html\">fue relevado como portavoz adjunto de Vox del grupo parlamentario del Congreso, <\/a>en una decisi\u00f3n que \u00e9l mismo calific\u00f3 de \u201cequivocada e injusta\u201d y dijo no entender. <\/p>\n<p class=\"\">Ortega, todav\u00eda diputado y portavoz del grupo municipal de Vox en el Ayuntamiento de Madrid, se ha ido distanciado de la c\u00fapula de la formaci\u00f3n y ha multiplicado sus gestos y declaraciones cr\u00edticas hacia la deriva del partido desde que, en 2023, advirti\u00f3 de que \u201cVox no naci\u00f3 como una agencia de colocaci\u00f3n de amigos\u201d. En una entrevista publicada el pasado s\u00e1bado en Abc, Ortega Smith calificaba de \u201cdistante\u201d su relaci\u00f3n con Abascal y respond\u00eda a quienes atribuyen su ca\u00edda en desgracia a su amistad con el exportavoz parlamentario de Vox <a href=\"https:\/\/elpais.com\/noticias\/ivan-espinosa-de-los-monteros-y-de-simon\/\" target=\"_self\" rel=\"nofollow noopener\" title=\"https:\/\/elpais.com\/noticias\/ivan-espinosa-de-los-monteros-y-de-simon\/\">Iv\u00e1n Espinosa de los Monteros, <\/a>actual presidente de la fundaci\u00f3n Atenea, a cuya presentaci\u00f3n p\u00fablica acudi\u00f3. \u201cSi alguien pretende penalizarme por los amigos que tengo o porque son los mismos amigos que antes eran amigos de otros y que parece que ya no los reconocen como tales, all\u00e1 \u00e9l&#8230;\u201d, dijo, en alusi\u00f3n velada a Abascal.<\/p>\n<p class=\"\">La marginaci\u00f3n de Ortega Smith ha sido un proceso progresivo: en octubre de 2022, Abascal lo sustituy\u00f3 como secretario general de la formaci\u00f3n por Ignacio Garriga, pero lo dej\u00f3 como vicepresidente. Luego lo degrad\u00f3 de vicepresidente a simple vocal del CEN y ahora lo ha sacado completamente de la direcci\u00f3n. Fuentes de Vox<a href=\"https:\/\/elpais.com\/espana\/madrid\/2025-11-10\/auge-y-caida-de-ortega-smith-el-hombre-fuerte-de-vox-que-sono-con-cogobernar-madrid-no-tiene-ninguna-posibilidad-de-nada.html\" target=\"_self\" rel=\"nofollow noopener\" title=\"https:\/\/elpais.com\/espana\/madrid\/2025-11-10\/auge-y-caida-de-ortega-smith-el-hombre-fuerte-de-vox-que-sono-con-cogobernar-madrid-no-tiene-ninguna-posibilidad-de-nada.html\"> no creen que repita como cabeza de lista por Madrid en las elecciones municipales de 2027,<\/a> aunque \u00e9l ha expresado su deseo de continuar.<\/p>\n<p class=\"\">Despu\u00e9s de Abascal, Ortega Smith es el dirigente de Vox m\u00e1s popular entre las bases, pero sus m\u00e1s cercanos colaboradores han sido apartados en los \u00faltimos a\u00f1os de los puestos de responsabilidad, por lo que su influencia en el seno del partido est\u00e1 muy menguada. Tambi\u00e9n es uno de los pocos miembros del n\u00facleo fundador de Vox &#8211;junto al propio Abascal y a su , que segu\u00eda en la direcci\u00f3n, ya que los dem\u00e1s, a diferencia de \u00e9l, se han ido marchando. El carisma que todav\u00eda conserva explica que la direcci\u00f3n haya evitado el enfrentamiento directo con \u00e9l y haya optado por la marginaci\u00f3n progresiva, seg\u00fan fuentes pr\u00f3ximas a Vox. Tambi\u00e9n, que su destituci\u00f3n se haya producido en plena resaca de los magn\u00edficos resultados obtenidos por Vox en las elecciones del pasado domingo en Extremadura, donde ha pasado de cinco a 11 diputados. <\/p>\n<p class=\"\">Cuando Ortega Smith se quej\u00f3 de su relevo como portavoz adjunto del grupo parlamentario en el Congreso, en noviembre pasado, Abascal se limit\u00f3 a se\u00f1alar que \u201cen Vox hay mucho banquillo y todos tienen que aprender a ceder el paso\u201d. El exsecretario general fue sustituido por Carlos Hern\u00e1ndez Quero, portavoz de Vivienda del partido y valor en alza dentro de Vox. <\/p>\n<p>Julia Calvet le sustituye<\/p>\n<p class=\"\">En sustituci\u00f3n de Ortega Smith se ha incorporado a Comit\u00e9 Ejecutivo Nacional la diputada del Parlamento de Catalu\u00f1a por Vox y portavoz de Juventud de la formaci\u00f3n Julia Calvet. Calvet es jurista y expresidenta de la asociaci\u00f3n juvenil S\u2019ha Acabat!, enfrentada al nacionalismo catal\u00e1n. <\/p>\n<p class=\"\">Con este fichaje, Abascal quiere cubrir el hueco que ha dejado la ruptura con Revuelta, <a href=\"https:\/\/elpais.com\/espana\/2025-12-21\/una-guerra-sucia-de-audios-denuncias-despidos-y-traiciones-desangra-a-vox.html\" target=\"_self\" rel=\"nofollow noopener\" title=\"https:\/\/elpais.com\/espana\/2025-12-21\/una-guerra-sucia-de-audios-denuncias-despidos-y-traiciones-desangra-a-vox.html\">la asociaci\u00f3n que funcionaba como marca juvenil de Vox<\/a>, que se ha visto envuelta en un enfrentamiento interno tras las acusaciones de desv\u00edo de fondos destinados a las v\u00edctimas de la Dana. <\/p>\n","protected":false},"excerpt":{"rendered":"El l\u00edder de Vox, Santiago Abascal, ha decidido sacar del Comit\u00e9 Ejecutivo Nacional (CEN) de la formaci\u00f3n, m\u00e1ximo&hellip;\n","protected":false},"author":2,"featured_media":303778,"comment_status":"","ping_status":"","sticky":false,"template":"","format":"standard","meta":{"footnotes":""},"categories":[8],"tags":[17,18,25,24,13,14,11,58116,19,20,9,10,15,16,957,6914,23,12,21,22,624],"class_list":{"0":"post-303777","1":"post","2":"type-post","3":"status-publish","4":"format-standard","5":"has-post-thumbnail","7":"category-espana","8":"tag-breaking-news","9":"tag-breakingnews","10":"tag-es","11":"tag-espana","12":"tag-featured-news","13":"tag-featurednews","14":"tag-headlines","15":"tag-javier-ortega-smith","16":"tag-latest-news","17":"tag-latestnews","18":"tag-news","19":"tag-noticias","20":"tag-noticias-destacadas","21":"tag-noticiasdestacadas","22":"tag-partidos-politicos","23":"tag-santiago-abascal","24":"tag-spain","25":"tag-titulares","26":"tag-ultimas-noticias","27":"tag-ultimasnoticias","28":"tag-vox"},"share_on_mastodon":{"url":"https:\/\/pubeurope.com\/@es\/115770556769376158","error":""},"_links":{"self":[{"href":"https:\/\/www.europesays.com\/es\/wp-json\/wp\/v2\/posts\/303777","targetHints":{"allow":["GET"]}}],"collection":[{"href":"https:\/\/www.europesays.com\/es\/wp-json\/wp\/v2\/posts"}],"about":[{"href":"https:\/\/www.europesays.com\/es\/wp-json\/wp\/v2\/types\/post"}],"author":[{"embeddable":true,"href":"https:\/\/www.europesays.com\/es\/wp-json\/wp\/v2\/users\/2"}],"replies":[{"embeddable":true,"href":"https:\/\/www.europesays.com\/es\/wp-json\/wp\/v2\/comments?post=303777"}],"version-history":[{"count":0,"href":"https:\/\/www.europesays.com\/es\/wp-json\/wp\/v2\/posts\/303777\/revisions"}],"wp:featuredmedia":[{"embeddable":true,"href":"https:\/\/www.europesays.com\/es\/wp-json\/wp\/v2\/media\/303778"}],"wp:attachment":[{"href":"https:\/\/www.europesays.com\/es\/wp-json\/wp\/v2\/media?parent=303777"}],"wp:term":[{"taxonomy":"category","embeddable":true,"href":"https:\/\/www.europesays.com\/es\/wp-json\/wp\/v2\/categories?post=303777"},{"taxonomy":"post_tag","embeddable":true,"href":"https:\/\/www.europesays.com\/es\/wp-json\/wp\/v2\/tags?post=303777"}],"curies":[{"name":"wp","href":"https:\/\/api.w.org\/{rel}","templated":true}]}}