{"id":303779,"date":"2025-12-23T19:34:16","date_gmt":"2025-12-23T19:34:16","guid":{"rendered":"https:\/\/www.europesays.com\/es\/303779\/"},"modified":"2025-12-23T19:34:16","modified_gmt":"2025-12-23T19:34:16","slug":"guia-de-las-ayudas-al-transporte-publico-en-2026-asi-quedan-los-descuentos-y-el-abono-unico-de-60-euros-economia-y-negocios","status":"publish","type":"post","link":"https:\/\/www.europesays.com\/es\/303779\/","title":{"rendered":"Gu\u00eda de las ayudas al transporte p\u00fablico en 2026: as\u00ed quedan los descuentos y el abono \u00fanico de 60 euros | Econom\u00eda y negocios"},"content":{"rendered":"<p>El Gobierno ha aprobado este martes la pr\u00f3rroga de las ayudas para el transporte p\u00fablico para todo 2026, entre ellas la que financia en Canarias la gratuidad de las guaguas urbanas e interurbanas y el tranv\u00eda para viajeros recurrentes. <\/p>\n<p>Abono \u00fanico <\/p>\n<p>Ha dado tambi\u00e9n luz verde al abono \u00fanico, que integra en una sola tarifa de 60 euros mensuales los autobuses interregionales, los trenes de cercan\u00edas y los de media distancia.<\/p>\n<p><img decoding=\"async\" src=\"https:\/\/www.europesays.com\/es\/wp-content\/uploads\/2025\/12\/WJB5X26GCZGMPM6OQBLF6SJCUU.jpg\" alt=\"Todos los detalles sobre el abono \u00fanico de transportes en todo el pa\u00eds: precios, cu\u00e1ndo entrar\u00e1 en funcionamiento, qu\u00e9 cubrir\u00e1...\" width=\"240\" height=\"135\"  loading=\"lazy\"\/><\/p>\n<p>A partir de la segunda quincena de enero se pondr\u00e1 en marcha el abono \u00fanico, que servir\u00e1 para autobuses interregionales de titularidad estatal, trenes de cercan\u00edas y de media distancia, con una tarifa plana de 60 euros (30 euros para menores de 26 a\u00f1os), como ya avanz\u00f3 el presidente del Gobierno, <a href=\"https:\/\/cadenaser.com\/nacional\/2025\/12\/15\/pedro-sanchez-hace-balance-del-curso-politico-este-lunes-desde-la-moncloa-cadena-ser\/\" target=\"_blank\" rel=\"noreferrer nofollow noopener\" title=\"https:\/\/cadenaser.com\/nacional\/2025\/12\/15\/pedro-sanchez-hace-balance-del-curso-politico-este-lunes-desde-la-moncloa-cadena-ser\/\">Pedro S\u00e1nchez en la rueda de prensa de balance del a\u00f1o. <\/a><\/p>\n<p>Las bonificaciones prorrogadas para todo 2026 establecen que en los servicios estatales de autob\u00fas se mantiene la gratuidad infantil (hasta los 14 a\u00f1os), el bono de 10 viajes, con un 40% de descuento, y el abono mensual, con un 50% de descuento y un 70% para j\u00f3venes de hasta 26 a\u00f1os.<\/p>\n<p>Transportes auton\u00f3micos y locales<\/p>\n<p>En los transportes p\u00fablicos de competencia auton\u00f3mica y local se prorroga la ayuda estatal, con la gratuidad infantil, los descuentos del 50% para j\u00f3venes hasta los 26 a\u00f1os, y la bonificaci\u00f3n del 20% en el resto de abonos. <\/p>\n<p>Aqu\u00ed el Gobierno financiar\u00e1 el descuento independientemente de si la administraci\u00f3n competente decide financiar un 20% adicional. Hasta ahora solo lo hac\u00eda si se compromet\u00eda tambi\u00e9n la autonom\u00eda o el ayuntamiento. <\/p>\n<p>Viajeros recurrentes<\/p>\n<p>Se mantienen igualmente las ayudas espec\u00edficas para viajeros recurrentes en territorios como Canarias y Baleares, con la gratuidad del transporte p\u00fablico terrestre a los viajeros recurrentes; y en Asturias y Cantabria, la gratuidad de las cercan\u00edas tambi\u00e9n para los recurrentes. <\/p>\n<p>Abonos de Renfe<\/p>\n<p>En Renfe se prorrogan las medidas actuales, con el abono mensual ilimitado por 20 euros (10 euros para j\u00f3venes) as\u00ed como la gratuidad total para menores de 14 a\u00f1os. <\/p>\n<p>La media distancia y los Avant especiales ser\u00e1n gratis para los ni\u00f1os y los abonos mensuales y los bonos de 10 viajes tendr\u00e1n un descuento del 40%. En los Avant generales se prorroga la bonificaci\u00f3n del 50% en el bono de 10 viajes. <\/p>\n<p>Nuevo abono trimestral<\/p>\n<p>El ministro de Transportes y Movilidad Sostenible, \u00d3scar Puente, tambi\u00e9n ha anunciado el nuevo abono trimestral Pase V\u00eda para los servicios Avant (que aplica m\u00e1s descuentos a medida que se viaja m\u00e1s); o el sistema Cronos para cercan\u00edas, con descuentos del 40% a partir del quinto viaje pagando con la tarjeta bancaria en el torno.<\/p>\n<p>El \u00abPase V\u00eda\u00bb permitir\u00e1 no tener que realizar el desembolso con antelaci\u00f3n, sino que el usuario paga cada billete que adquiere y cuanto mayor sea su n\u00famero, mayor descuento tendr\u00e1. Los descuentos ir\u00e1n desde el 45% al 72%, con lo que se evita la p\u00e9rdida de viajes y se paga de acuerdo con los efectivamente realizados. <\/p>\n<p>En servicios de media distancia de la red de ancho m\u00e9trico aumentan los descuentos de ida y vuelta del 7% al 20%, igual\u00e1ndolos al resto de la red convencional.<\/p>\n","protected":false},"excerpt":{"rendered":"El Gobierno ha aprobado este martes la pr\u00f3rroga de las ayudas para el transporte p\u00fablico para todo 2026,&hellip;\n","protected":false},"author":2,"featured_media":303780,"comment_status":"","ping_status":"","sticky":false,"template":"","format":"standard","meta":{"footnotes":""},"categories":[5],"tags":[17,18,25,24,13,14,11,19,20,9,10,15,16,23,12,21,22],"class_list":{"0":"post-303779","1":"post","2":"type-post","3":"status-publish","4":"format-standard","5":"has-post-thumbnail","7":"category-titulares","8":"tag-breaking-news","9":"tag-breakingnews","10":"tag-es","11":"tag-espana","12":"tag-featured-news","13":"tag-featurednews","14":"tag-headlines","15":"tag-latest-news","16":"tag-latestnews","17":"tag-news","18":"tag-noticias","19":"tag-noticias-destacadas","20":"tag-noticiasdestacadas","21":"tag-spain","22":"tag-titulares","23":"tag-ultimas-noticias","24":"tag-ultimasnoticias"},"share_on_mastodon":{"url":"https:\/\/pubeurope.com\/@es\/115770561041664298","error":""},"_links":{"self":[{"href":"https:\/\/www.europesays.com\/es\/wp-json\/wp\/v2\/posts\/303779","targetHints":{"allow":["GET"]}}],"collection":[{"href":"https:\/\/www.europesays.com\/es\/wp-json\/wp\/v2\/posts"}],"about":[{"href":"https:\/\/www.europesays.com\/es\/wp-json\/wp\/v2\/types\/post"}],"author":[{"embeddable":true,"href":"https:\/\/www.europesays.com\/es\/wp-json\/wp\/v2\/users\/2"}],"replies":[{"embeddable":true,"href":"https:\/\/www.europesays.com\/es\/wp-json\/wp\/v2\/comments?post=303779"}],"version-history":[{"count":0,"href":"https:\/\/www.europesays.com\/es\/wp-json\/wp\/v2\/posts\/303779\/revisions"}],"wp:featuredmedia":[{"embeddable":true,"href":"https:\/\/www.europesays.com\/es\/wp-json\/wp\/v2\/media\/303780"}],"wp:attachment":[{"href":"https:\/\/www.europesays.com\/es\/wp-json\/wp\/v2\/media?parent=303779"}],"wp:term":[{"taxonomy":"category","embeddable":true,"href":"https:\/\/www.europesays.com\/es\/wp-json\/wp\/v2\/categories?post=303779"},{"taxonomy":"post_tag","embeddable":true,"href":"https:\/\/www.europesays.com\/es\/wp-json\/wp\/v2\/tags?post=303779"}],"curies":[{"name":"wp","href":"https:\/\/api.w.org\/{rel}","templated":true}]}}