{"id":303787,"date":"2025-12-23T19:44:10","date_gmt":"2025-12-23T19:44:10","guid":{"rendered":"https:\/\/www.europesays.com\/es\/303787\/"},"modified":"2025-12-23T19:44:10","modified_gmt":"2025-12-23T19:44:10","slug":"asi-es-ahora-silvia-fominaya-50-anos-mitica-colaboradora-de-cronicas-marcianas","status":"publish","type":"post","link":"https:\/\/www.europesays.com\/es\/303787\/","title":{"rendered":"As\u00ed es ahora Silvia Fominaya (50 a\u00f1os), m\u00edtica colaboradora de &#8216;Cr\u00f3nicas marcianas&#8217;"},"content":{"rendered":"<p>                    <img loading=\"lazy\" decoding=\"async\" src=\"https:\/\/www.mundodeportivo.com\/files\/image_449_465\/files\/fp\/uploads\/2023\/09\/22\/650df7698d099.r_d.482-300-4526.jpeg\" data-full-src=\"https:\/\/www.europesays.com\/es\/wp-content\/uploads\/2025\/12\/650df7698d099.jpeg\" class=\"nolazy\" width=\"449\" height=\"465\"\/><\/p>\n<p>Fue un rostro habitual de series y programas en Telecinco\n<\/p>\n<p data-gtm-element-container=\"modulo-texto-link\" class=\"paragraph\"><strong>Silvia Fominaya <\/strong>se convirti\u00f3 en un rostro habitual de la televisi\u00f3n, iniciando su carrera como actriz en series como &#8216;Al salir de clase&#8217; o &#8216;El Comisario&#8217;, y en programas como <strong>&#8216;Waku Waku&#8217; o el &#8216;Telecup\u00f3n&#8217;.<\/strong> Una vez m\u00e1s conocida, particip\u00f3 en &#8216;La isla de los famosos&#8217; y se convirti\u00f3 en colaboradora habitual del m\u00edtico &#8216;<strong>Cr\u00f3nicas marcianas&#8217;.<\/strong><\/p>\n<p>    Lee tambi\u00e9n<\/p>\n<p data-gtm-element-container=\"modulo-texto-link\" class=\"paragraph\">Silvia lleva a\u00f1os desvinculada de los programas de televisi\u00f3n, m\u00e1s all\u00e1 de alguna aparici\u00f3n espor\u00e1dica. En redes sociales<strong>, Fominaya s\u00ed muestra algunos momentos de su d\u00eda a d\u00eda<\/strong> y eventos en los que participa, como el encendido de las luces de Navidad en Vigo.<\/p>\n<p>\n        Mostrar comentarios\n    <\/p>\n<p>{\u00aballowComment\u00bb:\u00bballowed\u00bb,\u00bbarticleId\u00bb:\u00bbarticle-1002591562&#8243;,\u00bburl\u00bb:\u00bbhttps:\\\/\\\/www.mundodeportivo.com\\\/elotromundo\\\/television\\\/20251223\\\/1002591562\\\/asi-silvia-fominaya-50-anos-mitica-colaboradora-cronicas-marcianas-galeria-dct.html\u00bb,\u00bblivefyre-url\u00bb:\u00bbarticle-1002591562&#8243;}<\/p>\n<p>Cargando siguiente contenido&#8230;\n                <\/p>\n","protected":false},"excerpt":{"rendered":"Fue un rostro habitual de series y programas en Telecinco Silvia Fominaya se convirti\u00f3 en un rostro habitual&hellip;\n","protected":false},"author":2,"featured_media":303788,"comment_status":"","ping_status":"","sticky":false,"template":"","format":"standard","meta":{"footnotes":""},"categories":[174],"tags":[255,146,147,25,24,256,23],"class_list":{"0":"post-303787","1":"post","2":"type-post","3":"status-publish","4":"format-standard","5":"has-post-thumbnail","7":"category-famosos","8":"tag-celebrities","9":"tag-entertainment","10":"tag-entretenimiento","11":"tag-es","12":"tag-espana","13":"tag-famosos","14":"tag-spain"},"share_on_mastodon":{"url":"https:\/\/pubeurope.com\/@es\/115770599986540852","error":""},"_links":{"self":[{"href":"https:\/\/www.europesays.com\/es\/wp-json\/wp\/v2\/posts\/303787","targetHints":{"allow":["GET"]}}],"collection":[{"href":"https:\/\/www.europesays.com\/es\/wp-json\/wp\/v2\/posts"}],"about":[{"href":"https:\/\/www.europesays.com\/es\/wp-json\/wp\/v2\/types\/post"}],"author":[{"embeddable":true,"href":"https:\/\/www.europesays.com\/es\/wp-json\/wp\/v2\/users\/2"}],"replies":[{"embeddable":true,"href":"https:\/\/www.europesays.com\/es\/wp-json\/wp\/v2\/comments?post=303787"}],"version-history":[{"count":0,"href":"https:\/\/www.europesays.com\/es\/wp-json\/wp\/v2\/posts\/303787\/revisions"}],"wp:featuredmedia":[{"embeddable":true,"href":"https:\/\/www.europesays.com\/es\/wp-json\/wp\/v2\/media\/303788"}],"wp:attachment":[{"href":"https:\/\/www.europesays.com\/es\/wp-json\/wp\/v2\/media?parent=303787"}],"wp:term":[{"taxonomy":"category","embeddable":true,"href":"https:\/\/www.europesays.com\/es\/wp-json\/wp\/v2\/categories?post=303787"},{"taxonomy":"post_tag","embeddable":true,"href":"https:\/\/www.europesays.com\/es\/wp-json\/wp\/v2\/tags?post=303787"}],"curies":[{"name":"wp","href":"https:\/\/api.w.org\/{rel}","templated":true}]}}