{"id":303812,"date":"2025-12-23T20:04:13","date_gmt":"2025-12-23T20:04:13","guid":{"rendered":"https:\/\/www.europesays.com\/es\/303812\/"},"modified":"2025-12-23T20:04:13","modified_gmt":"2025-12-23T20:04:13","slug":"anna-kournikova-la-campeona-que-cambio-la-fama-por-una-vida-tranquila-junto-a-enrique-iglesias","status":"publish","type":"post","link":"https:\/\/www.europesays.com\/es\/303812\/","title":{"rendered":"Anna Kournikova: la campeona que cambi\u00f3 la fama por una vida tranquila junto a Enrique Iglesias"},"content":{"rendered":"<p><img alt=\"La pareja mantiene un perfil\" class=\"global-image\" decoding=\"async\" fetchpriority=\"high\" height=\"1080\" loading=\"eager\" src=\"https:\/\/www.europesays.com\/es\/wp-content\/uploads\/2025\/12\/UP7EY7ZGKFFKJAZCINPQ6RFGSU.jpg\" width=\"1920\"\/>La pareja mantiene un perfil extremadamente bajo y nunca ha confirmado p\u00fablicamente su estado civil (File Photo\/REUTERS)<\/p>\n<p class=\"paragraph\">Aunque <a rel=\"noopener noreferrer nofollow\" href=\"https:\/\/www.infobae.com\/entretenimiento\/2025\/12\/23\/enrique-iglesias-y-anna-kournikova-dan-la-bienvenida-a-su-cuarto-hijo\/\" target=\"_blank\" title=\"https:\/\/www.infobae.com\/entretenimiento\/2025\/12\/23\/enrique-iglesias-y-anna-kournikova-dan-la-bienvenida-a-su-cuarto-hijo\/\">Anna Kournikova<\/a> fue una de las figuras m\u00e1s fotografiadas del deporte mundial en la d\u00e9cada de los 90, ahora es extremadamente inusual verla en p\u00fablico. <\/p>\n<p class=\"paragraph\">La extenista rusa, que alcanz\u00f3 el top 10 del ranking mundial y fue n\u00famero uno en dobles, ha optado por una vida profundamente privada desde que se retir\u00f3 profesionalmente a los 21 a\u00f1os por lesiones cr\u00f3nicas. <\/p>\n<p class=\"paragraph\">Esta semana, la atenci\u00f3n volvi\u00f3 a posarse sobre la familia que ha formado con el cantante <b>Enrique Iglesias<\/b>: acaban de dar la bienvenida a su cuarto hijo. <\/p>\n<p class=\"paragraph\">Durante su apogeo, Anna Kournikova destacaba en las competencias internacionales. A finales de los 90, lleg\u00f3 a ser una <b>de las atletas femeninas mejor pagadas del mundo<\/b> y, junto a Martina Hingis, conquist\u00f3 dos t\u00edtulos de dobles en el <b>Abierto de Australia<\/b>, adem\u00e1s de alcanzar el n\u00famero 1 en el ranking de dobles en 1999.<\/p>\n<p class=\"paragraph\">Tambi\u00e9n alcanz\u00f3 las semifinales de Wimbledon en individuales en 1997 y fue una semifinalista habitual en torneos de Grand Slam, tanto en dobles como en mixtos.<\/p>\n<p><img alt=\"En los a\u00f1os 90, Anna\" class=\"global-image\" decoding=\"async\" fetchpriority=\"low\" height=\"1920\" loading=\"lazy\" src=\"https:\/\/www.europesays.com\/es\/wp-content\/uploads\/2025\/12\/K3Q5GZV4OZGRHMC5GTQE66SB6M.jpg\" width=\"1280\"\/>En los a\u00f1os 90, Anna Kournikova fue una de las deportistas m\u00e1s fotografiadas y mejor pagadas del mundo (2002 Shutterstock \/The Grosby Group)<\/p>\n<p class=\"paragraph\">Sin embargo, a pesar de su \u00e9xito deportivo, la percepci\u00f3n p\u00fablica de Kournikova en los medios no era tan agradable. Circulaban comentarios despectivos por su apariencia, incluyendo etiquetas reduccionistas de medios deportivos de la \u00e9poca. <\/p>\n<p class=\"paragraph\">Aun as\u00ed, figuras del tenis como <b>Svetlana Kuznetsova<\/b> han destacado que la influencia de Kournikova en el auge del tenis femenino ruso no puede subestimarse, se\u00f1alando que su \u00e9xito ayud\u00f3 a allanar el camino para generaciones posteriores de jugadoras.<\/p>\n<p class=\"paragraph\">La carrera de Kournikova termin\u00f3 abruptamente y de forma temprana en 2003, cuando apenas ten\u00eda 21 a\u00f1os, debido a <b>lesiones cr\u00f3nicas de espalda y columna que no ced\u00edan pese al tratamiento y la fisioterapia intensiva<\/b>. <\/p>\n<p class=\"paragraph\">En esa \u00e9poca, tambi\u00e9n comenzar\u00eda su vida lejos de los reflectores. <\/p>\n<p class=\"paragraph\">Dicha decisi\u00f3n se hizo m\u00e1s rigurosa despu\u00e9s de 2005, en respuesta a un episodio traum\u00e1tico. La atleta fue v\u00edctima de acoso cuando un hombre identificado como William Lepeska nad\u00f3 desnudo a trav\u00e9s de la bah\u00eda de Biscayne con la intenci\u00f3n de llegar a su casa, convencido de que ella lo rescatar\u00eda de ahogarse.<\/p>\n<p><img alt=\"La extenista fue clave en\" class=\"global-image\" decoding=\"async\" fetchpriority=\"low\" height=\"1920\" loading=\"lazy\" src=\"https:\/\/www.europesays.com\/es\/wp-content\/uploads\/2025\/12\/GD44K3WAWNHIFE6PVHMPCZFSKI.jpg\" width=\"1411\"\/>La extenista fue clave en la popularizaci\u00f3n del tenis femenino ruso a finales de los a\u00f1os 90 (Photo \u00a9 2002 Shutterstock \/The Grosby Group)<\/p>\n<p class=\"paragraph\">El individio lleg\u00f3 a la vivienda equivocada, pero alert\u00f3 a Kournikova del riesgo de su estatus de celebridad. Tras el episodio, un tribunal emiti\u00f3 una orden de restricci\u00f3n permanente que obligaba al acosador a mantenerse al menos a 300 metros de distancia.<\/p>\n<p class=\"paragraph\">La vida personal de Kournikova ha estado en el centro de la atenci\u00f3n medi\u00e1tica desde que comenz\u00f3 su relaci\u00f3n con el cantante espa\u00f1ol <b>Enrique Iglesias<\/b> en 2001. <\/p>\n<p class=\"paragraph\">La pareja se conoci\u00f3 durante la filmaci\u00f3n del video musical de <b>\u201cEscape\u201d<\/b>, uno de los \u00e9xitos m\u00e1s emblem\u00e1ticos de Iglesias.<\/p>\n<p><img alt=\"Enrique Iglesias y Anna Kournikova\" class=\"global-image\" decoding=\"async\" fetchpriority=\"low\" height=\"738\" loading=\"lazy\" src=\"https:\/\/www.europesays.com\/es\/wp-content\/uploads\/2025\/12\/LKNERGWGLBDRVGM7HZJ3XB5IQA.jpg\" width=\"741\"\/>Enrique Iglesias y Anna Kournikova junto a sus hijos en una imagen de sus redes sociales. (Instagram @enriqueiglesias)<\/p>\n<p class=\"paragraph\">Pese a m\u00e1s de dos d\u00e9cadas juntos, la pareja <b>nunca ha confirmado formalmente su estado civil<\/b>, generando especulaciones y ambig\u00fcedad en los medios. Iglesias ha respondido con cierta iron\u00eda a preguntas sobre el matrimonio, afirmando en ocasiones que \u201cno se han casado en p\u00fablico, pero eso no significa que no lo est\u00e9n\u201d.<\/p>\n<p class=\"paragraph\">Hoy, Kournikova e Iglesias viven en una <b>mansi\u00f3n en Miami<\/b> que est\u00e1 protegida por <b>un muro de 16 pies de altura<\/b>, una medida que simboliza claramente la barrera que la pareja ha querido establecer entre su familia y el ojo p\u00fablico.<\/p>\n<p class=\"paragraph\">Junto a ellos crecen sus hijos: los <b>gemelos Lucy y Nicholas (7 a\u00f1os)<\/b>, <b>Mary (5 a\u00f1os) y ahora su beb\u00e9 reci\u00e9n nacido. <\/b><\/p>\n<p><img alt=\"Fotograf\u00eda con la que Enrique\" class=\"global-image\" decoding=\"async\" fetchpriority=\"low\" height=\"917\" loading=\"lazy\" src=\"https:\/\/www.europesays.com\/es\/wp-content\/uploads\/2025\/12\/ZNQNHNRURVAO3BML524BQDBXRE.jpg\" width=\"1310\"\/>Fotograf\u00eda con la que Enrique Iglesias y Anna Kournikova han presentado a su cuarto hijo. (Instagram @enriqueiglesias)<\/p>\n<p class=\"paragraph\">Kournikova hab\u00eda generado preocupaci\u00f3n a inicios de 2025, cuando fue fotografiada saliendo de un centro comercial en Miami en <a rel=\"noopener noreferrer nofollow\" href=\"https:\/\/www.infobae.com\/deportes\/2025\/01\/29\/la-ex-tenista-anna-kournikova-fue-fotografiada-a-dos-anos-de-su-ultima-aparicion-publica-en-silla-de-ruedas-y-con-una-bota-ortopedica\/\" target=\"_blank\" title=\"https:\/\/www.infobae.com\/deportes\/2025\/01\/29\/la-ex-tenista-anna-kournikova-fue-fotografiada-a-dos-anos-de-su-ultima-aparicion-publica-en-silla-de-ruedas-y-con-una-bota-ortopedica\/\">una silla de ruedas y con una bota ortop\u00e9dica<\/a>, acompa\u00f1ada por sus hijas y amigos. Las im\u00e1genes se viralizaron, generando preocupaci\u00f3n entre sus seguidores sobre su estado de salud. Era la primera vez que se la ve\u00eda en p\u00fablico en dos a\u00f1os. <\/p>\n<p class=\"paragraph\">Su suegra, <b>Isabel Preysler<\/b>, aclar\u00f3 que se trataba de un <b>esguince menor en el pie<\/b>, atribuido al dolor residual de su carrera como atleta, y no a una dolencia grave. Felizmente, la extenista se recuper\u00f3 y en octubre comparti\u00f3 c\u00f3mo hab\u00eda sido su celebraci\u00f3n de Halloween junto a sus peque\u00f1os. <\/p>\n","protected":false},"excerpt":{"rendered":"La pareja mantiene un perfil extremadamente bajo y nunca ha confirmado p\u00fablicamente su estado civil (File Photo\/REUTERS) Aunque&hellip;\n","protected":false},"author":2,"featured_media":303813,"comment_status":"","ping_status":"","sticky":false,"template":"","format":"standard","meta":{"footnotes":""},"categories":[274],"tags":[29466,168,25,24,23,167,327,326],"class_list":{"0":"post-303812","1":"post","2":"type-post","3":"status-publish","4":"format-standard","5":"has-post-thumbnail","7":"category-tenis","8":"tag-anna-kournikova","9":"tag-deportes","10":"tag-es","11":"tag-espana","12":"tag-spain","13":"tag-sports","14":"tag-tenis","15":"tag-tennis"},"share_on_mastodon":{"url":"https:\/\/pubeurope.com\/@es\/115770679225323349","error":""},"_links":{"self":[{"href":"https:\/\/www.europesays.com\/es\/wp-json\/wp\/v2\/posts\/303812","targetHints":{"allow":["GET"]}}],"collection":[{"href":"https:\/\/www.europesays.com\/es\/wp-json\/wp\/v2\/posts"}],"about":[{"href":"https:\/\/www.europesays.com\/es\/wp-json\/wp\/v2\/types\/post"}],"author":[{"embeddable":true,"href":"https:\/\/www.europesays.com\/es\/wp-json\/wp\/v2\/users\/2"}],"replies":[{"embeddable":true,"href":"https:\/\/www.europesays.com\/es\/wp-json\/wp\/v2\/comments?post=303812"}],"version-history":[{"count":0,"href":"https:\/\/www.europesays.com\/es\/wp-json\/wp\/v2\/posts\/303812\/revisions"}],"wp:featuredmedia":[{"embeddable":true,"href":"https:\/\/www.europesays.com\/es\/wp-json\/wp\/v2\/media\/303813"}],"wp:attachment":[{"href":"https:\/\/www.europesays.com\/es\/wp-json\/wp\/v2\/media?parent=303812"}],"wp:term":[{"taxonomy":"category","embeddable":true,"href":"https:\/\/www.europesays.com\/es\/wp-json\/wp\/v2\/categories?post=303812"},{"taxonomy":"post_tag","embeddable":true,"href":"https:\/\/www.europesays.com\/es\/wp-json\/wp\/v2\/tags?post=303812"}],"curies":[{"name":"wp","href":"https:\/\/api.w.org\/{rel}","templated":true}]}}