{"id":303820,"date":"2025-12-23T20:09:10","date_gmt":"2025-12-23T20:09:10","guid":{"rendered":"https:\/\/www.europesays.com\/es\/303820\/"},"modified":"2025-12-23T20:09:10","modified_gmt":"2025-12-23T20:09:10","slug":"alejandro-sanz-responde-a-candela-marquez-tras-su-ruptura-no-soy-una-perla","status":"publish","type":"post","link":"https:\/\/www.europesays.com\/es\/303820\/","title":{"rendered":"Alejandro Sanz responde a Candela M\u00e1rquez tras su ruptura: \u201cNo soy una perla\u201d"},"content":{"rendered":"<p class=\"\">Fue una monta\u00f1a rusa de algo m\u00e1s de un a\u00f1o en la que \u00fanicamente llegaron a repetir juntos el oto\u00f1o:<b> Alejandro Sanz y Candela M\u00e1rquez<\/b> han tomado caminos separados tras un romance que sali\u00f3 a la luz en octubre de 2024 y que, entre idas y venidas, se ha extendido hasta diciembre de 2025. Seg\u00fan ha adelantado <a href=\"https:\/\/www.hola.com\/actualidad\/20251222874295\/alejandro-sanz-y-candela-marquez-han-roto\/\" target=\"_blank\" rel=\"noreferrer nofollow noopener\" title=\"https:\/\/www.hola.com\/actualidad\/20251222874295\/alejandro-sanz-y-candela-marquez-han-roto\/\">Hola<\/a>, <b>\u201cest\u00e1n locos el uno por el otro, pero son dos caracteres muy pasionales\u201d<\/b>, de manera que, en este punto, y sin la interferencia de terceras personas,<b> \u201cse han dicho adi\u00f3s\u201d.<\/b><\/p>\n<p class=\"\">Tras salir a la luz esta noticia, la int\u00e9rprete, que ha viajado a <b>Valencia <\/b>para <b>pasar el per\u00edodo navide\u00f1o con su familia<\/b>, emiti\u00f3 un largo mensaje a trav\u00e9s de un directo de Instagram en el que <b>insinu\u00f3 que alg\u00fan d\u00eda escribir\u00eda un libro<\/b> sobre su romance con el cantante; comparti\u00f3 una estampa de <b>ciervos con grandes cornamentas<\/b> y, para m\u00e1s inri, public\u00f3 un fragmento de <b>La Perla<\/b>, canci\u00f3n del nuevo disco de <b>Rosal\u00eda <\/b>que la catalana, precisamente, dedica a su expareja, <b>Rauw Alejandro<\/b>, cuya ruptura estuvo marcada por fuertes rumores de infidelidad.<\/p>\n<p class=\"\">Si bien es cierto que la mentada revista fue tajante en la ausencia de terceras personas \u2014y, por tanto, de infidelidades\u2014<b> las pistas que ha dejado caer la actriz apuntan en otra direcci\u00f3n<\/b>. Fueron tantas y tan claras que el propio cantante ha roto su silencio a trav\u00e9s de redes sociales para contestar a dicha indirecta. <b>\u201cYo no soy una perla, soy un oc\u00e9ano\u201d<\/b>, ha dejado por escrito el cantante en torno a las dos de la ma\u00f1ana de este martes. <b>Poco despu\u00e9s ha borrado la publicaci\u00f3n.<\/b><\/p>\n<p>Los supuestos celos de ella, la \u2018escapada\u2019 de \u00e9l<\/p>\n<p class=\"\">La confusi\u00f3n que rodea esta ruptura ha sido motivo de debate en <b>El tiempo justo<\/b> durante la presente jornada. En el plat\u00f3 del formato de Telecinco ha revelado <b>Leticia Requejo<\/b> que la relaci\u00f3n <b>\u201cestaba marcada por los celos de Candela\u201d<\/b>, que estaban centrados, especialmente, en <b>\u201cuna amiga que siempre ha tenido entre ceja y ceja\u201d.<\/b><\/p>\n<p class=\"\">Seg\u00fan detalla la colaboradora del programa, dicha inquietud lleg\u00f3 a tales dimensiones que, incluso, la actriz<b> \u201cllam\u00f3 a periodistas para preguntar por ella\u201d.<\/b> No queda ah\u00ed: Requejo ha desvelado que el cantante hizo<b> \u201cuna escapada\u201d sin su pareja<\/b>, a quien le dijo que se hab\u00eda ido solo; m\u00e1s tarde, M\u00e1rquez descubri\u00f3 a trav\u00e9s de redes que, en realidad, <b>\u201cestaba con esa amiga especial\u201d. <\/b>Debi\u00f3 ser una monta\u00f1a rusa.<\/p>\n<p>Noticias relacionadas<a href=\"https:\/\/as.com\/tikitakas\/television\/el-cambio-fisico-de-adriana-dorronsoro-tras-perder-20-kilos-no-quiero-dar-ejemplo-de-nada-f202512-n\/\" class=\"s_m_w\" title=\"La televisiva ha compartido una reflexi\u00f3n donde se refiere a su proceso de cambio en un a\u00f1o.\" data-tb-link=\"\" rel=\"nofollow noopener\" target=\"_blank\"><img decoding=\"async\" src=\"https:\/\/www.europesays.com\/es\/wp-content\/uploads\/2025\/12\/YT4EPXBRVRCBDCXM3TQPWZOCY4.png\" alt=\"El cambio f\u00edsico de Adriana Dorronsoro tras perder 20 kilos: \u201cNo quiero dar ejemplo de nada\u201d\" class=\"\" height=\"9\" width=\"16\"   loading=\"lazy\" data-tb-thumbnail=\"\"\/><\/a><a href=\"https:\/\/as.com\/tikitakas\/famosos\/muere-la-influencer-malina-maria-guler-a-los-27-anos-f202512-n\/\" class=\"s_m_w\" title=\"La noticia ha sido confirmada por el FC Bihor Oradea, el club en el que trabaj\u00f3 como reportera.\" data-tb-link=\"\" rel=\"nofollow noopener\" target=\"_blank\"><img decoding=\"async\" src=\"https:\/\/www.europesays.com\/es\/wp-content\/uploads\/2025\/12\/T5X53DSMCJAYBFVGNJG7LMDOCI.png\" alt=\"Muere la influencer Malina Maria Guler a los 27 a\u00f1os\" class=\"\" height=\"9\" width=\"16\"   loading=\"lazy\" data-tb-thumbnail=\"\"\/><\/a><\/p>\n<p class=\"\"><b>\u00a1Tus opiniones importan!<\/b><\/p>\n<p class=\"\">Comenta en los art\u00edculos y suscr\u00edbete gratis a nuestra <a href=\"https:\/\/asfan.as.com\/newsletters\/\" target=\"_blank\" rel=\"nofollow noopener\" title=\"https:\/\/asfan.as.com\/newsletters\/\">newsletter<\/a> y a las alertas informativas en la <a href=\"https:\/\/as.com\/aplicacion-de-as-n\/\" target=\"_blank\" rel=\"nofollow noopener\" title=\"https:\/\/as.com\/aplicacion-de-as-n\/\">App<\/a> o el canal de <a href=\"https:\/\/www.whatsapp.com\/channel\/0029VaAasdA7j6g745nz9M10\" target=\"_blank\" rel=\"nofollow noopener\" title=\"https:\/\/www.whatsapp.com\/channel\/0029VaAasdA7j6g745nz9M10\">WhatsApp<\/a>. \u00bfBuscas licenciar contenido? Haz clic <a href=\"https:\/\/profesional.elpais.com\/soluciones-sindicacion?utm_medium=interno&amp;utm_source=crosslinking&amp;utm_campaign=sindicacion_as_pie_articulos\" target=\"_blank\" rel=\"nofollow noopener\" title=\"https:\/\/profesional.elpais.com\/soluciones-sindicacion?utm_medium=interno&amp;utm_source=crosslinking&amp;utm_campaign=sindicacion_as_pie_articulos\">aqu\u00ed<\/a><\/p>\n","protected":false},"excerpt":{"rendered":"Fue una monta\u00f1a rusa de algo m\u00e1s de un a\u00f1o en la que \u00fanicamente llegaron a repetir juntos&hellip;\n","protected":false},"author":2,"featured_media":303821,"comment_status":"","ping_status":"","sticky":false,"template":"","format":"standard","meta":{"footnotes":""},"categories":[174],"tags":[255,146,147,25,24,256,23],"class_list":{"0":"post-303820","1":"post","2":"type-post","3":"status-publish","4":"format-standard","5":"has-post-thumbnail","7":"category-famosos","8":"tag-celebrities","9":"tag-entertainment","10":"tag-entretenimiento","11":"tag-es","12":"tag-espana","13":"tag-famosos","14":"tag-spain"},"share_on_mastodon":{"url":"https:\/\/pubeurope.com\/@es\/115770698998168092","error":""},"_links":{"self":[{"href":"https:\/\/www.europesays.com\/es\/wp-json\/wp\/v2\/posts\/303820","targetHints":{"allow":["GET"]}}],"collection":[{"href":"https:\/\/www.europesays.com\/es\/wp-json\/wp\/v2\/posts"}],"about":[{"href":"https:\/\/www.europesays.com\/es\/wp-json\/wp\/v2\/types\/post"}],"author":[{"embeddable":true,"href":"https:\/\/www.europesays.com\/es\/wp-json\/wp\/v2\/users\/2"}],"replies":[{"embeddable":true,"href":"https:\/\/www.europesays.com\/es\/wp-json\/wp\/v2\/comments?post=303820"}],"version-history":[{"count":0,"href":"https:\/\/www.europesays.com\/es\/wp-json\/wp\/v2\/posts\/303820\/revisions"}],"wp:featuredmedia":[{"embeddable":true,"href":"https:\/\/www.europesays.com\/es\/wp-json\/wp\/v2\/media\/303821"}],"wp:attachment":[{"href":"https:\/\/www.europesays.com\/es\/wp-json\/wp\/v2\/media?parent=303820"}],"wp:term":[{"taxonomy":"category","embeddable":true,"href":"https:\/\/www.europesays.com\/es\/wp-json\/wp\/v2\/categories?post=303820"},{"taxonomy":"post_tag","embeddable":true,"href":"https:\/\/www.europesays.com\/es\/wp-json\/wp\/v2\/tags?post=303820"}],"curies":[{"name":"wp","href":"https:\/\/api.w.org\/{rel}","templated":true}]}}