{"id":303826,"date":"2025-12-23T20:13:19","date_gmt":"2025-12-23T20:13:19","guid":{"rendered":"https:\/\/www.europesays.com\/es\/303826\/"},"modified":"2025-12-23T20:13:19","modified_gmt":"2025-12-23T20:13:19","slug":"empezabas-a-tener-dinero-con-22-23-anos-y-eso-tampoco-te-hace-muy-bien-sinceramente","status":"publish","type":"post","link":"https:\/\/www.europesays.com\/es\/303826\/","title":{"rendered":"Empezabas a tener dinero con 22, 23 a\u00f1os y eso tampoco te hace muy bien, sinceramente"},"content":{"rendered":"<p data-journey-content=\"true\" data-node-id=\"0\" class=\"body-dropcap css-1vn2egp emevuu60\">Era 2009 cuando naci\u00f3 <strong data-node-id=\"0.1\">Auryn<\/strong>, la que se convertir\u00eda en la <a href=\"https:\/\/www.harpersbazaar.com\/es\/famosas\/el-estilo-de\/a60587060\/disco-ibiza-locomia-pelicula-protagonistas-entrevista\/\" target=\"_blank\" data-vars-ga-outbound-link=\"https:\/\/www.harpersbazaar.com\/es\/famosas\/el-estilo-de\/a60587060\/disco-ibiza-locomia-pelicula-protagonistas-entrevista\/\" data-vars-ga-ux-element=\"Hyperlink\" data-vars-ga-call-to-action=\"boyband\" data-node-id=\"0.3.0\" class=\"body-link css-156jt4g emevuu60\" rel=\"nofollow noopener\">boyband<\/a> espa\u00f1ola m\u00e1s influyentes gracias a canciones como Who&#8217;s loving you?, Heartbreaker, Make my day o Saturday I&#8217;m in love. Seis a\u00f1os despu\u00e9s, con cuatro discos en el mercado y tras haber recorrido todo el pa\u00eds en intensas giras, sus integrantes decidieron emprender caminos separados para as\u00ed poder probar suerte cada uno de ellos en solitario. Desde entonces, Blas Cant\u00f3, \u00c1lvaro Gango, Carlos Marcos y David Lafuente han logrado mantenerse en la m\u00fasica, aunque si ha habido uno de los miembros que ha logrado consolidar su carrera ese ha sido <strong data-node-id=\"0.9\">Dani Fern\u00e1ndez<\/strong>. <\/p>\n<p data-journey-content=\"true\" data-node-id=\"1\" class=\"css-6wxqfj emevuu60\">A sus 33 a\u00f1os, <strong data-node-id=\"1.1\">el autor de temas como Me has invitado a bailar<\/strong> se ha convertido en un habitual de las listas de \u00e9xitos, es todo un maestro en el arte de llenar estadios en sus conciertos, ha logrado crearse un p\u00fablico que abarca a todas las edades y hasta acaba de estrenar un documental sobre su vida. Tal es la fama de <a href=\"https:\/\/www.harpersbazaar.com\/es\/famosas\/el-estilo-de\/a65826822\/patrick-criado-admiracion-javier-bardem-constante-formacion-aprender-referente\/\" target=\"_blank\" data-vars-ga-outbound-link=\"https:\/\/www.harpersbazaar.com\/es\/famosas\/el-estilo-de\/a65826822\/patrick-criado-admiracion-javier-bardem-constante-formacion-aprender-referente\/\" data-vars-ga-ux-element=\"Hyperlink\" data-vars-ga-call-to-action=\"este icono\" data-node-id=\"1.3\" class=\"body-link css-156jt4g emevuu60\" rel=\"nofollow noopener\">este icono<\/a> que el pasado 2 de septiembre su localidad natal, Alc\u00e1zar de San Juan, quiso nombrarle hijo predilecto. \u00abUna de las cosas que siempre he llevado por bandera es ser agradecido con la gente que compartes momentos de tu vida, que no son siempre tan buenos. <strong data-node-id=\"1.5\">Si yo soy lo que soy ahora mismo es por toda la gente que tengo a mi alrededor<\/strong>\u00ab, afirm\u00f3 el manchego en el se\u00f1alado evento.<\/p>\n<p><img draggable=\"true\" alt=\"dani fernandez feat energy &quot;todo cambia&quot; photocall\" title=\"Dani Fernandez Feat Energy &quot;Todo Cambia&quot; - Photocall\" loading=\"lazy\" width=\"2667\" height=\"4000\" decoding=\"async\" data-nimg=\"1\" style=\"color:transparent;width:100%;height:auto;\"   src=\"https:\/\/www.europesays.com\/es\/wp-content\/uploads\/2025\/12\/dani-fernandez-attends-todo-cambia-photocall-at-the-music-news-photo-1756909593.pjpeg\" class=\"css-0 e1g79fud0\"\/><\/p>\n<p>Carlos Alvarez\/\/Getty Images<\/p>\n<p data-journey-content=\"true\" data-node-id=\"3\" class=\"css-6wxqfj emevuu60\">En esos mismos t\u00e9rminos se expres\u00f3 Dani Fern\u00e1ndez hace unas semanas en <a href=\"https:\/\/www.harpersbazaar.com\/es\/famosas\/el-estilo-de\/a65814710\/dani-fernandez-cantante-momento-dificil-musica-tortazo-realidad-banda-termina\/\" target=\"_blank\" data-vars-ga-outbound-link=\"https:\/\/www.harpersbazaar.com\/es\/famosas\/el-estilo-de\/a65814710\/dani-fernandez-cantante-momento-dificil-musica-tortazo-realidad-banda-termina\/\" data-vars-ga-ux-element=\"Hyperlink\" data-vars-ga-call-to-action=\"una entrevista\" data-node-id=\"3.1\" class=\"body-link css-156jt4g emevuu60\" rel=\"nofollow noopener\">una entrevista<\/a> con Harper&#8217;s Bazaar, cuando explic\u00f3 que lo que m\u00e1s le ha ayudado a estar en lo m\u00e1s alto en la actualidad es el haber sabido sobreponerse y aprender de sus equivocaciones del pasado. <\/p>\n<p data-journey-content=\"true\" data-node-id=\"5\" class=\"css-6wxqfj emevuu60\">\u00abEse tortazo que me pegu\u00e9 de realidad cuando mi banda termin\u00f3 es lo que ha hecho que me convierta ahora mismo en lo que soy porque <strong data-node-id=\"5.1\">he podido corregir muchos errores<\/strong>\u00ab, indic\u00f3 el m\u00fasico, quien se siente especialmente orgulloso de poder tomar sus propias decisiones con respecto a su carrera en el presente. \u00abEl hecho de estar en una banda con tantas opiniones hac\u00eda que no pudiera elegir las canciones. Ahora tengo esa posibilidad y por eso, aunque me sienta a veces vulnerable, aunque hable de mi vida, aunque incluso en el escenario me haya llegado a romper, considero que esa es mi personalidad\u00bb, argument\u00f3 el artista a esta cabecera. <\/p>\n<p data-journey-content=\"true\" data-node-id=\"7\" class=\"css-6wxqfj emevuu60\">Dani Fern\u00e1ndez asegur\u00f3 en nuestra revista no almacenar demasiados recuerdos de su etapa como componente de Auryn, aunque reconoci\u00f3 a esta cabecera que el hecho de que le pillara la fama siendo tan joven fue lo que m\u00e1s estragos le caus\u00f3. \u00ab<strong data-node-id=\"7.1\">Empezabas a tener dinero con 22, 23 a\u00f1os y eso tampoco te hace muy bien, sinceramente<\/strong>\u00ab, afirm\u00f3. \u00abSi tuviera a mi yo de 22 a\u00f1os ah\u00ed le dir\u00eda muchas cosas, aunque intente pensar que no para que no cambie nada de lo que tengo ahora mismo\u00bb, termina diciendo el cantante. <\/p>\n<p>Contenidos relacionados<\/p>\n","protected":false},"excerpt":{"rendered":"Era 2009 cuando naci\u00f3 Auryn, la que se convertir\u00eda en la boyband espa\u00f1ola m\u00e1s influyentes gracias a canciones&hellip;\n","protected":false},"author":2,"featured_media":303827,"comment_status":"","ping_status":"","sticky":false,"template":"","format":"standard","meta":{"footnotes":""},"categories":[170],"tags":[253,146,147,25,24,184,185,23],"class_list":{"0":"post-303826","1":"post","2":"type-post","3":"status-publish","4":"format-standard","5":"has-post-thumbnail","7":"category-musica","8":"tag-discover","9":"tag-entertainment","10":"tag-entretenimiento","11":"tag-es","12":"tag-espana","13":"tag-music","14":"tag-musica","15":"tag-spain"},"share_on_mastodon":{"url":"https:\/\/pubeurope.com\/@es\/115770714763241366","error":""},"_links":{"self":[{"href":"https:\/\/www.europesays.com\/es\/wp-json\/wp\/v2\/posts\/303826","targetHints":{"allow":["GET"]}}],"collection":[{"href":"https:\/\/www.europesays.com\/es\/wp-json\/wp\/v2\/posts"}],"about":[{"href":"https:\/\/www.europesays.com\/es\/wp-json\/wp\/v2\/types\/post"}],"author":[{"embeddable":true,"href":"https:\/\/www.europesays.com\/es\/wp-json\/wp\/v2\/users\/2"}],"replies":[{"embeddable":true,"href":"https:\/\/www.europesays.com\/es\/wp-json\/wp\/v2\/comments?post=303826"}],"version-history":[{"count":0,"href":"https:\/\/www.europesays.com\/es\/wp-json\/wp\/v2\/posts\/303826\/revisions"}],"wp:featuredmedia":[{"embeddable":true,"href":"https:\/\/www.europesays.com\/es\/wp-json\/wp\/v2\/media\/303827"}],"wp:attachment":[{"href":"https:\/\/www.europesays.com\/es\/wp-json\/wp\/v2\/media?parent=303826"}],"wp:term":[{"taxonomy":"category","embeddable":true,"href":"https:\/\/www.europesays.com\/es\/wp-json\/wp\/v2\/categories?post=303826"},{"taxonomy":"post_tag","embeddable":true,"href":"https:\/\/www.europesays.com\/es\/wp-json\/wp\/v2\/tags?post=303826"}],"curies":[{"name":"wp","href":"https:\/\/api.w.org\/{rel}","templated":true}]}}