{"id":303838,"date":"2025-12-23T20:21:12","date_gmt":"2025-12-23T20:21:12","guid":{"rendered":"https:\/\/www.europesays.com\/es\/303838\/"},"modified":"2025-12-23T20:21:12","modified_gmt":"2025-12-23T20:21:12","slug":"los-diputados-franceses-aprueban-por-unanimidad-una-ley-para-paliar-la-falta-de-presupuestos","status":"publish","type":"post","link":"https:\/\/www.europesays.com\/es\/303838\/","title":{"rendered":"Los diputados franceses aprueban por unanimidad una ley para paliar la falta de presupuestos"},"content":{"rendered":"\n<p> Los <strong>diputados franceses<\/strong> aprobaron este martes por unanimidad la <strong>ley especial<\/strong> presentada el lunes por el <strong>Gobierno<\/strong> y que permite <strong>la continuidad de los ingresos y gastos del Estado<\/strong> ante la falta de presupuestos para 2026. <\/p>\n<p> Como era esperado, <strong>el proyecto gubernamental sali\u00f3 adelante<\/strong> con un <strong>qu\u00f3rum pocas veces visto<\/strong> en el actual hemiciclo: 496 votos a favor y ninguno en contra. <\/p>\n<p> Para que esta ley especial, que en la pr\u00e1ctica es una <a href=\"https:\/\/www.elconfidencial.com\/espana\/castilla-y-leon\/2024-12-26\/castilla-leon-prorroga-presupuestos-falta-acuerdo_4032547\/\" target=\"_self\" rel=\"nofollow noopener\">pr\u00f3rroga parcial de los presupuestos de 2025<\/a>, entre en vigor, har\u00e1 falta la <strong>validaci\u00f3n del Senado<\/strong>, que se pronunciar\u00e1 esta misma tarde. <\/p>\n<p> Considerado por el <strong>Ejecutivo de S\u00e9bastien Lecornu<\/strong> como una <strong>soluci\u00f3n provisional mientras negocia con la oposici\u00f3n<\/strong> las cuentas de 2026, esta <strong>ley transitoria<\/strong> permite al Estado <strong>recoger impuestos<\/strong>, traspasar fondos a las entidades locales y regionales y <strong>gestionar la deuda p\u00fablica<\/strong>. <\/p>\n<p>              <img decoding=\"async\" class=\"inTextNews__img\" alt=\"Foto: presupuestos-francia-bloqueo-parlamento-1tps\" src=\"https:\/\/www.europesays.com\/es\/wp-content\/uploads\/2025\/12\/f.elconfidencial.com\/original\/ef2\/82a\/57b\/ef282a57b34bd31b93b09a29c543f0d7.jpg\"  \/>     <\/p>\n<p>TE PUEDE INTERESAR<\/p>\n<p>      <a class=\"inTextNews__title\" href=\"https:\/\/www.elconfidencial.com\/mundo\/2025-12-19\/presupuestos-francia-bloqueo-parlamento-1tps_4269913\/\" onclick=\"window.ECCO.emit(&#039;amplitude&#039;, { dataEventName: &#039;click_related_article_module&#039;, data: { related_article_url: &#039;https:\/\/www.elconfidencial.com\/mundo\/2025-12-19\/presupuestos-francia-bloqueo-parlamento-1tps_4269913\/&#039;, related_article_author: &#039;Arantxa Palacios&#039;, related_article_section: &#039;mundo&#039; } })\" rel=\"nofollow noopener\" target=\"_blank\"> Francia no tendr\u00e1 presupuesto antes de fin de a\u00f1o tras el \u00faltimo fracaso de la negociaci\u00f3n <\/a>   <\/p>\n<p>    EFE   <\/p>\n<p> Seg\u00fan las cuentas del Gobierno, la <a href=\"https:\/\/www.elconfidencial.com\/mundo\/2025-12-19\/presupuestos-francia-bloqueo-parlamento-1tps_4269913\/\" target=\"_self\" rel=\"nofollow noopener\">prolongaci\u00f3n de los presupuestos<\/a> es la soluci\u00f3n menos mala, pues tendr\u00e1 un <strong>coste m\u00ednimo de 12.000 millones de euros<\/strong>, que puede agravarse si la pr\u00f3rroga se alarga. <\/p>\n<p> Por ello, <strong>el principal desaf\u00edo de Lecornu ser\u00e1 en enero<\/strong>, cuando tenga que negociar de nuevo con los grupos pol\u00edticos de <a href=\"https:\/\/blogs.elconfidencial.com\/mercados\/tribuna-mercados\/2025-09-17\/francia-tactica-avestruz_4206168\/\" target=\"_self\" rel=\"nofollow noopener\">la Asamblea Nacional m\u00e1s fragmentada<\/a> que se recuerda. <\/p>\n<p>              <img decoding=\"async\" class=\"inTextNews__img\" alt=\"Foto: senado-lleva-gobierno-tc-plazo-aprobar-presupuestos\" src=\"https:\/\/www.europesays.com\/es\/wp-content\/uploads\/2025\/12\/f.elconfidencial.com\/original\/b6e\/a1a\/7b4\/b6ea1a7b4192ad088af6d87d855b2b49.jpg\"  \/>     <\/p>\n<p>TE PUEDE INTERESAR<\/p>\n<p>      <a class=\"inTextNews__title\" href=\"https:\/\/www.elconfidencial.com\/espana\/2025-12-23\/senado-lleva-gobierno-tc-plazo-aprobar-presupuestos_4273671\/\" onclick=\"window.ECCO.emit(&#039;amplitude&#039;, { dataEventName: &#039;click_related_article_module&#039;, data: { related_article_url: &#039;https:\/\/www.elconfidencial.com\/espana\/2025-12-23\/senado-lleva-gobierno-tc-plazo-aprobar-presupuestos_4273671\/&#039;, related_article_author: &#039;Juan Fern\u00e1ndez-Miranda&#039;, related_article_section: &#039;espana&#039; } })\" rel=\"nofollow noopener\" target=\"_blank\"> El Senado lleva al Gobierno al TC y le pide que fije un plazo para aprobar los Presupuestos  <\/a>   <\/p>\n<p>    Juan Fern\u00e1ndez-Miranda   <\/p>\n<p> El presidente de Francia, <strong>Emmanuel Macron<\/strong>, ha urgido a su primer ministro para que <strong>se dote al pa\u00eds de un Presupuesto en 2026<\/strong> durante enero, en el que se contemplar\u00eda con un <strong>d\u00e9ficit del 5 % del PIB<\/strong> para el pr\u00f3ximo a\u00f1o. <\/p>\n<p> Una vez sea validada esta tarde-noche por el <strong>Senado<\/strong>, la ley especial entrar\u00e1 en vigor y ser\u00e1 cuando <strong>Lecornu<\/strong> realice una corta alocuci\u00f3n al pa\u00eds sobre la importancia de contar con unos presupuestos en 2026. <\/p>\n<p> Los <strong>diputados franceses<\/strong> aprobaron este martes por unanimidad la <strong>ley especial<\/strong> presentada el lunes por el <strong>Gobierno<\/strong> y que permite <strong>la continuidad de los ingresos y gastos del Estado<\/strong> ante la falta de presupuestos para 2026. <\/p>\n","protected":false},"excerpt":{"rendered":"Los diputados franceses aprobaron este martes por unanimidad la ley especial presentada el lunes por el Gobierno y&hellip;\n","protected":false},"author":2,"featured_media":303839,"comment_status":"","ping_status":"","sticky":false,"template":"","format":"standard","meta":{"footnotes":""},"categories":[42],"tags":[17,18,13,14,11,61,62,63,64,19,20,9,10,15,16,12,21,22,65,66,67],"class_list":{"0":"post-303838","1":"post","2":"type-post","3":"status-publish","4":"format-standard","5":"has-post-thumbnail","7":"category-internacional","8":"tag-breaking-news","9":"tag-breakingnews","10":"tag-featured-news","11":"tag-featurednews","12":"tag-headlines","13":"tag-internacional","14":"tag-international","15":"tag-international-news","16":"tag-internationalnews","17":"tag-latest-news","18":"tag-latestnews","19":"tag-news","20":"tag-noticias","21":"tag-noticias-destacadas","22":"tag-noticiasdestacadas","23":"tag-titulares","24":"tag-ultimas-noticias","25":"tag-ultimasnoticias","26":"tag-world","27":"tag-world-news","28":"tag-worldnews"},"share_on_mastodon":{"url":"https:\/\/pubeurope.com\/@es\/115770746236857091","error":""},"_links":{"self":[{"href":"https:\/\/www.europesays.com\/es\/wp-json\/wp\/v2\/posts\/303838","targetHints":{"allow":["GET"]}}],"collection":[{"href":"https:\/\/www.europesays.com\/es\/wp-json\/wp\/v2\/posts"}],"about":[{"href":"https:\/\/www.europesays.com\/es\/wp-json\/wp\/v2\/types\/post"}],"author":[{"embeddable":true,"href":"https:\/\/www.europesays.com\/es\/wp-json\/wp\/v2\/users\/2"}],"replies":[{"embeddable":true,"href":"https:\/\/www.europesays.com\/es\/wp-json\/wp\/v2\/comments?post=303838"}],"version-history":[{"count":0,"href":"https:\/\/www.europesays.com\/es\/wp-json\/wp\/v2\/posts\/303838\/revisions"}],"wp:featuredmedia":[{"embeddable":true,"href":"https:\/\/www.europesays.com\/es\/wp-json\/wp\/v2\/media\/303839"}],"wp:attachment":[{"href":"https:\/\/www.europesays.com\/es\/wp-json\/wp\/v2\/media?parent=303838"}],"wp:term":[{"taxonomy":"category","embeddable":true,"href":"https:\/\/www.europesays.com\/es\/wp-json\/wp\/v2\/categories?post=303838"},{"taxonomy":"post_tag","embeddable":true,"href":"https:\/\/www.europesays.com\/es\/wp-json\/wp\/v2\/tags?post=303838"}],"curies":[{"name":"wp","href":"https:\/\/api.w.org\/{rel}","templated":true}]}}