{"id":303840,"date":"2025-12-23T20:22:39","date_gmt":"2025-12-23T20:22:39","guid":{"rendered":"https:\/\/www.europesays.com\/es\/303840\/"},"modified":"2025-12-23T20:22:39","modified_gmt":"2025-12-23T20:22:39","slug":"detenidos-los-dos-hombres-atrincherados-en-elche-acusados-de-un-doble-homicidio","status":"publish","type":"post","link":"https:\/\/www.europesays.com\/es\/303840\/","title":{"rendered":"Detenidos los dos hombres atrincherados en Elche acusados de un doble homicidio"},"content":{"rendered":"<p>Agentes de la Guardia Civil <strong>han detenido sobre las 14.00 horas de este martes a los dos presuntos autores del homicidio de dos personas <\/strong>y de la agresi\u00f3n a otra, que permanece ingresada en un centro hospitalario, despu\u00e9s de que hayan estado atrincherados en una vivienda de la pedan\u00eda de La Marina, que pertenece a Elche (Alicante).<\/p>\n<p>Fuentes de la Benem\u00e9rita han informado de que el juzgado que dirige la causa sobre estos hechos <strong>ha decretado el secreto de las actuaciones<\/strong>, por lo que de momento no han trascendido m\u00e1s datos al respecto.<\/p>\n<p>Desde el instituto armado han precisado que todo ocurri\u00f3 este lunes sobre las 18.00 horas. <strong>Adem\u00e1s de los dos fallecidos, hay un herido ingresado en un centro hospitalario<\/strong>. Las tres v\u00edctimas son de nacionalidad alemana.<\/p>\n<p><img fetchpriority=\"high\" decoding=\"async\" width=\"1024\" height=\"576\" src=\"https:\/\/www.europesays.com\/es\/wp-content\/uploads\/2025\/12\/79ddabdc53fea7b840a4581416b4983ef0d13487-1-1024x576.jpg\" alt=\"\" class=\"wp-image-3906218\"  \/>Momento del arresto de uno de los autores del crimen. | EFE\/ Morell<\/p>\n<p>Seg\u00fan las mismas fuentes, los presuntos autores son esos dos hombres, de nacionalidad polaca, <strong>quienes han estado en el interior de esa vivienda en una zona aislada<\/strong>. Finalmente, han sido arrestados en el marco de un amplio dispositivo que ha dirigido la Guardia Civil.<\/p>\n<p>Asimismo, han concretado que no hay indicios de que haya armas de fuego en este suceso y, aunque en un primer momento se ha descartado que detr\u00e1s de estos hechos haya un ajuste de cuentas, la investigaci\u00f3n contin\u00faa para determinar qu\u00e9 ha podido pasar.<\/p>\n<p>Reincidentes<\/p>\n<p>El alcalde de Elche (Alicante), Pablo Ruz, ha asegurado que los dos detenidos como presuntos autores del doble homicidio en la pedan\u00eda ilicitana de La Marina<strong> son \u00abreincidentes\u00bb porque supuestamente realizaron un \u00abintento de okupaci\u00f3n de vivienda\u00bb<\/strong>. Tambi\u00e9n ha indicado que fueron arrestados <strong>\u00aben tres ocasiones\u00bb<\/strong> anteriores y que \u00aba las pocas horas\u00bb estaban \u00aben la calle\u00bb, por lo que ha lamentado \u00abfallos del sistema\u00bb por \u00ablas consecuencias de la laxitud de la ley\u00bb.<\/p>\n<p>El primer edil de Elche, quien ha insistido en que est\u00e1 decretado ese secreto de sumario, ha aseverado que los presuntos autores \u00abson reincidentes\u00bb y, <strong>\u00abadem\u00e1s, reincidentes con arresto\u00bb por parte de la Polic\u00eda Local y de la Guardia Civil<\/strong>.<\/p>\n<p>\u00abA pesar del arresto han estado en la calle y esto es grav\u00edsimo, esto es muy grave y esto demuestra que tanto las leyes como los responsables de que las leyes se cumplan <strong>evidentemente hacen aguas y esto como alcalde lo tengo que denunciar<\/strong>\u00bb, ha afirmado.<\/p>\n<p>En esta l\u00ednea, ha sostenido que \u00abla reincidencia es un problema grav\u00edsimo y, en el caso de estos individuos\u00bb, <strong>\u00abse ha llevado por delante la vida de dos personas\u00bb<\/strong>. \u00abY esto es muy grave, muy gordo y es inmoral\u00bb, ha resaltado.<\/p>\n","protected":false},"excerpt":{"rendered":"Agentes de la Guardia Civil han detenido sobre las 14.00 horas de este martes a los dos presuntos&hellip;\n","protected":false},"author":2,"featured_media":303841,"comment_status":"","ping_status":"","sticky":false,"template":"","format":"standard","meta":{"footnotes":""},"categories":[8],"tags":[2206,17,18,2006,25,24,13,14,1160,11,19,20,5161,9,10,15,16,23,12,21,22],"class_list":{"0":"post-303840","1":"post","2":"type-post","3":"status-publish","4":"format-standard","5":"has-post-thumbnail","7":"category-espana","8":"tag-alicante","9":"tag-breaking-news","10":"tag-breakingnews","11":"tag-elche","12":"tag-es","13":"tag-espana","14":"tag-featured-news","15":"tag-featurednews","16":"tag-guardia-civil","17":"tag-headlines","18":"tag-latest-news","19":"tag-latestnews","20":"tag-muertos","21":"tag-news","22":"tag-noticias","23":"tag-noticias-destacadas","24":"tag-noticiasdestacadas","25":"tag-spain","26":"tag-titulares","27":"tag-ultimas-noticias","28":"tag-ultimasnoticias"},"share_on_mastodon":{"url":"https:\/\/pubeurope.com\/@es\/115770749586857316","error":""},"_links":{"self":[{"href":"https:\/\/www.europesays.com\/es\/wp-json\/wp\/v2\/posts\/303840","targetHints":{"allow":["GET"]}}],"collection":[{"href":"https:\/\/www.europesays.com\/es\/wp-json\/wp\/v2\/posts"}],"about":[{"href":"https:\/\/www.europesays.com\/es\/wp-json\/wp\/v2\/types\/post"}],"author":[{"embeddable":true,"href":"https:\/\/www.europesays.com\/es\/wp-json\/wp\/v2\/users\/2"}],"replies":[{"embeddable":true,"href":"https:\/\/www.europesays.com\/es\/wp-json\/wp\/v2\/comments?post=303840"}],"version-history":[{"count":0,"href":"https:\/\/www.europesays.com\/es\/wp-json\/wp\/v2\/posts\/303840\/revisions"}],"wp:featuredmedia":[{"embeddable":true,"href":"https:\/\/www.europesays.com\/es\/wp-json\/wp\/v2\/media\/303841"}],"wp:attachment":[{"href":"https:\/\/www.europesays.com\/es\/wp-json\/wp\/v2\/media?parent=303840"}],"wp:term":[{"taxonomy":"category","embeddable":true,"href":"https:\/\/www.europesays.com\/es\/wp-json\/wp\/v2\/categories?post=303840"},{"taxonomy":"post_tag","embeddable":true,"href":"https:\/\/www.europesays.com\/es\/wp-json\/wp\/v2\/tags?post=303840"}],"curies":[{"name":"wp","href":"https:\/\/api.w.org\/{rel}","templated":true}]}}