{"id":303842,"date":"2025-12-23T20:23:21","date_gmt":"2025-12-23T20:23:21","guid":{"rendered":"https:\/\/www.europesays.com\/es\/303842\/"},"modified":"2025-12-23T20:23:21","modified_gmt":"2025-12-23T20:23:21","slug":"quizas-los-ciudadanos-no-estan-sufriendo-las-consecuencias-de-esa-involucion","status":"publish","type":"post","link":"https:\/\/www.europesays.com\/es\/303842\/","title":{"rendered":"Quiz\u00e1s los ciudadanos no est\u00e1n sufriendo las consecuencias de esa involuci\u00f3n"},"content":{"rendered":"<p>                <img decoding=\"async\" class=\"lazy\" loading=\"lazy\" data-src=\"https:\/\/static.eldiario.es\/clip\/2230586e-6d4f-4801-a635-722b7e0b55ba_16-9-aspect-ratio_default_0.jpg\" src=\"data:image\/svg+xml,%3Csvg xmlns=\" http:=\"\" viewbox=\"0 0 16 9\" alt=\"La ministra de Seguridad Social, Inclusi\u00f3n y Migraciones y nueva portavoz del Gobierno, Elma Saiz.\"\/><\/p>\n<p class=\"article-text\">\n        El Gobierno coge con ganas el par\u00f3n navide\u00f1o tras la debacle de los socialistas en Extremadura que todav\u00eda est\u00e1n digiriendo, pero con poca autocr\u00edtica, m\u00e1s all\u00e1 del candidato, el \u201cjuego sucio\u201d y la falta de movilizaci\u00f3n del electorado. La portavoz, Elma Saiz, ha atribuido en buena medida el auge de PP y Vox, que suman el 60% en Extremadura, a que \u201cquiz\u00e1s la ciudadan\u00eda no est\u00e1 sufriendo las consecuencias de esos gobiernos, no est\u00e1n sufriendo las consecuencias de esa involuci\u00f3n\u201d de sus pol\u00edticas todav\u00eda. \u201cEl Gobierno est\u00e1 saliendo al rescate\u201d, dicen en Moncloa.\n    <\/p>\n<p class=\"article-text\">\n        \u201cMe duele que la participaci\u00f3n haya sido la m\u00ednima hist\u00f3rica, ha ca\u00eddo m\u00e1s de ocho puntos y me duele c\u00f3mo la ultraderecha ha duplicado su presencia en el Parlamento. El PP, Guardiola, decidi\u00f3 esa convocatoria porque quer\u00eda desprenderse de Vox y lo que ha conseguido es estar m\u00e1s unido que nunca. Apelo a la responsabilidad de todas las fuerzas pol\u00edticas de preservar de la presencia en las instituciones de aquellos que quieren acabar con las instituciones\u201d, ha dicho Saiz.\n    <\/p>\n<p class=\"article-text\">\n        En el Gobierno descartan, no obstante, que esas palabras supongan que los socialistas permitan gobernar a Guardiola para mantener un cord\u00f3n sanitario a la ultraderecha. \u201cResponsabilidad hay que pedir al responsable y, en este caso, tiene nombres y apellidos: el PP de Feij\u00f3o y de Guardiola. No solo est\u00e1 pactando con la ultraderecha, est\u00e1 llevando a cabo pol\u00edticas de ultraderecha\u201d, ha agregado la portavoz.\n    <\/p>\n<p class=\"article-text\">\n        Informa Irene Castro.\n    <\/p>\n","protected":false},"excerpt":{"rendered":"El Gobierno coge con ganas el par\u00f3n navide\u00f1o tras la debacle de los socialistas en Extremadura que todav\u00eda&hellip;\n","protected":false},"author":2,"featured_media":303843,"comment_status":"","ping_status":"","sticky":false,"template":"","format":"standard","meta":{"footnotes":""},"categories":[5],"tags":[517,17,18,2125,25,24,13,14,11,1458,19,20,9,10,15,16,952,23,12,1885,21,22],"class_list":{"0":"post-303842","1":"post","2":"type-post","3":"status-publish","4":"format-standard","5":"has-post-thumbnail","7":"category-titulares","8":"tag-actualidad","9":"tag-breaking-news","10":"tag-breakingnews","11":"tag-directo","12":"tag-es","13":"tag-espana","14":"tag-featured-news","15":"tag-featurednews","16":"tag-headlines","17":"tag-hora","18":"tag-latest-news","19":"tag-latestnews","20":"tag-news","21":"tag-noticias","22":"tag-noticias-destacadas","23":"tag-noticiasdestacadas","24":"tag-politica","25":"tag-spain","26":"tag-titulares","27":"tag-ultima","28":"tag-ultimas-noticias","29":"tag-ultimasnoticias"},"share_on_mastodon":{"url":"https:\/\/pubeurope.com\/@es\/115770753193240925","error":""},"_links":{"self":[{"href":"https:\/\/www.europesays.com\/es\/wp-json\/wp\/v2\/posts\/303842","targetHints":{"allow":["GET"]}}],"collection":[{"href":"https:\/\/www.europesays.com\/es\/wp-json\/wp\/v2\/posts"}],"about":[{"href":"https:\/\/www.europesays.com\/es\/wp-json\/wp\/v2\/types\/post"}],"author":[{"embeddable":true,"href":"https:\/\/www.europesays.com\/es\/wp-json\/wp\/v2\/users\/2"}],"replies":[{"embeddable":true,"href":"https:\/\/www.europesays.com\/es\/wp-json\/wp\/v2\/comments?post=303842"}],"version-history":[{"count":0,"href":"https:\/\/www.europesays.com\/es\/wp-json\/wp\/v2\/posts\/303842\/revisions"}],"wp:featuredmedia":[{"embeddable":true,"href":"https:\/\/www.europesays.com\/es\/wp-json\/wp\/v2\/media\/303843"}],"wp:attachment":[{"href":"https:\/\/www.europesays.com\/es\/wp-json\/wp\/v2\/media?parent=303842"}],"wp:term":[{"taxonomy":"category","embeddable":true,"href":"https:\/\/www.europesays.com\/es\/wp-json\/wp\/v2\/categories?post=303842"},{"taxonomy":"post_tag","embeddable":true,"href":"https:\/\/www.europesays.com\/es\/wp-json\/wp\/v2\/tags?post=303842"}],"curies":[{"name":"wp","href":"https:\/\/api.w.org\/{rel}","templated":true}]}}